{"id":12446,"date":"2026-04-01T19:35:11","date_gmt":"2026-04-01T19:35:11","guid":{"rendered":"https:\/\/centros.uepb.edu.br\/ccbsa\/?p=12446"},"modified":"2026-04-01T19:37:38","modified_gmt":"2026-04-01T19:37:38","slug":"cursos-do-limite-do-visivel-de-joao-pessoa-iniciam-semestre-2026-1-com-uma-programacao-de-acolhida","status":"publish","type":"post","link":"https:\/\/centros.uepb.edu.br\/ccbsa\/cursos-do-limite-do-visivel-de-joao-pessoa-iniciam-semestre-2026-1-com-uma-programacao-de-acolhida\/","title":{"rendered":"Cursos do Limite do Vis\u00edvel de Jo\u00e3o Pessoa iniciam semestre 2026.1 com uma programa\u00e7\u00e3o de acolhida"},"content":{"rendered":"<p><a href=\"https:\/\/centros.uepb.edu.br\/ccbsa\/files\/2026\/04\/WhatsApp-Image-2026-04-01-at-16.13.31.jpeg\"><img loading=\"lazy\" decoding=\"async\" class=\"aligncenter size-full wp-image-12451 img-responsive\" src=\"https:\/\/centros.uepb.edu.br\/ccbsa\/files\/2026\/04\/WhatsApp-Image-2026-04-01-at-16.13.31.jpeg\" alt=\"\" width=\"1200\" height=\"680\" srcset=\"https:\/\/centros.uepb.edu.br\/ccbsa\/files\/2026\/04\/WhatsApp-Image-2026-04-01-at-16.13.31.jpeg 1200w, https:\/\/centros.uepb.edu.br\/ccbsa\/files\/2026\/04\/WhatsApp-Image-2026-04-01-at-16.13.31-300x170.jpeg 300w, https:\/\/centros.uepb.edu.br\/ccbsa\/files\/2026\/04\/WhatsApp-Image-2026-04-01-at-16.13.31-1120x635.jpeg 1120w\" sizes=\"auto, (max-width: 1200px) 100vw, 1200px\" \/><\/a><\/p>\n<p>Com a participa\u00e7\u00e3o de docentes e estudantes novatos e veteranos foi realizada, nesta quarta-feira (1), pela manh\u00e3, a programa\u00e7\u00e3o de abertura do semestre 2026.1 dos cursos de An\u00e1lise e Desenvolvimento de Sistemas (ADS) e Ci\u00eancias de Dados (CD) do Projeto Limite do Vis\u00edvel em Jo\u00e3o Pessoa. O referido Projeto \u00e9 realizado pelo Governo do Estado da Para\u00edba, por meio da Secretaria de Estado da Ci\u00eancia, Tecnologia, Inova\u00e7\u00e3o e Ensino Superior (Secties), Universidade Estadual da Para\u00edba (UEPB) e Funda\u00e7\u00e3o de Apoio \u00e0 Pesquisa (Fapesq).<\/p>\n<p>Realizaram a abertura do evento a coordenadora de processos e articula\u00e7\u00e3o institucional do Limite do Vis\u00edvel Cely Alana Modesto, os coordenadores de ADS e CD, respectivamente, professor Elder Oliveira e professor Jos\u00e9 Wilker Silva, que fizeram uma breve fala de acolhida; as coordenadoras de est\u00e1gio dos cursos, professoras Else Caroline de Ara\u00fajo e Ana Caroline Ramos, que mencionaram as possibilidades de est\u00e1gio ao longo do curso; e os estudantes Everton Jos\u00e9 e Kayllan Fernandes, que fizeram alguns relatos de experi\u00eancia para os novatos.<\/p>\n<p><a href=\"https:\/\/centros.uepb.edu.br\/ccbsa\/files\/2026\/04\/WhatsApp-Image-2026-04-01-at-11.13.51.jpeg\"><img loading=\"lazy\" decoding=\"async\" class=\"aligncenter size-full wp-image-12448 img-responsive\" src=\"https:\/\/centros.uepb.edu.br\/ccbsa\/files\/2026\/04\/WhatsApp-Image-2026-04-01-at-11.13.51.jpeg\" alt=\"\" width=\"1200\" height=\"680\" srcset=\"https:\/\/centros.uepb.edu.br\/ccbsa\/files\/2026\/04\/WhatsApp-Image-2026-04-01-at-11.13.51.jpeg 1200w, https:\/\/centros.uepb.edu.br\/ccbsa\/files\/2026\/04\/WhatsApp-Image-2026-04-01-at-11.13.51-300x170.jpeg 300w, https:\/\/centros.uepb.edu.br\/ccbsa\/files\/2026\/04\/WhatsApp-Image-2026-04-01-at-11.13.51-1120x635.jpeg 1120w\" sizes=\"auto, (max-width: 1200px) 100vw, 1200px\" \/><\/a><\/p>\n<p>Na oportunidade, foi realizada uma exposi\u00e7\u00e3o dos trabalhos desenvolvidos pelos estudantes veteranos nos componentes curriculares, projetos de pesquisa e extens\u00e3o e Trabalhos de Conclus\u00e3o de Curso. Durante a mostra os estudantes puderam ter contato com solu\u00e7\u00f5es pr\u00e1ticas nas \u00e1reas de ADS e CD, e conhecer um pouco das tecnologias utilizadas, as metodologias de trabalho, as etapas de desenvolvimento.<\/p>\n<p>O Limite do Vis\u00edvel tem como prop\u00f3sito formar profissionais em \u00e1reas estrat\u00e9gicas para o desenvolvimento tecnol\u00f3gico da Para\u00edba, por meio de cursos superiores com certifica\u00e7\u00e3o da UEPB. A proposta \u00e9 aliar qualifica\u00e7\u00e3o t\u00e9cnica, inova\u00e7\u00e3o e inclus\u00e3o social. Para tanto, s\u00e3o ofertadas vagas nos cursos de An\u00e1lise e Desenvolvimento de Sistemas e Ci\u00eancia de Dados para jovens que conclu\u00edram o Ensino M\u00e9dio em escolas da rede estadual de Ensino da Para\u00edba. Os(as) selecionados(as) recebem uma bolsa estudantil mensal de R$ 1 mil durante todo o per\u00edodo de forma\u00e7\u00e3o.<\/p>\n<p><strong>Texto e fotos:<\/strong> Juliana Marques.<\/p>\n\n\t\t<style type=\"text\/css\">\n\t\t\t#gallery-1 {\n\t\t\t\tmargin: auto;\n\t\t\t}\n\t\t\t#gallery-1 .gallery-item {\n\t\t\t\tfloat: left;\n\t\t\t\tmargin-top: 10px;\n\t\t\t\ttext-align: center;\n\t\t\t\twidth: 100%;\n\t\t\t}\n\t\t\t#gallery-1 img {\n\t\t\t\tborder: 2px solid #cfcfcf;\n\t\t\t}\n\t\t\t#gallery-1 .gallery-caption {\n\t\t\t\tmargin-left: 0;\n\t\t\t}\n\t\t\t\/* see gallery_shortcode() in wp-includes\/media.php *\/\n\t\t<\/style>\n\t\t<div id='gallery-1' class='gallery galleryid-12446 gallery-columns-1 gallery-size-full'><dl class='gallery-item'>\n\t\t\t<dt class='gallery-icon landscape'>\n\t\t\t\t<a href='https:\/\/centros.uepb.edu.br\/ccbsa\/files\/2026\/04\/WhatsApp-Image-2026-04-01-at-11.14.20.jpeg'><img loading=\"lazy\" decoding=\"async\" width=\"1200\" height=\"680\" src=\"https:\/\/centros.uepb.edu.br\/ccbsa\/files\/2026\/04\/WhatsApp-Image-2026-04-01-at-11.14.20.jpeg\" class=\"attachment-full size-full\" alt=\"\" srcset=\"https:\/\/centros.uepb.edu.br\/ccbsa\/files\/2026\/04\/WhatsApp-Image-2026-04-01-at-11.14.20.jpeg 1200w, https:\/\/centros.uepb.edu.br\/ccbsa\/files\/2026\/04\/WhatsApp-Image-2026-04-01-at-11.14.20-300x170.jpeg 300w, https:\/\/centros.uepb.edu.br\/ccbsa\/files\/2026\/04\/WhatsApp-Image-2026-04-01-at-11.14.20-1120x635.jpeg 1120w\" sizes=\"auto, (max-width: 1200px) 100vw, 1200px\" \/><\/a>\n\t\t\t<\/dt><\/dl><br style=\"clear: both\" \/><dl class='gallery-item'>\n\t\t\t<dt class='gallery-icon landscape'>\n\t\t\t\t<a href='https:\/\/centros.uepb.edu.br\/ccbsa\/files\/2026\/04\/WhatsApp-Image-2026-04-01-at-11.14.13.jpeg'><img loading=\"lazy\" decoding=\"async\" width=\"1200\" height=\"680\" src=\"https:\/\/centros.uepb.edu.br\/ccbsa\/files\/2026\/04\/WhatsApp-Image-2026-04-01-at-11.14.13.jpeg\" class=\"attachment-full size-full\" alt=\"\" srcset=\"https:\/\/centros.uepb.edu.br\/ccbsa\/files\/2026\/04\/WhatsApp-Image-2026-04-01-at-11.14.13.jpeg 1200w, https:\/\/centros.uepb.edu.br\/ccbsa\/files\/2026\/04\/WhatsApp-Image-2026-04-01-at-11.14.13-300x170.jpeg 300w, https:\/\/centros.uepb.edu.br\/ccbsa\/files\/2026\/04\/WhatsApp-Image-2026-04-01-at-11.14.13-1120x635.jpeg 1120w\" sizes=\"auto, (max-width: 1200px) 100vw, 1200px\" \/><\/a>\n\t\t\t<\/dt><\/dl><br style=\"clear: both\" \/><dl class='gallery-item'>\n\t\t\t<dt class='gallery-icon landscape'>\n\t\t\t\t<a href='https:\/\/centros.uepb.edu.br\/ccbsa\/files\/2026\/04\/WhatsApp-Image-2026-04-01-at-11.14.00.jpeg'><img loading=\"lazy\" decoding=\"async\" width=\"1200\" height=\"680\" src=\"https:\/\/centros.uepb.edu.br\/ccbsa\/files\/2026\/04\/WhatsApp-Image-2026-04-01-at-11.14.00.jpeg\" class=\"attachment-full size-full\" alt=\"\" srcset=\"https:\/\/centros.uepb.edu.br\/ccbsa\/files\/2026\/04\/WhatsApp-Image-2026-04-01-at-11.14.00.jpeg 1200w, https:\/\/centros.uepb.edu.br\/ccbsa\/files\/2026\/04\/WhatsApp-Image-2026-04-01-at-11.14.00-300x170.jpeg 300w, https:\/\/centros.uepb.edu.br\/ccbsa\/files\/2026\/04\/WhatsApp-Image-2026-04-01-at-11.14.00-1120x635.jpeg 1120w\" sizes=\"auto, (max-width: 1200px) 100vw, 1200px\" \/><\/a>\n\t\t\t<\/dt><\/dl><br style=\"clear: both\" \/>\n\t\t<\/div>\n\n","protected":false},"excerpt":{"rendered":"<p>Com a participa\u00e7\u00e3o de docentes e estudantes novatos e veteranos foi realizada, nesta quarta-feira (1), pela manh\u00e3, a programa\u00e7\u00e3o de abertura do semestre 2026.1 dos cursos de An\u00e1lise e Desenvolvimento de Sistemas (ADS) e Ci\u00eancias de Dados (CD) do Projeto Limite do Vis\u00edvel em Jo\u00e3o Pessoa. O referido Projeto \u00e9 realizado pelo Governo do Estado <a class=\"leiamais\" href=\"https:\/\/centros.uepb.edu.br\/ccbsa\/cursos-do-limite-do-visivel-de-joao-pessoa-iniciam-semestre-2026-1-com-uma-programacao-de-acolhida\/\">Leia Mais&#8230;<\/a><\/p>\n","protected":false},"author":8,"featured_media":12447,"comment_status":"closed","ping_status":"closed","sticky":false,"template":"","format":"standard","meta":{"footnotes":""},"categories":[3,11],"tags":[],"class_list":["post-12446","post","type-post","status-publish","format-standard","has-post-thumbnail","hentry","category-noticias","category-noticias-destaque-img"],"jetpack_featured_media_url":"https:\/\/centros.uepb.edu.br\/ccbsa\/files\/2026\/04\/WhatsApp-Image-2026-04-01-at-11.14.00.jpeg","_links":{"self":[{"href":"https:\/\/centros.uepb.edu.br\/ccbsa\/wp-json\/wp\/v2\/posts\/12446","targetHints":{"allow":["GET"]}}],"collection":[{"href":"https:\/\/centros.uepb.edu.br\/ccbsa\/wp-json\/wp\/v2\/posts"}],"about":[{"href":"https:\/\/centros.uepb.edu.br\/ccbsa\/wp-json\/wp\/v2\/types\/post"}],"author":[{"embeddable":true,"href":"https:\/\/centros.uepb.edu.br\/ccbsa\/wp-json\/wp\/v2\/users\/8"}],"replies":[{"embeddable":true,"href":"https:\/\/centros.uepb.edu.br\/ccbsa\/wp-json\/wp\/v2\/comments?post=12446"}],"version-history":[{"count":3,"href":"https:\/\/centros.uepb.edu.br\/ccbsa\/wp-json\/wp\/v2\/posts\/12446\/revisions"}],"predecessor-version":[{"id":12454,"href":"https:\/\/centros.uepb.edu.br\/ccbsa\/wp-json\/wp\/v2\/posts\/12446\/revisions\/12454"}],"wp:featuredmedia":[{"embeddable":true,"href":"https:\/\/centros.uepb.edu.br\/ccbsa\/wp-json\/wp\/v2\/media\/12447"}],"wp:attachment":[{"href":"https:\/\/centros.uepb.edu.br\/ccbsa\/wp-json\/wp\/v2\/media?parent=12446"}],"wp:term":[{"taxonomy":"category","embeddable":true,"href":"https:\/\/centros.uepb.edu.br\/ccbsa\/wp-json\/wp\/v2\/categories?post=12446"},{"taxonomy":"post_tag","embeddable":true,"href":"https:\/\/centros.uepb.edu.br\/ccbsa\/wp-json\/wp\/v2\/tags?post=12446"}],"curies":[{"name":"wp","href":"https:\/\/api.w.org\/{rel}","templated":true}]}}