{"id":12409,"date":"2026-03-12T14:58:52","date_gmt":"2026-03-12T14:58:52","guid":{"rendered":"https:\/\/centros.uepb.edu.br\/ccbsa\/?p=12409"},"modified":"2026-03-12T14:58:52","modified_gmt":"2026-03-12T14:58:52","slug":"campus-v-da-uepb-promove-ato-no-banco-vermelho-e-recebe-exposicao-mulheres-que-escrevem-a-justica","status":"publish","type":"post","link":"https:\/\/centros.uepb.edu.br\/ccbsa\/campus-v-da-uepb-promove-ato-no-banco-vermelho-e-recebe-exposicao-mulheres-que-escrevem-a-justica\/","title":{"rendered":"C\u00e2mpus V da UEPB promove ato no Banco Vermelho e recebe exposi\u00e7\u00e3o \u201cMulheres que escrevem a Justi\u00e7a\u201d"},"content":{"rendered":"<p><a href=\"https:\/\/centros.uepb.edu.br\/ccbsa\/files\/2026\/03\/WhatsApp-Image-2026-03-12-at-11.39.59.jpeg\"><img loading=\"lazy\" decoding=\"async\" class=\"aligncenter size-full wp-image-12410 img-responsive\" src=\"https:\/\/centros.uepb.edu.br\/ccbsa\/files\/2026\/03\/WhatsApp-Image-2026-03-12-at-11.39.59.jpeg\" alt=\"\" width=\"1200\" height=\"680\" srcset=\"https:\/\/centros.uepb.edu.br\/ccbsa\/files\/2026\/03\/WhatsApp-Image-2026-03-12-at-11.39.59.jpeg 1200w, https:\/\/centros.uepb.edu.br\/ccbsa\/files\/2026\/03\/WhatsApp-Image-2026-03-12-at-11.39.59-300x170.jpeg 300w, https:\/\/centros.uepb.edu.br\/ccbsa\/files\/2026\/03\/WhatsApp-Image-2026-03-12-at-11.39.59-1120x635.jpeg 1120w\" sizes=\"auto, (max-width: 1200px) 100vw, 1200px\" \/><\/a><\/p>\n<p>O C\u00e2mpus V da Universidade Estadual da Para\u00edba (UEPB), por meio do Centro de Ci\u00eancias Biol\u00f3gicas e Sociais Aplicadas (CCBSA), promoveu, entre os dias 10 e 12 de mar\u00e7o, uma programa\u00e7\u00e3o especial alusiva ao Dia Internacional da Mulher, celebrado em 8 de mar\u00e7o. As atividades reuniram momentos de acolhimento, reflex\u00e3o e mobiliza\u00e7\u00e3o em torno do enfrentamento \u00e0 viol\u00eancia contra a mulher e da valoriza\u00e7\u00e3o da participa\u00e7\u00e3o feminina nos espa\u00e7os institucionais e acad\u00eamicos.<\/p>\n<p>A programa\u00e7\u00e3o teve in\u00edcio no dia 10 de mar\u00e7o, com um caf\u00e9 da manh\u00e3 dedicado \u00e0s servidoras do CCBSA, realizado no pr\u00e9dio administrativo do c\u00e2mpus. O momento foi marcado pela integra\u00e7\u00e3o e pelo reconhecimento da contribui\u00e7\u00e3o das mulheres que atuam no cotidiano da institui\u00e7\u00e3o.<\/p>\n<p><a href=\"https:\/\/centros.uepb.edu.br\/ccbsa\/files\/2026\/03\/WhatsApp-Image-2026-03-12-at-11.29.09.jpeg\"><img loading=\"lazy\" decoding=\"async\" class=\"aligncenter size-full wp-image-12411 img-responsive\" src=\"https:\/\/centros.uepb.edu.br\/ccbsa\/files\/2026\/03\/WhatsApp-Image-2026-03-12-at-11.29.09.jpeg\" alt=\"\" width=\"1200\" height=\"680\" srcset=\"https:\/\/centros.uepb.edu.br\/ccbsa\/files\/2026\/03\/WhatsApp-Image-2026-03-12-at-11.29.09.jpeg 1200w, https:\/\/centros.uepb.edu.br\/ccbsa\/files\/2026\/03\/WhatsApp-Image-2026-03-12-at-11.29.09-300x170.jpeg 300w, https:\/\/centros.uepb.edu.br\/ccbsa\/files\/2026\/03\/WhatsApp-Image-2026-03-12-at-11.29.09-1120x635.jpeg 1120w\" sizes=\"auto, (max-width: 1200px) 100vw, 1200px\" \/><\/a><\/p>\n<p>J\u00e1 na manh\u00e3 desta ter\u00e7a-feira (11), foi realizado um ato simb\u00f3lico no Banco Vermelho, instalado no C\u00e2mpus V em agosto de 2024 como s\u00edmbolo de enfrentamento \u00e0 viol\u00eancia contra a mulher. Durante a atividade, foi inaugurado um QR Code fixado no local, que disponibiliza informa\u00e7\u00f5es adicionais sobre a iniciativa e indica canais de orienta\u00e7\u00e3o e apoio a mulheres em situa\u00e7\u00e3o de viol\u00eancia.<\/p>\n<p>A diretora do CCBSA, professora Br\u00edgida Lucena, destacou a import\u00e2ncia de iniciativas institucionais que ampliem o debate e a conscientiza\u00e7\u00e3o sobre a viol\u00eancia de g\u00eanero. Segundo ela, a\u00e7\u00f5es como o Banco Vermelho fortalecem o compromisso da universidade com a promo\u00e7\u00e3o de uma cultura de respeito e com a defesa dos direitos das mulheres, al\u00e9m de incentivar a mobiliza\u00e7\u00e3o da comunidade acad\u00eamica em torno do tema. A gestora tamb\u00e9m elogiou a realiza\u00e7\u00e3o da exposi\u00e7\u00e3o da Biblioteca Itinerante \u201cMulheres que escrevem a Justi\u00e7a\u201d, ressaltando que iniciativas desse tipo contribuem para valorizar a produ\u00e7\u00e3o intelectual feminina e dar visibilidade \u00e0s reflex\u00f5es e pesquisas desenvolvidas por mulheres em diferentes \u00e1reas do conhecimento.<\/p>\n<p><a href=\"https:\/\/centros.uepb.edu.br\/ccbsa\/files\/2026\/03\/WhatsApp-Image-2026-03-12-at-11.29.14.jpeg\"><img loading=\"lazy\" decoding=\"async\" class=\"aligncenter size-full wp-image-12414 img-responsive\" src=\"https:\/\/centros.uepb.edu.br\/ccbsa\/files\/2026\/03\/WhatsApp-Image-2026-03-12-at-11.29.14.jpeg\" alt=\"\" width=\"1200\" height=\"680\" srcset=\"https:\/\/centros.uepb.edu.br\/ccbsa\/files\/2026\/03\/WhatsApp-Image-2026-03-12-at-11.29.14.jpeg 1200w, https:\/\/centros.uepb.edu.br\/ccbsa\/files\/2026\/03\/WhatsApp-Image-2026-03-12-at-11.29.14-300x170.jpeg 300w, https:\/\/centros.uepb.edu.br\/ccbsa\/files\/2026\/03\/WhatsApp-Image-2026-03-12-at-11.29.14-1120x635.jpeg 1120w\" sizes=\"auto, (max-width: 1200px) 100vw, 1200px\" \/><\/a><\/p>\n<p>Tamb\u00e9m participaram da atividade o coordenador do curso de Direito do CCBSA, professor Germano Ramalho, e a ju\u00edza Ana Am\u00e9lia Andrade Alecrim C\u00e2mara. Durante o evento, Germano Ramalho ressaltou a import\u00e2ncia da presen\u00e7a feminina nos espa\u00e7os de decis\u00e3o e destacou a necessidade de equil\u00edbrio nas estruturas institucionais. O docente tamb\u00e9m enfatizou o papel dos homens no enfrentamento \u00e0 viol\u00eancia contra as mulheres, defendendo maior engajamento masculino nessa luta.<\/p>\n<p>A programa\u00e7\u00e3o do dia 11 incluiu ainda a abertura da exposi\u00e7\u00e3o da Biblioteca Itinerante \u201cMulheres que escrevem a Justi\u00e7a\u201d, instalada no hall da Central de Aulas do CCBSA. A iniciativa \u00e9 promovida pelo Tribunal de Justi\u00e7a da Para\u00edba, por meio do Comit\u00ea de Incentivo \u00e0 Participa\u00e7\u00e3o Institucional Feminina, presidido pela desembargadora Maria de F\u00e1tima Bezerra Maranh\u00e3o, e conta com o apoio do curso de Direito do CCBSA.<\/p>\n<p>De acordo com a ju\u00edza Ana Am\u00e9lia Andrade Alecrim C\u00e2mara, integrante do comit\u00ea, a Biblioteca Itinerante foi idealizada para divulgar a produ\u00e7\u00e3o intelectual de mulheres que atuam em diferentes \u00e1reas do sistema de justi\u00e7a e da academia. A mostra re\u00fane cerca de 60 obras escritas por magistradas, promotoras, defensoras p\u00fablicas, advogadas, delegadas, servidoras e pesquisadoras, incluindo publica\u00e7\u00f5es de autoras vinculadas ao C\u00e2mpus V.<\/p>\n<p><a href=\"https:\/\/centros.uepb.edu.br\/ccbsa\/files\/2026\/03\/WhatsApp-Image-2026-03-12-at-11.51.22.jpeg\"><img loading=\"lazy\" decoding=\"async\" class=\"aligncenter size-full wp-image-12413 img-responsive\" src=\"https:\/\/centros.uepb.edu.br\/ccbsa\/files\/2026\/03\/WhatsApp-Image-2026-03-12-at-11.51.22.jpeg\" alt=\"\" width=\"1200\" height=\"680\" srcset=\"https:\/\/centros.uepb.edu.br\/ccbsa\/files\/2026\/03\/WhatsApp-Image-2026-03-12-at-11.51.22.jpeg 1200w, https:\/\/centros.uepb.edu.br\/ccbsa\/files\/2026\/03\/WhatsApp-Image-2026-03-12-at-11.51.22-300x170.jpeg 300w, https:\/\/centros.uepb.edu.br\/ccbsa\/files\/2026\/03\/WhatsApp-Image-2026-03-12-at-11.51.22-1120x635.jpeg 1120w\" sizes=\"auto, (max-width: 1200px) 100vw, 1200px\" \/><\/a><\/p>\n<p>&nbsp;<\/p>\n<p>Segundo a magistrada, o projeto integra o eixo de educa\u00e7\u00e3o do comit\u00ea e busca incentivar mulheres a publicarem suas reflex\u00f5es e ocuparem com protagonismo os espa\u00e7os acad\u00eamicos e institucionais. \u201cA ideia \u00e9 disseminar a produ\u00e7\u00e3o intelectual feminina e fortalecer a presen\u00e7a das mulheres na academia, nas universidades e nas institui\u00e7\u00f5es, ampliando sua participa\u00e7\u00e3o nos espa\u00e7os de decis\u00e3o\u201d, explicou.<\/p>\n<p>Entre as obras expostas, h\u00e1 publica\u00e7\u00f5es sobre diferentes temas, incluindo direitos humanos, sistema prisional e viol\u00eancia de g\u00eanero. Um dos destaques da mostra \u00e9 a se\u00e7\u00e3o dedicada a estudos sobre o protocolo de julgamento com perspectiva de g\u00eanero, institu\u00eddo pelo Conselho Nacional de Justi\u00e7a (CNJ), que orienta magistrados a considerar marcadores sociais como g\u00eanero, ra\u00e7a e classe nas decis\u00f5es judiciais, buscando promover maior equidade.<\/p>\n<p>Ao comentar a import\u00e2ncia de iniciativas voltadas ao enfrentamento da viol\u00eancia contra a mulher, a ju\u00edza destacou a necessidade de mobiliza\u00e7\u00e3o coletiva diante do crescimento dos casos de viol\u00eancia dom\u00e9stica. \u201cS\u00e3o dados alarmantes e toda a sociedade precisa se mobilizar. Parcerias com a academia s\u00e3o fundamentais para fortalecer a educa\u00e7\u00e3o para os direitos e ampliar a conscientiza\u00e7\u00e3o sobre a gravidade desse problema\u201d, afirmou.<\/p>\n<p>A programa\u00e7\u00e3o refor\u00e7a o compromisso da universidade com a promo\u00e7\u00e3o de a\u00e7\u00f5es educativas e de sensibiliza\u00e7\u00e3o voltadas \u00e0 equidade de g\u00eanero e ao enfrentamento da viol\u00eancia contra as mulheres.<\/p>\n<p><strong>Texto e fotos: <\/strong>Juliana Marques<\/p>\n","protected":false},"excerpt":{"rendered":"<p>O C\u00e2mpus V da Universidade Estadual da Para\u00edba (UEPB), por meio do Centro de Ci\u00eancias Biol\u00f3gicas e Sociais Aplicadas (CCBSA), promoveu, entre os dias 10 e 12 de mar\u00e7o, uma programa\u00e7\u00e3o especial alusiva ao Dia Internacional da Mulher, celebrado em 8 de mar\u00e7o. As atividades reuniram momentos de acolhimento, reflex\u00e3o e mobiliza\u00e7\u00e3o em torno do <a class=\"leiamais\" href=\"https:\/\/centros.uepb.edu.br\/ccbsa\/campus-v-da-uepb-promove-ato-no-banco-vermelho-e-recebe-exposicao-mulheres-que-escrevem-a-justica\/\">Leia Mais&#8230;<\/a><\/p>\n","protected":false},"author":8,"featured_media":12411,"comment_status":"closed","ping_status":"closed","sticky":false,"template":"","format":"standard","meta":{"footnotes":""},"categories":[3,11],"tags":[],"class_list":["post-12409","post","type-post","status-publish","format-standard","has-post-thumbnail","hentry","category-noticias","category-noticias-destaque-img"],"jetpack_featured_media_url":"https:\/\/centros.uepb.edu.br\/ccbsa\/files\/2026\/03\/WhatsApp-Image-2026-03-12-at-11.29.09.jpeg","_links":{"self":[{"href":"https:\/\/centros.uepb.edu.br\/ccbsa\/wp-json\/wp\/v2\/posts\/12409","targetHints":{"allow":["GET"]}}],"collection":[{"href":"https:\/\/centros.uepb.edu.br\/ccbsa\/wp-json\/wp\/v2\/posts"}],"about":[{"href":"https:\/\/centros.uepb.edu.br\/ccbsa\/wp-json\/wp\/v2\/types\/post"}],"author":[{"embeddable":true,"href":"https:\/\/centros.uepb.edu.br\/ccbsa\/wp-json\/wp\/v2\/users\/8"}],"replies":[{"embeddable":true,"href":"https:\/\/centros.uepb.edu.br\/ccbsa\/wp-json\/wp\/v2\/comments?post=12409"}],"version-history":[{"count":1,"href":"https:\/\/centros.uepb.edu.br\/ccbsa\/wp-json\/wp\/v2\/posts\/12409\/revisions"}],"predecessor-version":[{"id":12415,"href":"https:\/\/centros.uepb.edu.br\/ccbsa\/wp-json\/wp\/v2\/posts\/12409\/revisions\/12415"}],"wp:featuredmedia":[{"embeddable":true,"href":"https:\/\/centros.uepb.edu.br\/ccbsa\/wp-json\/wp\/v2\/media\/12411"}],"wp:attachment":[{"href":"https:\/\/centros.uepb.edu.br\/ccbsa\/wp-json\/wp\/v2\/media?parent=12409"}],"wp:term":[{"taxonomy":"category","embeddable":true,"href":"https:\/\/centros.uepb.edu.br\/ccbsa\/wp-json\/wp\/v2\/categories?post=12409"},{"taxonomy":"post_tag","embeddable":true,"href":"https:\/\/centros.uepb.edu.br\/ccbsa\/wp-json\/wp\/v2\/tags?post=12409"}],"curies":[{"name":"wp","href":"https:\/\/api.w.org\/{rel}","templated":true}]}}