{"id":12388,"date":"2026-03-04T17:00:54","date_gmt":"2026-03-04T17:00:54","guid":{"rendered":"https:\/\/centros.uepb.edu.br\/ccbsa\/?p=12388"},"modified":"2026-03-06T12:16:59","modified_gmt":"2026-03-06T12:16:59","slug":"exposicao-ato-simbolico-e-palestra-compoem-programacao-do-8-de-marco-no-campus-v","status":"publish","type":"post","link":"https:\/\/centros.uepb.edu.br\/ccbsa\/exposicao-ato-simbolico-e-palestra-compoem-programacao-do-8-de-marco-no-campus-v\/","title":{"rendered":"Exposi\u00e7\u00e3o, ato simb\u00f3lico e palestra comp\u00f5em programa\u00e7\u00e3o do 8 de mar\u00e7o no C\u00e2mpus V"},"content":{"rendered":"<p data-start=\"0\" data-end=\"426\"><a href=\"https:\/\/centros.uepb.edu.br\/ccbsa\/files\/2026\/03\/Dia-das-Mulheres-1.png\"><img loading=\"lazy\" decoding=\"async\" class=\"aligncenter size-full wp-image-12389 img-responsive\" src=\"https:\/\/centros.uepb.edu.br\/ccbsa\/files\/2026\/03\/Dia-das-Mulheres-1.png\" alt=\"\" width=\"1200\" height=\"680\" srcset=\"https:\/\/centros.uepb.edu.br\/ccbsa\/files\/2026\/03\/Dia-das-Mulheres-1.png 1200w, https:\/\/centros.uepb.edu.br\/ccbsa\/files\/2026\/03\/Dia-das-Mulheres-1-300x170.png 300w, https:\/\/centros.uepb.edu.br\/ccbsa\/files\/2026\/03\/Dia-das-Mulheres-1-1120x635.png 1120w\" sizes=\"auto, (max-width: 1200px) 100vw, 1200px\" \/><\/a><\/p>\n<p data-start=\"0\" data-end=\"426\">O C\u00e2mpus V da Universidade Estadual da Para\u00edba (UEPB), por meio do Centro de Ci\u00eancias Biol\u00f3gicas e Sociais Aplicadas (CCBSA), promove uma s\u00e9rie de atividades alusivas ao 8 de mar\u00e7o, Dia Internacional da Mulher. A programa\u00e7\u00e3o re\u00fane momentos de acolhimento, reflex\u00e3o e fortalecimento das a\u00e7\u00f5es de enfrentamento \u00e0 viol\u00eancia contra a mulher e de promo\u00e7\u00e3o da sa\u00fade mental no ambiente universit\u00e1rio.<\/p>\n<p data-start=\"428\" data-end=\"678\">As atividades t\u00eam in\u00edcio no dia 10 de mar\u00e7o, \u00e0s 9h, no pr\u00e9dio administrativo, com um Caf\u00e9 da Manh\u00e3 dedicado \u00e0s servidoras do CCBSA, em homenagem \u00e0 data. O momento ser\u00e1 de integra\u00e7\u00e3o e reconhecimento da contribui\u00e7\u00e3o das mulheres que atuam no C\u00e2mpus V.<\/p>\n<p data-start=\"680\" data-end=\"1008\">No dia 11 de mar\u00e7o, \u00e0s 9h, ser\u00e1 realizado um ato no Banco Vermelho, instalado no C\u00e2mpus V em agosto de 2024 como s\u00edmbolo de enfrentamento \u00e0 viol\u00eancia contra a mulher. Na ocasi\u00e3o, acontecer\u00e1 a inaugura\u00e7\u00e3o de um <em>QR Code<\/em> fixado no local, que disponibilizar\u00e1 informa\u00e7\u00f5es adicionais sobre a iniciativa e canais de orienta\u00e7\u00e3o e apoio.<\/p>\n<p data-start=\"1010\" data-end=\"1510\">Ainda no dia 11, no hall do pr\u00e9dio da Central de aulas do CCBSA, ser\u00e1 aberta a exposi\u00e7\u00e3o da Biblioteca Itinerante \u201cMulheres que escrevem a Justi\u00e7a\u201d. A mostra re\u00fane obras de magistradas, promotoras, defensoras p\u00fablicas, advogadas, delegadas e servidoras que s\u00e3o autoras de livros, incluindo publica\u00e7\u00f5es de pesquisadoras do C\u00e2mpus V. A a\u00e7\u00e3o \u00e9 promovida pelo Tribunal de Justi\u00e7a da Para\u00edba, por meio do Comit\u00ea de Incentivo \u00e0 Participa\u00e7\u00e3o Institucional Feminina, e conta com o apoio do curso de Direito do CCBSA.<\/p>\n<p data-start=\"1512\" data-end=\"1995\">Encerrando a programa\u00e7\u00e3o, no dia 12 de mar\u00e7o, \u00e0s 9h, no Audit\u00f3rio Pioneiros, ser\u00e1 realizada a palestra \u201cO essencial \u00e9 invis\u00edvel aos olhos: uma conversa sobre sa\u00fade mental na Universidade\u201d, ministrada pela psic\u00f3loga e doutora em Psicologia Social, professora do Departamento de Psicologia e do Mestrado em Psicologia da Sa\u00fade da UEPB, Josev\u00e2nia Silva. A atividade \u00e9 uma iniciativa do projeto de extens\u00e3o &#8220;Promo\u00e7\u00e3o da Sa\u00fade Mental na Universidade: a\u00e7\u00f5es e estrat\u00e9gias de apoio ao bem estar dos discentes&#8221; ( PROEX\/UEPB\/LABEGI), coordenado pela professora do CCBSA, Andrea Xavier.<\/p>\n","protected":false},"excerpt":{"rendered":"<p>O C\u00e2mpus V da Universidade Estadual da Para\u00edba (UEPB), por meio do Centro de Ci\u00eancias Biol\u00f3gicas e Sociais Aplicadas (CCBSA), promove uma s\u00e9rie de atividades alusivas ao 8 de mar\u00e7o, Dia Internacional da Mulher. A programa\u00e7\u00e3o re\u00fane momentos de acolhimento, reflex\u00e3o e fortalecimento das a\u00e7\u00f5es de enfrentamento \u00e0 viol\u00eancia contra a mulher e de promo\u00e7\u00e3o <a class=\"leiamais\" href=\"https:\/\/centros.uepb.edu.br\/ccbsa\/exposicao-ato-simbolico-e-palestra-compoem-programacao-do-8-de-marco-no-campus-v\/\">Leia Mais&#8230;<\/a><\/p>\n","protected":false},"author":8,"featured_media":12389,"comment_status":"closed","ping_status":"closed","sticky":false,"template":"","format":"standard","meta":{"footnotes":""},"categories":[3,11],"tags":[],"class_list":["post-12388","post","type-post","status-publish","format-standard","has-post-thumbnail","hentry","category-noticias","category-noticias-destaque-img"],"jetpack_featured_media_url":"https:\/\/centros.uepb.edu.br\/ccbsa\/files\/2026\/03\/Dia-das-Mulheres-1.png","_links":{"self":[{"href":"https:\/\/centros.uepb.edu.br\/ccbsa\/wp-json\/wp\/v2\/posts\/12388","targetHints":{"allow":["GET"]}}],"collection":[{"href":"https:\/\/centros.uepb.edu.br\/ccbsa\/wp-json\/wp\/v2\/posts"}],"about":[{"href":"https:\/\/centros.uepb.edu.br\/ccbsa\/wp-json\/wp\/v2\/types\/post"}],"author":[{"embeddable":true,"href":"https:\/\/centros.uepb.edu.br\/ccbsa\/wp-json\/wp\/v2\/users\/8"}],"replies":[{"embeddable":true,"href":"https:\/\/centros.uepb.edu.br\/ccbsa\/wp-json\/wp\/v2\/comments?post=12388"}],"version-history":[{"count":4,"href":"https:\/\/centros.uepb.edu.br\/ccbsa\/wp-json\/wp\/v2\/posts\/12388\/revisions"}],"predecessor-version":[{"id":12400,"href":"https:\/\/centros.uepb.edu.br\/ccbsa\/wp-json\/wp\/v2\/posts\/12388\/revisions\/12400"}],"wp:featuredmedia":[{"embeddable":true,"href":"https:\/\/centros.uepb.edu.br\/ccbsa\/wp-json\/wp\/v2\/media\/12389"}],"wp:attachment":[{"href":"https:\/\/centros.uepb.edu.br\/ccbsa\/wp-json\/wp\/v2\/media?parent=12388"}],"wp:term":[{"taxonomy":"category","embeddable":true,"href":"https:\/\/centros.uepb.edu.br\/ccbsa\/wp-json\/wp\/v2\/categories?post=12388"},{"taxonomy":"post_tag","embeddable":true,"href":"https:\/\/centros.uepb.edu.br\/ccbsa\/wp-json\/wp\/v2\/tags?post=12388"}],"curies":[{"name":"wp","href":"https:\/\/api.w.org\/{rel}","templated":true}]}}