{"id":12383,"date":"2026-03-04T14:43:55","date_gmt":"2026-03-04T14:43:55","guid":{"rendered":"https:\/\/centros.uepb.edu.br\/ccbsa\/?p=12383"},"modified":"2026-03-04T14:43:55","modified_gmt":"2026-03-04T14:43:55","slug":"parceria-entre-projetos-da-uepb-e-ifpb-campus-v-sedia-formacao-em-inteligencia-artificial-com-foco-na-inovacao-pedagogica","status":"publish","type":"post","link":"https:\/\/centros.uepb.edu.br\/ccbsa\/parceria-entre-projetos-da-uepb-e-ifpb-campus-v-sedia-formacao-em-inteligencia-artificial-com-foco-na-inovacao-pedagogica\/","title":{"rendered":"Parceria entre projetos da UEPB e IFPB: C\u00e2mpus V sedia Forma\u00e7\u00e3o em Intelig\u00eancia Artificial com foco na inova\u00e7\u00e3o pedag\u00f3gica"},"content":{"rendered":"<p data-start=\"242\" data-end=\"704\">\n<p data-start=\"242\" data-end=\"704\"><a href=\"https:\/\/centros.uepb.edu.br\/ccbsa\/files\/2026\/03\/WhatsApp-Image-2026-03-04-at-11.35.46.jpeg\"><img loading=\"lazy\" decoding=\"async\" class=\"aligncenter size-full wp-image-12386 img-responsive\" src=\"https:\/\/centros.uepb.edu.br\/ccbsa\/files\/2026\/03\/WhatsApp-Image-2026-03-04-at-11.35.46.jpeg\" alt=\"\" width=\"1200\" height=\"680\" srcset=\"https:\/\/centros.uepb.edu.br\/ccbsa\/files\/2026\/03\/WhatsApp-Image-2026-03-04-at-11.35.46.jpeg 1200w, https:\/\/centros.uepb.edu.br\/ccbsa\/files\/2026\/03\/WhatsApp-Image-2026-03-04-at-11.35.46-300x170.jpeg 300w, https:\/\/centros.uepb.edu.br\/ccbsa\/files\/2026\/03\/WhatsApp-Image-2026-03-04-at-11.35.46-1120x635.jpeg 1120w\" sizes=\"auto, (max-width: 1200px) 100vw, 1200px\" \/><\/a><\/p>\n<p data-start=\"242\" data-end=\"704\">O C\u00e2mpus V da <span class=\"hover:entity-accent entity-underline inline cursor-pointer align-baseline\"><span class=\"whitespace-normal\">Universidade Estadual da Para\u00edba<\/span><\/span> (UEPB) sediou, nesta ter\u00e7a-feira (3), nos turnos da manh\u00e3 e da tarde, uma Forma\u00e7\u00e3o Docente em Intelig\u00eancia Artificial, realizada na sala Marielle Franco, no C\u00e2mpus V. A atividade reuniu professores da UEPB, docentes de outras institui\u00e7\u00f5es, p\u00f3s-graduandos e pesquisadores\u00a0 que atuam com estudos na \u00e1rea de Intelig\u00eancia Artificial.<\/p>\n<p data-start=\"706\" data-end=\"1087\">A atividade foi promovida a partir de uma parceria entre o FARPAS \u2013 Festival de Artes e Participa\u00e7\u00e3o Social e o projeto de extens\u00e3o \u201cIntelig\u00eancia Artificial para Constru\u00e7\u00e3o de Materiais Pedag\u00f3gicos Gamificados e Estrat\u00e9gias Did\u00e1ticas de Intera\u00e7\u00e3o\u201d, do <span class=\"hover:entity-accent entity-underline inline cursor-pointer align-baseline\"><span class=\"whitespace-normal\">Instituto Federal da Para\u00edba<\/span><\/span> (IFPB).<\/p>\n<p data-start=\"2499\" data-end=\"2874\">Ministrada pelo professor Lafayette Melo, docente da Unidade de Inform\u00e1tica do IFPB e coordenador do projeto respons\u00e1vel pela forma\u00e7\u00e3o, o curso tem como objetivo formar professores das redes municipal, estadual e federal para o uso estrat\u00e9gico da Intelig\u00eancia Artificial no cotidiano escolar.<\/p>\n<p data-start=\"2876\" data-end=\"3164\">Durante a forma\u00e7\u00e3o, foram abordadas aplica\u00e7\u00f5es pr\u00e1ticas da IA na atividade docente, como a cria\u00e7\u00e3o de planos de aula e avalia\u00e7\u00f5es, desenvolvimento de materiais pedag\u00f3gicos din\u00e2micos e interativos, elabora\u00e7\u00e3o de fontes de estudo e uso de assistentes digitais para personaliza\u00e7\u00e3o do ensino.\u00a0\u201cA Intelig\u00eancia Artificial deve trabalhar conosco, e n\u00e3o por n\u00f3s. Precisamos utiliz\u00e1-la de maneira consciente para tornar o trabalho docente mais eficiente\u201d, ressaltou o professor.<\/p>\n<p data-start=\"2876\" data-end=\"3164\"><a href=\"https:\/\/centros.uepb.edu.br\/ccbsa\/files\/2026\/03\/WhatsApp-Image-2026-03-04-at-11.35.37.jpeg\"><img loading=\"lazy\" decoding=\"async\" class=\"aligncenter size-full wp-image-12385 img-responsive\" src=\"https:\/\/centros.uepb.edu.br\/ccbsa\/files\/2026\/03\/WhatsApp-Image-2026-03-04-at-11.35.37.jpeg\" alt=\"\" width=\"1200\" height=\"680\" srcset=\"https:\/\/centros.uepb.edu.br\/ccbsa\/files\/2026\/03\/WhatsApp-Image-2026-03-04-at-11.35.37.jpeg 1200w, https:\/\/centros.uepb.edu.br\/ccbsa\/files\/2026\/03\/WhatsApp-Image-2026-03-04-at-11.35.37-300x170.jpeg 300w, https:\/\/centros.uepb.edu.br\/ccbsa\/files\/2026\/03\/WhatsApp-Image-2026-03-04-at-11.35.37-1120x635.jpeg 1120w\" sizes=\"auto, (max-width: 1200px) 100vw, 1200px\" \/><\/a><\/p>\n<p data-start=\"706\" data-end=\"1087\">Para a professora do curso de Ci\u00eancias Biol\u00f3gicas e doutoranda pelo Programa de P\u00f3s Gradua\u00e7\u00e3o em Modelos de Decis\u00e3o e Sa\u00fade (PPGMDS-UFPB), Nyedja Fialho, que desenvolve uma tese na \u00e1rea de aprendizado de m\u00e1quina a forma\u00e7\u00e3o foi um experi\u00eancia rica, de aprendizado e descobertas. &#8220;Descobrimos como a IA pode nos auxiliar a otimizar nossa produ\u00e7\u00e3o de conte\u00fado para as aulas, desde a cria\u00e7\u00e3o de slides at\u00e9 mesmo a elabora\u00e7\u00e3o de provas e corre\u00e7\u00e3o de textos cient\u00edficos. Na forma\u00e7\u00e3o foi poss\u00edvel descobrir novas ferramentas com o uso aplicativos de IA que j\u00e1 t\u00ednhamos conhecimento e tamb\u00e9m fomos apresentados a outros Apps incr\u00edveis para uso did\u00e1tico.\u00a0 J\u00e1 fico ansiosa por mais momentos como este&#8221;, avalia.<\/p>\n<p data-start=\"1446\" data-end=\"1824\">Segundo Henrique Fran\u00e7a, coordenador do FARPAS, a parceria com o professor Lafayette Melo teve in\u00edcio na edi\u00e7\u00e3o de 2023 do Festival, quando o docente participou ministrando uma oficina. No ano seguinte, um mestrando vinculado ao projeto tamb\u00e9m integrou a programa\u00e7\u00e3o. A partir dessa aproxima\u00e7\u00e3o, surgiu a proposta de trazer a forma\u00e7\u00e3o em Intelig\u00eancia Artificial para o C\u00e2mpus V.<\/p>\n<p data-start=\"1826\" data-end=\"2209\">\u201cPara n\u00f3s \u00e9 uma alegria proporcionar aos colegas esse aprimoramento. A Intelig\u00eancia Artificial j\u00e1 \u00e9 uma realidade em sala de aula. N\u00e3o \u00e9 mais poss\u00edvel ignorar esse debate. E embora estejamos em nossa casa, somos o projeto acolhedor, pois a a\u00e7\u00e3o est\u00e1 vinculada ao projeto do professor Lafayette, mas a UEPB cumpre seu papel de articuladora e promotora de forma\u00e7\u00e3o continuada\u201d, destacou.<\/p>\n<p data-start=\"2211\" data-end=\"2457\">De acordo com o coordenador, j\u00e1 existe demanda para uma segunda turma, e a proposta \u00e9 ampliar a iniciativa, inclusive incorporando a forma\u00e7\u00e3o \u00e0 programa\u00e7\u00e3o futura do FARPAS, voltada especialmente aos professores das escolas parceiras do Festival.<\/p>\n<p><strong>Texto e fotos<\/strong>: <em>Juliana Marques<\/em>.<\/p>\n","protected":false},"excerpt":{"rendered":"<p>O C\u00e2mpus V da Universidade Estadual da Para\u00edba (UEPB) sediou, nesta ter\u00e7a-feira (3), nos turnos da manh\u00e3 e da tarde, uma Forma\u00e7\u00e3o Docente em Intelig\u00eancia Artificial, realizada na sala Marielle Franco, no C\u00e2mpus V. A atividade reuniu professores da UEPB, docentes de outras institui\u00e7\u00f5es, p\u00f3s-graduandos e pesquisadores\u00a0 que atuam com estudos na \u00e1rea de Intelig\u00eancia <a class=\"leiamais\" href=\"https:\/\/centros.uepb.edu.br\/ccbsa\/parceria-entre-projetos-da-uepb-e-ifpb-campus-v-sedia-formacao-em-inteligencia-artificial-com-foco-na-inovacao-pedagogica\/\">Leia Mais&#8230;<\/a><\/p>\n","protected":false},"author":8,"featured_media":12386,"comment_status":"closed","ping_status":"closed","sticky":false,"template":"","format":"standard","meta":{"footnotes":""},"categories":[3,11],"tags":[],"class_list":["post-12383","post","type-post","status-publish","format-standard","has-post-thumbnail","hentry","category-noticias","category-noticias-destaque-img"],"jetpack_featured_media_url":"https:\/\/centros.uepb.edu.br\/ccbsa\/files\/2026\/03\/WhatsApp-Image-2026-03-04-at-11.35.46.jpeg","_links":{"self":[{"href":"https:\/\/centros.uepb.edu.br\/ccbsa\/wp-json\/wp\/v2\/posts\/12383","targetHints":{"allow":["GET"]}}],"collection":[{"href":"https:\/\/centros.uepb.edu.br\/ccbsa\/wp-json\/wp\/v2\/posts"}],"about":[{"href":"https:\/\/centros.uepb.edu.br\/ccbsa\/wp-json\/wp\/v2\/types\/post"}],"author":[{"embeddable":true,"href":"https:\/\/centros.uepb.edu.br\/ccbsa\/wp-json\/wp\/v2\/users\/8"}],"replies":[{"embeddable":true,"href":"https:\/\/centros.uepb.edu.br\/ccbsa\/wp-json\/wp\/v2\/comments?post=12383"}],"version-history":[{"count":2,"href":"https:\/\/centros.uepb.edu.br\/ccbsa\/wp-json\/wp\/v2\/posts\/12383\/revisions"}],"predecessor-version":[{"id":12387,"href":"https:\/\/centros.uepb.edu.br\/ccbsa\/wp-json\/wp\/v2\/posts\/12383\/revisions\/12387"}],"wp:featuredmedia":[{"embeddable":true,"href":"https:\/\/centros.uepb.edu.br\/ccbsa\/wp-json\/wp\/v2\/media\/12386"}],"wp:attachment":[{"href":"https:\/\/centros.uepb.edu.br\/ccbsa\/wp-json\/wp\/v2\/media?parent=12383"}],"wp:term":[{"taxonomy":"category","embeddable":true,"href":"https:\/\/centros.uepb.edu.br\/ccbsa\/wp-json\/wp\/v2\/categories?post=12383"},{"taxonomy":"post_tag","embeddable":true,"href":"https:\/\/centros.uepb.edu.br\/ccbsa\/wp-json\/wp\/v2\/tags?post=12383"}],"curies":[{"name":"wp","href":"https:\/\/api.w.org\/{rel}","templated":true}]}}