{"id":12373,"date":"2026-02-27T13:12:59","date_gmt":"2026-02-27T13:12:59","guid":{"rendered":"https:\/\/centros.uepb.edu.br\/ccbsa\/?p=12373"},"modified":"2026-02-27T13:12:59","modified_gmt":"2026-02-27T13:12:59","slug":"central-multiusuario-da-uepb-recebe-pesquisadores-da-univasf-e-fortalece-cooperacao-cientifica-no-nordeste","status":"publish","type":"post","link":"https:\/\/centros.uepb.edu.br\/ccbsa\/central-multiusuario-da-uepb-recebe-pesquisadores-da-univasf-e-fortalece-cooperacao-cientifica-no-nordeste\/","title":{"rendered":"Central Multiusu\u00e1rio da UEPB recebe pesquisadores da Univasf e fortalece coopera\u00e7\u00e3o cient\u00edfica no Nordeste"},"content":{"rendered":"<p><a href=\"https:\/\/centros.uepb.edu.br\/ccbsa\/files\/2026\/02\/WhatsApp-Image-2026-02-27-at-09.41.54-1.jpeg\"><img loading=\"lazy\" decoding=\"async\" class=\"aligncenter size-full wp-image-12374 img-responsive\" src=\"https:\/\/centros.uepb.edu.br\/ccbsa\/files\/2026\/02\/WhatsApp-Image-2026-02-27-at-09.41.54-1.jpeg\" alt=\"\" width=\"1200\" height=\"680\" srcset=\"https:\/\/centros.uepb.edu.br\/ccbsa\/files\/2026\/02\/WhatsApp-Image-2026-02-27-at-09.41.54-1.jpeg 1200w, https:\/\/centros.uepb.edu.br\/ccbsa\/files\/2026\/02\/WhatsApp-Image-2026-02-27-at-09.41.54-1-300x170.jpeg 300w, https:\/\/centros.uepb.edu.br\/ccbsa\/files\/2026\/02\/WhatsApp-Image-2026-02-27-at-09.41.54-1-1120x635.jpeg 1120w\" sizes=\"auto, (max-width: 1200px) 100vw, 1200px\" \/><\/a><\/p>\n<p>A Central Multiusu\u00e1rio de An\u00e1lise e Caracteriza\u00e7\u00e3o Qu\u00edmico-Biol\u00f3gica (CM-ACQuimBio) da Universidade Estadual da Para\u00edba (UEPB) recebeu nesta quinta-feira (26), no C\u00e2mpus V, em Jo\u00e3o Pessoa, estudantes de inicia\u00e7\u00e3o cient\u00edfica, mestrado e doutorado em Farm\u00e1cia da Universidade Federal do Vale do S\u00e3o Francisco (Univasf). A visita t\u00e9cnica teve como objetivo apresentar a infraestrutura e os equipamentos da central, al\u00e9m de ampliar o di\u00e1logo interinstitucional e fortalecer parcerias voltadas ao desenvolvimento cient\u00edfico e tecnol\u00f3gico na regi\u00e3o Nordeste.<\/p>\n<p>A comitiva foi recepcionada pelo coordenador da Acquimbio, professor Elquio Eleamen, e pelo professor Francisco Jaime Mendon\u00e7a, integrante da equipe do laborat\u00f3rio, que conduziram a visita t\u00e9cnica e detalharam as potencialidades da infraestrutura multiusu\u00e1ria. Durante o encontro, o professor Elquio destacou a relev\u00e2ncia da aproxima\u00e7\u00e3o interinstitucional para o avan\u00e7o da pesquisa cient\u00edfica.<\/p>\n<p>\u201cEsse tipo de aproxima\u00e7\u00e3o amplia nossa capacidade de atua\u00e7\u00e3o, gerando um ambiente de troca cient\u00edfica, de constru\u00e7\u00e3o conjunta e de reconhecimento m\u00fatuo entre institui\u00e7\u00f5es que compartilham o compromisso com a pesquisa. Por meio dessas a\u00e7\u00f5es, abrimos espa\u00e7o para discutir metodologias, compartilhar resultados e identificar oportunidades de coopera\u00e7\u00e3o. Isso \u00e9 essencial para que nossos projetos ganhem maior robustez t\u00e9cnica e alcancem impactos mais amplos\u201d, afirmou.<\/p>\n<p>O coordenador tamb\u00e9m ressaltou que o di\u00e1logo com institui\u00e7\u00f5es externas contribui para dar visibilidade ao trabalho desenvolvido na UEPB, fortalecer conex\u00f5es, atrair novos parceiros, ampliar o acesso a editais e fomentar projetos interinstitucionais que beneficiam diretamente a sociedade. \u201cA ci\u00eancia avan\u00e7a em rede, e encontros como este refor\u00e7am o papel da Acquimbio na nossa institui\u00e7\u00e3o e no estado da Para\u00edba\u201d, completou.<\/p>\n<p>A visita foi articulada pelo professor Jackson Guedes, da Univasf, que j\u00e1 desenvolve a\u00e7\u00f5es em parceria com pesquisadores da UEPB. Segundo ele, a passagem por Jo\u00e3o Pessoa foi uma oportunidade estrat\u00e9gica para apresentar aos alunos um dos laborat\u00f3rios mais bem equipados do Nordeste. \u201cTrouxe os alunos para conhecer esse laborat\u00f3rio que \u00e9 um dos mais bem equipados do Nordeste. \u00c0s vezes precisamos de uma an\u00e1lise espec\u00edfica e aqui temos uma estrutura de ponta. No passado, recorr\u00edamos muito a colegas do Sul e do Sudeste. Hoje, tanto aqui quanto em Petrolina, contamos com laborat\u00f3rios com esse perfil, recebendo amostras e pesquisadores de todo o pa\u00eds. Isso diminui nossa depend\u00eancia de outras regi\u00f5es e demonstra que estamos produzindo ci\u00eancia de alto n\u00edvel\u201d, destacou.<\/p>\n<p>Jackson Guedes tamb\u00e9m enfatizou que o investimento em infraestrutura tem refletido no aumento da capta\u00e7\u00e3o de recursos, na produ\u00e7\u00e3o cient\u00edfica e na forma\u00e7\u00e3o de pesquisadores, fortalecendo o protagonismo do Nordeste na pesquisa nacional.<\/p>\n<p><a href=\"https:\/\/centros.uepb.edu.br\/ccbsa\/files\/2026\/02\/WhatsApp-Image-2026-02-27-at-09.41.54.jpeg\"><img loading=\"lazy\" decoding=\"async\" class=\"aligncenter size-full wp-image-12375 img-responsive\" src=\"https:\/\/centros.uepb.edu.br\/ccbsa\/files\/2026\/02\/WhatsApp-Image-2026-02-27-at-09.41.54.jpeg\" alt=\"\" width=\"1200\" height=\"680\" srcset=\"https:\/\/centros.uepb.edu.br\/ccbsa\/files\/2026\/02\/WhatsApp-Image-2026-02-27-at-09.41.54.jpeg 1200w, https:\/\/centros.uepb.edu.br\/ccbsa\/files\/2026\/02\/WhatsApp-Image-2026-02-27-at-09.41.54-300x170.jpeg 300w, https:\/\/centros.uepb.edu.br\/ccbsa\/files\/2026\/02\/WhatsApp-Image-2026-02-27-at-09.41.54-1120x635.jpeg 1120w\" sizes=\"auto, (max-width: 1200px) 100vw, 1200px\" \/><\/a><\/p>\n<p><strong>Infraestrutura estrat\u00e9gica para a pesquisa<\/strong><\/p>\n<p>A CM-ACQuimBio \u00e9 um dos Centros Estaduais de Infraestrutura Cient\u00edfica e Tecnol\u00f3gica de Car\u00e1ter Multiusu\u00e1rio (CEICTCMs) em funcionamento na UEPB, com apoio do Governo do Estado da Para\u00edba, por meio da Secretaria de Ci\u00eancia, Tecnologia, Inova\u00e7\u00e3o e Ensino Superior (SECTIES), atrav\u00e9s da Funda\u00e7\u00e3o de Apoio \u00e0 Pesquisa do Estado da Para\u00edba (FAPESQ).<\/p>\n<p>Instalada no C\u00e2mpus V \u2013 Jo\u00e3o Pessoa, a Central atende pesquisadores, empresas e ind\u00fastrias interessados em an\u00e1lises qu\u00edmicas e biol\u00f3gicas. Os equipamentos est\u00e3o cadastrados na Plataforma Nacional de Infraestrutura de Pesquisa (PNIPE), do Minist\u00e9rio da Ci\u00eancia, Tecnologia e Inova\u00e7\u00e3o (MCTI), al\u00e9m de estarem dispon\u00edveis para consulta no site da UEPB.<\/p>\n<p>Entre os destaques da estrutura est\u00e1 o Espectr\u00f4metro de Emiss\u00e3o \u00d3tica com Plasma Induzida por Laser (LIBS), tecnologia utilizada, por exemplo, no rob\u00f4 Curiosity, da NASA, em miss\u00f5es de explora\u00e7\u00e3o em Marte. A central tamb\u00e9m conta com espectr\u00f4metro de infravermelho e Raman, considerado \u00fanico na Am\u00e9rica Latina e o 19\u00ba instalado no mundo, al\u00e9m de outros equipamentos de m\u00e9dio e grande porte.<\/p>\n<p>Essa infraestrutura de ponta tem se refletido diretamente na amplia\u00e7\u00e3o da demanda por an\u00e1lises e na consolida\u00e7\u00e3o da Acquimbio como refer\u00eancia regional e nacional na \u00e1rea. De mar\u00e7o a dezembro, o laborat\u00f3rio processou mais de 1.500 amostras. A maior parte das demandas \u00e9 oriunda do Nordeste \u2014 especialmente de institui\u00e7\u00f5es como UFPB, UFPE e UFRN, al\u00e9m da pr\u00f3pria UEPB \u2014, mas a Central tamb\u00e9m atende universidades de S\u00e3o Paulo (USP e UNESP), do Paran\u00e1 (UTFPR) e at\u00e9 da Argentina.<\/p>\n<p><a href=\"https:\/\/centros.uepb.edu.br\/ccbsa\/files\/2025\/02\/WhatsApp-Image-2025-02-13-at-14.19.55.jpeg\"><img loading=\"lazy\" decoding=\"async\" class=\"aligncenter size-full wp-image-11490 img-responsive\" src=\"https:\/\/centros.uepb.edu.br\/ccbsa\/files\/2025\/02\/WhatsApp-Image-2025-02-13-at-14.19.55.jpeg\" alt=\"\" width=\"1200\" height=\"680\" srcset=\"https:\/\/centros.uepb.edu.br\/ccbsa\/files\/2025\/02\/WhatsApp-Image-2025-02-13-at-14.19.55.jpeg 1200w, https:\/\/centros.uepb.edu.br\/ccbsa\/files\/2025\/02\/WhatsApp-Image-2025-02-13-at-14.19.55-300x170.jpeg 300w, https:\/\/centros.uepb.edu.br\/ccbsa\/files\/2025\/02\/WhatsApp-Image-2025-02-13-at-14.19.55-1120x635.jpeg 1120w\" sizes=\"auto, (max-width: 1200px) 100vw, 1200px\" \/><\/a><\/p>\n<p><strong>Impacto regional e nacional<\/strong><\/p>\n<p>Primeira estrutura multiusu\u00e1ria com equipamentos de m\u00e9dio e grande porte em funcionamento na UEPB, a CM-ACQuimBio foi implantada com recursos captados em editais da Financiadora de Estudos e Projetos (FINEP) e da FAPESQ. Desde o in\u00edcio das atividades, em 2022, a Central tem contribu\u00eddo para ampliar a independ\u00eancia cient\u00edfica e tecnol\u00f3gica da universidade, reduzir assimetrias regionais na distribui\u00e7\u00e3o de infraestrutura de pesquisa e favorecer a fixa\u00e7\u00e3o de doutores na Para\u00edba.<\/p>\n<p>Com foco em \u00e1reas priorit\u00e1rias como Sa\u00fade, Desenvolvimento Regional Sustent\u00e1vel e Arranjos Produtivos Locais, a CM-ACQuimBio atende diferentes campos do conhecimento, entre eles Farm\u00e1cia, Qu\u00edmica, Engenharia Qu\u00edmica, Odontologia, Ci\u00eancia e Tecnologia Ambiental, Biologia, Ecologia, Engenharia de Materiais, Engenharia de Alimentos, Agronomia e Nutri\u00e7\u00e3o.<\/p>\n<p>A visita dos pesquisadores da Univasf refor\u00e7a o papel estrat\u00e9gico da Central como espa\u00e7o de articula\u00e7\u00e3o cient\u00edfica e consolida a UEPB como refer\u00eancia em infraestrutura de pesquisa no Nordeste, fortalecendo redes colaborativas e ampliando o alcance da produ\u00e7\u00e3o cient\u00edfica desenvolvida na regi\u00e3o.<\/p>\n<p><strong>Texto e fotos:<\/strong> <em>Juliana Marques.<\/em><\/p>\n","protected":false},"excerpt":{"rendered":"<p>A Central Multiusu\u00e1rio de An\u00e1lise e Caracteriza\u00e7\u00e3o Qu\u00edmico-Biol\u00f3gica (CM-ACQuimBio) da Universidade Estadual da Para\u00edba (UEPB) recebeu nesta quinta-feira (26), no C\u00e2mpus V, em Jo\u00e3o Pessoa, estudantes de inicia\u00e7\u00e3o cient\u00edfica, mestrado e doutorado em Farm\u00e1cia da Universidade Federal do Vale do S\u00e3o Francisco (Univasf). A visita t\u00e9cnica teve como objetivo apresentar a infraestrutura e os equipamentos <a class=\"leiamais\" href=\"https:\/\/centros.uepb.edu.br\/ccbsa\/central-multiusuario-da-uepb-recebe-pesquisadores-da-univasf-e-fortalece-cooperacao-cientifica-no-nordeste\/\">Leia Mais&#8230;<\/a><\/p>\n","protected":false},"author":8,"featured_media":12374,"comment_status":"closed","ping_status":"closed","sticky":false,"template":"","format":"standard","meta":{"footnotes":""},"categories":[3,11],"tags":[],"class_list":["post-12373","post","type-post","status-publish","format-standard","has-post-thumbnail","hentry","category-noticias","category-noticias-destaque-img"],"jetpack_featured_media_url":"https:\/\/centros.uepb.edu.br\/ccbsa\/files\/2026\/02\/WhatsApp-Image-2026-02-27-at-09.41.54-1.jpeg","_links":{"self":[{"href":"https:\/\/centros.uepb.edu.br\/ccbsa\/wp-json\/wp\/v2\/posts\/12373","targetHints":{"allow":["GET"]}}],"collection":[{"href":"https:\/\/centros.uepb.edu.br\/ccbsa\/wp-json\/wp\/v2\/posts"}],"about":[{"href":"https:\/\/centros.uepb.edu.br\/ccbsa\/wp-json\/wp\/v2\/types\/post"}],"author":[{"embeddable":true,"href":"https:\/\/centros.uepb.edu.br\/ccbsa\/wp-json\/wp\/v2\/users\/8"}],"replies":[{"embeddable":true,"href":"https:\/\/centros.uepb.edu.br\/ccbsa\/wp-json\/wp\/v2\/comments?post=12373"}],"version-history":[{"count":1,"href":"https:\/\/centros.uepb.edu.br\/ccbsa\/wp-json\/wp\/v2\/posts\/12373\/revisions"}],"predecessor-version":[{"id":12376,"href":"https:\/\/centros.uepb.edu.br\/ccbsa\/wp-json\/wp\/v2\/posts\/12373\/revisions\/12376"}],"wp:featuredmedia":[{"embeddable":true,"href":"https:\/\/centros.uepb.edu.br\/ccbsa\/wp-json\/wp\/v2\/media\/12374"}],"wp:attachment":[{"href":"https:\/\/centros.uepb.edu.br\/ccbsa\/wp-json\/wp\/v2\/media?parent=12373"}],"wp:term":[{"taxonomy":"category","embeddable":true,"href":"https:\/\/centros.uepb.edu.br\/ccbsa\/wp-json\/wp\/v2\/categories?post=12373"},{"taxonomy":"post_tag","embeddable":true,"href":"https:\/\/centros.uepb.edu.br\/ccbsa\/wp-json\/wp\/v2\/tags?post=12373"}],"curies":[{"name":"wp","href":"https:\/\/api.w.org\/{rel}","templated":true}]}}