{"id":1236,"date":"2013-11-25T13:31:45","date_gmt":"2013-11-25T13:31:45","guid":{"rendered":"\/ccbsa\/?p=1236"},"modified":"2013-11-25T13:31:45","modified_gmt":"2013-11-25T13:31:45","slug":"programa-informacao-e-cognicao-realiza-apresentacao-dos-nove-projetos-aprovados-para-a-cota-2013-2014","status":"publish","type":"post","link":"https:\/\/centros.uepb.edu.br\/ccbsa\/programa-informacao-e-cognicao-realiza-apresentacao-dos-nove-projetos-aprovados-para-a-cota-2013-2014\/","title":{"rendered":"Programa Informa\u00e7\u00e3o e cogni\u00e7\u00e3o realiza apresenta\u00e7\u00e3o dos nove projetos aprovados para a cota 2013-2014"},"content":{"rendered":"<p><a href=\"http:\/\/centros.ascom.uepb.edu.br\/ccbsa\/files\/2013\/11\/SAM_6622.jpg\"><img loading=\"lazy\" decoding=\"async\" class=\"alignleft size-thumbnail wp-image-1237 img-responsive\" alt=\"SAM_6622\" src=\"http:\/\/centros.ascom.uepb.edu.br\/ccbsa\/files\/2013\/11\/SAM_6622-150x150.jpg\" width=\"150\" height=\"150\" \/><\/a>Cultura, Comunica\u00e7\u00e3o e Trabalho, s\u00e3o as tr\u00eas \u00e1reas tem\u00e1ticas dos projetos que integram o programa \u201cInforma\u00e7\u00e3o e Cogni\u00e7\u00e3o: socializando conte\u00fados informacionais articulados ao saber, \u00e0 cultura e \u00e0 mem\u00f3ria\u201d, vinculado ao Bacharelado em Arquivologia do Campus V da Universidade Estadual da Paraiba, que foram apresentados durante uma reuni\u00e3o realizada na manh\u00e3 \u00faltima sexta-feira (22) com a participa\u00e7\u00e3o dos docentes, discentes e t\u00e9cnicos administrativos envolvidos nas atividades.<\/p>\n<p>Criado em 2011, o programa \u201cInforma\u00e7\u00e3o e Cogni\u00e7\u00e3o\u201d \u00e9 coordenado pela professora do curso de Arquivologia, Maria Jos\u00e9 Cordeiro Lima e agrega os projetos \u201cFotografia e mem\u00f3ria Cultural: identifica\u00e7\u00e3o e descri\u00e7\u00e3o de cole\u00e7\u00f5es fotogr\u00e1ficas\u201d, sob a coordena\u00e7\u00e3o da professora Maria Jos\u00e9; \u201cCineclube Mnemos\u00fdne\u201d, coordenado pelos professores Maria Jos\u00e9 e Vancarder Brito; \u201cNas ondas do r\u00e1dio: a media\u00e7\u00e3o de conte\u00fados informacionais entre o ensino m\u00e9dio e o superior\u201d, sob a\u00a0 do professor Jos\u00e9 Washington de Morais Medeiros;<\/p>\n<p>E ainda \u201cPreserva\u00e7\u00e3o da mem\u00f3ria institucional: o caso do arquivo iconogr\u00e1fico da Vila Vicentina J\u00falia Freire\u201d e \u201cNos enlaces da mem\u00f3ria: documentos iconogr\u00e1ficos do arquivo pessoa de Tarc\u00edsio Burity\u201d, ambos coordenados pela professora Suerde Miranda; \u201cAudiovisualmentes: produzindo e mediando conte\u00fados educacionais como ferramentas de dissemina\u00e7\u00e3o social e comunica\u00e7\u00e3o pedag\u00f3gica\u201d e \u201cMem\u00f3ria, sociedade e cidadania: reflex\u00f5es para al\u00e9m dos muros acad\u00eamicos\u201d, os dois sob a coordena\u00e7\u00e3o do professor Henrique Fran\u00e7a; \u201cFerramentas e t\u00e9cnicas de gerenciamento para arquivistas\u201d e \u201cEstrat\u00e9gias mercadol\u00f3gicas para o curso de Arquivologia\u201d, ambos de autoria do professor Jimmy L\u00e9llis.<\/p>\n<p>Na ocasi\u00e3o, al\u00e9m da apresenta\u00e7\u00e3o os projetos, quando os envolvidos no programa puderam sugerir melhorias nos trabalhos, tamb\u00e9m foram discutidas parcerias entre os projetos, eventos conjuntos, diretrizes para a\u00e7\u00f5es futuras, entre outros debates que visavam fortalecer o programa que se consolida a cada ano.<\/p>\n<p>Com projetos nas mais variadas \u00e1reas do saber, a proposta do programa \u00e9 garantir uma forma\u00e7\u00e3o interdisciplinar para os estudantes de Arquivologia, articulada \u00e0s diretrizes da pr\u00f3pria extens\u00e3o universit\u00e1ria, que \u00e9 um processo educativo, cultural, cient\u00edfico e pol\u00edtico que promove a intera\u00e7\u00e3o transformadora entre os v\u00e1rios campos do conhecimento, a universidade e outros setores da sociedade.<\/p>\n","protected":false},"excerpt":{"rendered":"<p>Cultura, Comunica\u00e7\u00e3o e Trabalho, s\u00e3o as tr\u00eas \u00e1reas tem\u00e1ticas dos projetos que integram o programa \u201cInforma\u00e7\u00e3o e Cogni\u00e7\u00e3o: socializando conte\u00fados informacionais articulados ao saber, \u00e0 cultura e \u00e0 mem\u00f3ria\u201d, vinculado ao Bacharelado em Arquivologia do Campus V da Universidade Estadual da Paraiba, que foram apresentados durante uma reuni\u00e3o realizada na manh\u00e3 \u00faltima sexta-feira (22) com <a class=\"leiamais\" href=\"https:\/\/centros.uepb.edu.br\/ccbsa\/programa-informacao-e-cognicao-realiza-apresentacao-dos-nove-projetos-aprovados-para-a-cota-2013-2014\/\">Leia Mais&#8230;<\/a><\/p>\n","protected":false},"author":8,"featured_media":0,"comment_status":"open","ping_status":"open","sticky":false,"template":"","format":"standard","meta":{"footnotes":""},"categories":[3,5],"tags":[],"class_list":["post-1236","post","type-post","status-publish","format-standard","hentry","category-noticias","category-visiveis"],"jetpack_featured_media_url":"","_links":{"self":[{"href":"https:\/\/centros.uepb.edu.br\/ccbsa\/wp-json\/wp\/v2\/posts\/1236","targetHints":{"allow":["GET"]}}],"collection":[{"href":"https:\/\/centros.uepb.edu.br\/ccbsa\/wp-json\/wp\/v2\/posts"}],"about":[{"href":"https:\/\/centros.uepb.edu.br\/ccbsa\/wp-json\/wp\/v2\/types\/post"}],"author":[{"embeddable":true,"href":"https:\/\/centros.uepb.edu.br\/ccbsa\/wp-json\/wp\/v2\/users\/8"}],"replies":[{"embeddable":true,"href":"https:\/\/centros.uepb.edu.br\/ccbsa\/wp-json\/wp\/v2\/comments?post=1236"}],"version-history":[{"count":0,"href":"https:\/\/centros.uepb.edu.br\/ccbsa\/wp-json\/wp\/v2\/posts\/1236\/revisions"}],"wp:attachment":[{"href":"https:\/\/centros.uepb.edu.br\/ccbsa\/wp-json\/wp\/v2\/media?parent=1236"}],"wp:term":[{"taxonomy":"category","embeddable":true,"href":"https:\/\/centros.uepb.edu.br\/ccbsa\/wp-json\/wp\/v2\/categories?post=1236"},{"taxonomy":"post_tag","embeddable":true,"href":"https:\/\/centros.uepb.edu.br\/ccbsa\/wp-json\/wp\/v2\/tags?post=1236"}],"curies":[{"name":"wp","href":"https:\/\/api.w.org\/{rel}","templated":true}]}}