{"id":12355,"date":"2026-02-03T18:47:01","date_gmt":"2026-02-03T18:47:01","guid":{"rendered":"https:\/\/centros.uepb.edu.br\/ccbsa\/?p=12355"},"modified":"2026-02-03T18:47:01","modified_gmt":"2026-02-03T18:47:01","slug":"pro-reitoria-de-graduacao-divulga-chamada-regular-do-processo-seletivo-do-sistema-de-selecao-unificada-2026","status":"publish","type":"post","link":"https:\/\/centros.uepb.edu.br\/ccbsa\/pro-reitoria-de-graduacao-divulga-chamada-regular-do-processo-seletivo-do-sistema-de-selecao-unificada-2026\/","title":{"rendered":"Pr\u00f3-reitoria de Gradua\u00e7\u00e3o divulga Chamada Regular do processo seletivo do Sistema de Sele\u00e7\u00e3o Unificada 2026"},"content":{"rendered":"<p><a href=\"https:\/\/centros.uepb.edu.br\/ccbsa\/files\/2026\/02\/sisu3.png\"><img loading=\"lazy\" decoding=\"async\" class=\"aligncenter size-full wp-image-12356 img-responsive\" src=\"https:\/\/centros.uepb.edu.br\/ccbsa\/files\/2026\/02\/sisu3.png\" alt=\"\" width=\"1200\" height=\"680\" srcset=\"https:\/\/centros.uepb.edu.br\/ccbsa\/files\/2026\/02\/sisu3.png 1200w, https:\/\/centros.uepb.edu.br\/ccbsa\/files\/2026\/02\/sisu3-300x170.png 300w, https:\/\/centros.uepb.edu.br\/ccbsa\/files\/2026\/02\/sisu3-1120x635.png 1120w\" sizes=\"auto, (max-width: 1200px) 100vw, 1200px\" \/><\/a><\/p>\n<p>A Pr\u00f3-reitoria de Gradua\u00e7\u00e3o (PROGRAD) da Universidade Estadual da Para\u00edba (UEPB) divulgou, nesta sexta-feira (30) a Chamada Regular e o\u00a0<strong>retifica\u00e7\u00e3o<\/strong>\u00a0do edital referente ao Processo Seletivo do Sistema de Sele\u00e7\u00e3o Unificada (SiSU) 2026. De acordo com o edital, durante o per\u00edodo de matr\u00edcula (<strong>de\u00a02 a 10 de fevereiro<\/strong>) o(a) candidato(a) deve enviar para o\u00a0<a href=\"https:\/\/uepb.edu.br\/prograd\/contato-das-coordenacoes-de-curso\/\" data-saferedirecturl=\"https:\/\/www.google.com\/url?q=https:\/\/uepb.edu.br\/prograd\/contato-das-coordenacoes-de-curso\/&amp;source=gmail&amp;ust=1769878693653000&amp;usg=AOvVaw0Xr4iUu8Gsem6cWfa9UmmI\"><strong>e-mail da Coordena\u00e7\u00e3o do Curso<\/strong><\/a>\u00a0toda a documenta\u00e7\u00e3o (no formato PDF) necess\u00e1ria para a matr\u00edcula, antes do comparecimento presencial \u00e0 Coordena\u00e7\u00e3o do Curso.<\/p>\n<p><strong>Devido ao feriado municipal do Dia de Nossa Senhora da Luz, da cidade de Guarabira, as matr\u00edculas do C\u00e2mpus III ser\u00e3o realizadas entre os dias 3 e 10 de fevereiro.<\/strong><\/p>\n<p>O(A) candidato(a) dever\u00e1, primeiramente, encaminhar por e-mail a documenta\u00e7\u00e3o exigida no edital. Em seguida, dever\u00e1 comparecer presencialmente \u00e0 Coordena\u00e7\u00e3o do Curso para apresentar a documenta\u00e7\u00e3o original. No atendimento presencial, a Coordena\u00e7\u00e3o do Curso conferir\u00e1 e validar\u00e1 os documentos enviados por e-mail e, estando regulares, efetivar\u00e1 a matr\u00edcula.\u00a0<strong>O comparecimento presencial deve ocorrer at\u00e9 10 de fevereiro<\/strong>, t\u00e9rmino do prazo de matr\u00edcula da Chamada Regular. Caso o(a) candidato(a) n\u00e3o compare\u00e7a at\u00e9 essa data, ser\u00e1 desclassificado do SiSU e perder\u00e1 a vaga.<\/p>\n<p>Conforme a RESOLU\u00c7\u00c3O\/UEPB\/CONSEPE\/001\/2026 fica autorizada, em car\u00e1ter excepcional e transit\u00f3rio, a matr\u00edcula condicional (com valida\u00e7\u00e3o posterior) na UEPB para candidatos aprovados no SiSU\/MEC 2026 com pend\u00eancia tempor\u00e1ria dos documentos definitivos de conclus\u00e3o do ensino m\u00e9dio, mantidas as demais exig\u00eancias do edital; a matr\u00edcula condicional poder\u00e1 ser admitida para (i) candidato em certifica\u00e7\u00e3o via Enem 2025, mediante declara\u00e7\u00e3o oficial do Inep\/MEC que comprove o atendimento \u00e0s condi\u00e7\u00f5es de certifica\u00e7\u00e3o, e (ii) concluinte do Ensino M\u00e9dio Integrado do IFPB, em raz\u00e3o de ajuste excepcional do calend\u00e1rio, mediante declara\u00e7\u00e3o institucional com previs\u00e3o de conclus\u00e3o; o deferimento exige a apresenta\u00e7\u00e3o dos documentos gerais do edital e dos documentos espec\u00edficos de cada hip\u00f3tese, n\u00e3o sendo admitida matr\u00edcula condicional sem os documentos indispens\u00e1veis \u00e0 verifica\u00e7\u00e3o da modalidade de vaga (a\u00e7\u00f5es afirmativas), quando n\u00e3o se confundirem com o certificado definitivo; para a efetiva\u00e7\u00e3o da matr\u00edcula definitiva, os candidatos oriundos do IFPB, dever\u00e1 apresentar certificado\/certid\u00e3o definitiva e hist\u00f3rico escolar completo at\u00e9 30\/04\/2026, e, nos casos dos candidatos da certifica\u00e7\u00e3o via Enem 2025, a emiss\u00e3o e entrega do certificado definitivo dever\u00e1 ocorrer at\u00e9 27\/04\/2026, sob pena de aplica\u00e7\u00e3o autom\u00e1tica do art. 5\u00ba desta Resolu\u00e7\u00e3o.<\/p>\n<p>Os(As) candidatos(as) \u00e0s vagas das cotas raciais destinadas para as pessoas negras (pretas ou pardas) devem atentar para a Convocat\u00f3ria com as orienta\u00e7\u00f5es da Comiss\u00e3o de Heteroidentifica\u00e7\u00e3o, publicada no site da UEPB e enviada a todos os candidatos que est\u00e3o na lista. D\u00favidas podem ser\u00a0<a href=\"https:\/\/uepb.edu.br\/prograd-divulga-chamada-regular-e-edital-do-processo-seletivo-do-sistema-de-selecao-unificada-2024\/comissaoheteroidentificacao@setor.uepb.edu.br\" data-saferedirecturl=\"https:\/\/www.google.com\/url?q=https:\/\/uepb.edu.br\/prograd-divulga-chamada-regular-e-edital-do-processo-seletivo-do-sistema-de-selecao-unificada-2024\/comissaoheteroidentificacao@setor.uepb.edu.br&amp;source=gmail&amp;ust=1769878693653000&amp;usg=AOvVaw16CVBIEdnImJpAlpP2N9a0\"><strong>encaminhadas para o e-mail<\/strong><\/a>. Os(As) candidatos(as) \u00e0s vagas das cotas raciais destinadas para as pessoas negras (pretas ou pardas) s\u00f3 devem enviar a documenta\u00e7\u00e3o e comparecer \u00e0 Coordena\u00e7\u00e3o do Curso, ap\u00f3s a Comiss\u00e3o de Heteroidentifica\u00e7\u00e3o publicar o resultado da banca. N\u00e3o ser\u00e1 considerado pela Coordena\u00e7\u00e3o, o envio da documenta\u00e7\u00e3o antes do resultado da Banca de Heteroidentifica\u00e7\u00e3o.<\/p>\n<p>No caso dos candidatos que foram convocados \u00e0s vagas destinadas a a\u00e7\u00e3o afirmativa, para quem estudou em escola privada, com bolsa e \u00e9 vulner\u00e1vel socioeconomicamente, e que n\u00e3o est\u00e1 cadastrado no Cad\u00danico, deve encaminhar a documenta\u00e7\u00e3o financeira, para o e-mail\u00a0<a href=\"mailto:selecoes.prograd@setor.uepb.edu.br\"><strong>selecoes.prograd@setor.uepb.edu.br<\/strong><\/a>. A documenta\u00e7\u00e3o ser\u00e1 analisada e o Assistente Social da PROGRAD enviar\u00e1 uma declara\u00e7\u00e3o para o candidato, habilitando o mesmo para a matr\u00edcula. O envio da documenta\u00e7\u00e3o para a Coordena\u00e7\u00e3o do Curso, sem a declara\u00e7\u00e3o do Assistente Social, ser\u00e1 desconsiderado.<\/p>\n<p>Quem j\u00e1 cursa alguma gradua\u00e7\u00e3o e vai ingressar em um novo curso por meio do SISU 2026, precisa cancelar sua atual matr\u00edcula para poder efetivar a nova. Quem \u00e9 estudante da UEPB e deseja cancelar sua matr\u00edcula vigente para efetuar matr\u00edcula em novo curso, deve enviar a solicita\u00e7\u00e3o de cancelamento para o e-mail\u00a0<a href=\"mailto:recepcao.prograd@setor.uepb.edu.br\"><strong>recepcao.prograd@setor.uepb.edu.br<\/strong><\/a>. Somente ser\u00e1 permitida a matr\u00edcula aos estudantes que apresentarem todos os documentos exigidos. As d\u00favidas podem ser enviadas diretamente para as Coordena\u00e7\u00f5es de Curso ou para o e-mail\u00a0<a href=\"mailto:selecoes.prograd@setor.uepb.edu.br\"><strong>selecoes.prograd@setor.uepb.edu.br<\/strong><\/a>.<\/p>\n<p>Os formul\u00e1rios necess\u00e1rios para efetiva\u00e7\u00e3o da matr\u00edcula, bem como o detalhamento sobre quais documentos o candidato deve enviar para realizar a matr\u00edcula constam no item 4 do edital, que pode ser acessado pelo\u00a0<a href=\"https:\/\/uepb.edu.br\/prograd\/sisu\/\" target=\"_blank\" rel=\"noopener\"><strong>site da PROGRAD<\/strong><\/a>.\u00a0<strong>A Pr\u00f3-reitoria informa que o in\u00edcio das aulas do semestre letivo 2026.1 ter\u00e1 in\u00edcio no dia 27 de abril<\/strong>.<\/p>\n<p>Aqueles que n\u00e3o foram selecionados na Chamada Regular podem declarar interesse em participar da Lista de Espera,\u00a0<strong>at\u00e9 o dia 2 de fevereiro<\/strong>, no\u00a0<a href=\"https:\/\/acessounico.mec.gov.br\/sisu\" target=\"_blank\" rel=\"noopener\"><strong>site do SiSU<\/strong><\/a>.\u00a0<strong>No dia 12 de fevereiro<\/strong>\u00a0ser\u00e1 publicada o primeiro remanejamento da segunda para a primeira entrada. Os(As) candidatos(as) que realizaram a matr\u00edcula para o semestre letivo 2026.2, devem estar atentos, pois o remanejamento \u00e9 obrigat\u00f3rio, e o n\u00e3o comparecimento implicar\u00e1 na desclassifica\u00e7\u00e3o do estudante no SiSU e o cancelamento da matr\u00edcula.<\/p>\n<p>As d\u00favidas podem ser enviadas diretamente para as\u00a0<a href=\"https:\/\/uepb.edu.br\/prograd\/contato-das-coordenacoes-de-curso\/\" data-saferedirecturl=\"https:\/\/www.google.com\/url?q=https:\/\/uepb.edu.br\/prograd\/contato-das-coordenacoes-de-curso\/&amp;source=gmail&amp;ust=1769878693653000&amp;usg=AOvVaw0Xr4iUu8Gsem6cWfa9UmmI\"><strong>Coordena\u00e7\u00f5es de Curso<\/strong><\/a>\u00a0ou para o e-mail\u00a0<a href=\"mailto:selecoes.prograd@setor.uepb.edu.br\"><strong>selecoes.prograd@setor.uepb.edu.br<\/strong><\/a>. Confira os documentos abaixo.<\/p>\n<p><a href=\"https:\/\/uepb.edu.br\/download\/prograd-sisu-2026-resultado-chamada-regular\/\" target=\"_blank\" rel=\"noopener\"><strong>Chamada Regular SiSU 2026<\/strong><\/a><br \/>\n<a href=\"https:\/\/uepb.edu.br\/download\/prograd-sisu-2026-1-edital-retificado-i\/\" target=\"_blank\" rel=\"noopener\"><strong>Edital SiSU 2026 \u2013 Retificado<\/strong><\/a><br \/>\n<a href=\"https:\/\/uepb.edu.br\/download\/resolucao-consepe-001-2026\/\" target=\"_blank\" rel=\"noopener\"><strong>Resolu\u00e7\u00e3o Consepe 001\/2026<\/strong><\/a><\/p>\n","protected":false},"excerpt":{"rendered":"<p>A Pr\u00f3-reitoria de Gradua\u00e7\u00e3o (PROGRAD) da Universidade Estadual da Para\u00edba (UEPB) divulgou, nesta sexta-feira (30) a Chamada Regular e o\u00a0retifica\u00e7\u00e3o\u00a0do edital referente ao Processo Seletivo do Sistema de Sele\u00e7\u00e3o Unificada (SiSU) 2026. De acordo com o edital, durante o per\u00edodo de matr\u00edcula (de\u00a02 a 10 de fevereiro) o(a) candidato(a) deve enviar para o\u00a0e-mail da Coordena\u00e7\u00e3o <a class=\"leiamais\" href=\"https:\/\/centros.uepb.edu.br\/ccbsa\/pro-reitoria-de-graduacao-divulga-chamada-regular-do-processo-seletivo-do-sistema-de-selecao-unificada-2026\/\">Leia Mais&#8230;<\/a><\/p>\n","protected":false},"author":8,"featured_media":12356,"comment_status":"closed","ping_status":"closed","sticky":false,"template":"","format":"standard","meta":{"footnotes":""},"categories":[3,11],"tags":[],"class_list":["post-12355","post","type-post","status-publish","format-standard","has-post-thumbnail","hentry","category-noticias","category-noticias-destaque-img"],"jetpack_featured_media_url":"https:\/\/centros.uepb.edu.br\/ccbsa\/files\/2026\/02\/sisu3.png","_links":{"self":[{"href":"https:\/\/centros.uepb.edu.br\/ccbsa\/wp-json\/wp\/v2\/posts\/12355","targetHints":{"allow":["GET"]}}],"collection":[{"href":"https:\/\/centros.uepb.edu.br\/ccbsa\/wp-json\/wp\/v2\/posts"}],"about":[{"href":"https:\/\/centros.uepb.edu.br\/ccbsa\/wp-json\/wp\/v2\/types\/post"}],"author":[{"embeddable":true,"href":"https:\/\/centros.uepb.edu.br\/ccbsa\/wp-json\/wp\/v2\/users\/8"}],"replies":[{"embeddable":true,"href":"https:\/\/centros.uepb.edu.br\/ccbsa\/wp-json\/wp\/v2\/comments?post=12355"}],"version-history":[{"count":1,"href":"https:\/\/centros.uepb.edu.br\/ccbsa\/wp-json\/wp\/v2\/posts\/12355\/revisions"}],"predecessor-version":[{"id":12357,"href":"https:\/\/centros.uepb.edu.br\/ccbsa\/wp-json\/wp\/v2\/posts\/12355\/revisions\/12357"}],"wp:featuredmedia":[{"embeddable":true,"href":"https:\/\/centros.uepb.edu.br\/ccbsa\/wp-json\/wp\/v2\/media\/12356"}],"wp:attachment":[{"href":"https:\/\/centros.uepb.edu.br\/ccbsa\/wp-json\/wp\/v2\/media?parent=12355"}],"wp:term":[{"taxonomy":"category","embeddable":true,"href":"https:\/\/centros.uepb.edu.br\/ccbsa\/wp-json\/wp\/v2\/categories?post=12355"},{"taxonomy":"post_tag","embeddable":true,"href":"https:\/\/centros.uepb.edu.br\/ccbsa\/wp-json\/wp\/v2\/tags?post=12355"}],"curies":[{"name":"wp","href":"https:\/\/api.w.org\/{rel}","templated":true}]}}