{"id":12318,"date":"2025-11-11T15:28:28","date_gmt":"2025-11-11T15:28:28","guid":{"rendered":"https:\/\/centros.uepb.edu.br\/ccbsa\/?p=12318"},"modified":"2025-11-11T15:30:12","modified_gmt":"2025-11-11T15:30:12","slug":"festival-de-artes-e-participacao-social-promove-edicao-2025-no-campus-v-com-programacao-diversificada","status":"publish","type":"post","link":"https:\/\/centros.uepb.edu.br\/ccbsa\/festival-de-artes-e-participacao-social-promove-edicao-2025-no-campus-v-com-programacao-diversificada\/","title":{"rendered":"Festival de Artes e Participa\u00e7\u00e3o Social promove edi\u00e7\u00e3o 2025 no C\u00e2mpus V com programa\u00e7\u00e3o diversificada\u00a0"},"content":{"rendered":"<div><a href=\"https:\/\/centros.uepb.edu.br\/ccbsa\/files\/2025\/11\/FARPAS-2025-2.png\"><img loading=\"lazy\" decoding=\"async\" class=\"aligncenter size-full wp-image-12319 img-responsive\" src=\"https:\/\/centros.uepb.edu.br\/ccbsa\/files\/2025\/11\/FARPAS-2025-2.png\" alt=\"\" width=\"1200\" height=\"680\" srcset=\"https:\/\/centros.uepb.edu.br\/ccbsa\/files\/2025\/11\/FARPAS-2025-2.png 1200w, https:\/\/centros.uepb.edu.br\/ccbsa\/files\/2025\/11\/FARPAS-2025-2-300x170.png 300w, https:\/\/centros.uepb.edu.br\/ccbsa\/files\/2025\/11\/FARPAS-2025-2-1120x635.png 1120w\" sizes=\"auto, (max-width: 1200px) 100vw, 1200px\" \/><\/a><\/p>\n<p>Nos dias 18 e 19 de novembro, no Campus V da Universidade Estadual da Para\u00edba (UEPB), em Jo\u00e3o Pessoa, ser\u00e1 realizada a edi\u00e7\u00e3o 2025 do FARPAS \u2013 Festival de Artes e Participa\u00e7\u00e3o Social. Este ano, o tema do evento ser\u00e1 \u201cA Margem \u00e9 o Centro\u201d, uma proposta de trazer para o foco do debate assuntos pouco explorados e aprendizados negligenciados historicamente, ou pela grande m\u00eddia, mas que merecem aten\u00e7\u00e3o e cuidado.<\/p>\n<p>Em um circuito de atividades oferecidas como rodas de conversa, oficinas, cineclubes, espet\u00e1culos teatrais e shows musicais, o FARPAS 2025 tem como p\u00fablico-alvo a comunidade estudantil de escolas p\u00fablicas do entorno do Campus V, no Cristo Redentor &#8211; e al\u00e9m. \u201cEste ano teremos a alegria de receber estudantes e professores de tr\u00eas escolas p\u00fablicas, no Festival: as escolas Estadual Orlando Cavalcanti e Padre Pedro Serr\u00e3o, de Jo\u00e3o Pessoa, e a Escola Jo\u00e3o Belmiro, do munic\u00edpio de Bayeux. Assim teremos mais de 200 pessoas como p\u00fablico externo, a cada turno da programa\u00e7\u00e3o\u201d, comemora o professor Henrique Fran\u00e7a, coordenador geral do Projeto de Extens\u00e3o MUDDE, respons\u00e1vel pela realiza\u00e7\u00e3o do FARPAS.<\/p>\n<p>Na programa\u00e7\u00e3o do Festival, que este ano vai das 8h \u00e0s 19h, constam atividades j\u00e1 conhecidas como as oficinas de Macram\u00ea Terap\u00eautico, Fanzine e Combate \u00e0 Desinforma\u00e7\u00e3o, e novidades como oficinas de Passinho, Capoeira, Biscuit, Fotografia Light Painting e Uso da Intelig\u00eancia Artificial como t\u00e9cnica de estudos. Para as rodas de conversa foram convidados especialistas para falar sobre temas como Viver e Trabalhar na Internet, Uso das Redes Sociais, Riscos da Adultiza\u00e7\u00e3o, Viol\u00eancia de G\u00eanero e Repensando a Masculinidade.<\/p>\n<p>Na parte das apresenta\u00e7\u00f5es art\u00edsticas, muita m\u00fasica e um formato in\u00e9dito de aula-espet\u00e1culo no FARPAS. No palco principal haver\u00e1 shows de Caio Czar, muito rock com a Banda Celerados 76 e trap, baladas e m\u00fasica experimental com Toneto e Banda. Tamb\u00e9m haver\u00e1 cinema com a equipe do Projeto Cineclube Campus V, com a exibi\u00e7\u00e3o dos filmes \u201cM8: quando a morte socorre a vida\u201d e \u201cBesouro\u201d, no audit\u00f3rio Pioneiros.<\/p>\n<p>J\u00e1 na tarde da ter\u00e7a-feira, 18 de novembro, em apresenta\u00e7\u00e3o \u00fanica, o Grupo de Teatro Encena trar\u00e1 para o Festival a Aula-Espet\u00e1culo \u201cEu, Augusto\u201d \u2013 um mon\u00f3logo apresentado pelo ator Washington Silva de Farias, que tamb\u00e9m \u00e9 professor do Curso de Letras da Universidade Federal de Campina Grande. Assim, ap\u00f3s o espet\u00e1culo o p\u00fablico ter\u00e1 um momento para conversar com o ator e a diretora do \u201cEu, Augusto\u201d, Celly de Freitas, a respeito da montagem e do pr\u00f3prio poeta que inspirou o mon\u00f3logo.<\/p>\n<p>Todas as atividades do FARPAS s\u00e3o gratuitas e t\u00eam vagas limitadas. Nas oficinas como Macram\u00ea e Biscuit, por exemplo, as pessoas participantes v\u00e3o produzir e levar para casa suas pr\u00f3prias pe\u00e7as. O Festival 2025 tamb\u00e9m contar\u00e1 com uma exposi\u00e7\u00e3o sobre viol\u00eancia de g\u00eanero, cedida pela Secretaria da Mulher. O FARPAS 2025 \u2013 A Margem \u00e9 o Centro, conta com o apoio de parceiros como a Pro-Reitoria de Cultura da UEPB, a ADUEPB \u2013 Sindicato dos Docentes da UEPB, Secretaria de Estado da Cultura (Secult-PB), Dire\u00e7\u00e3o do CCBSA \u2013 Campus V, Projeto Arte e Cultura na Periferia, Dire\u00e7\u00e3o das escolas parceiras e dezenas de convidados e artistas volunt\u00e1rios envolvidos.<\/p>\n<p>As inscri\u00e7\u00f5es podem ser feitas a partir desta quarta-feira, 12 de novembro, pelo link https:\/\/www.even3.com.br\/farpas-a-margem-e-o-centro-639698\/. O FARPAS \u00e9 realizado anualmente desde 2017 e nasceu como atividade de extens\u00e3o do Projeto MUDDE \u2013 Mem\u00f3ria Sociedade e Cidadania, que desenvolve a\u00e7\u00f5es junto \u00e0 comunidade escolar h\u00e1 12 anos.<\/p>\n<p><strong>Programa\u00e7\u00e3o e Inscri\u00e7\u00f5es:<\/strong> <a href=\"https:\/\/www.even3.com.br\/farpas-a-margem-e-o-centro-639698\/\">https:\/\/www.even3.com.br\/farpas-a-margem-e-o-centro-639698\/<\/a><br \/>\n<strong>Mais informa\u00e7\u00f5es: <\/strong>Instagram &#8211; @farpas.uepb<\/p>\n","protected":false},"excerpt":{"rendered":"<p>Nos dias 18 e 19 de novembro, no Campus V da Universidade Estadual da Para\u00edba (UEPB), em Jo\u00e3o Pessoa, ser\u00e1 realizada a edi\u00e7\u00e3o 2025 do FARPAS \u2013 Festival de Artes e Participa\u00e7\u00e3o Social. Este ano, o tema do evento ser\u00e1 \u201cA Margem \u00e9 o Centro\u201d, uma proposta de trazer para o foco do debate assuntos <a class=\"leiamais\" href=\"https:\/\/centros.uepb.edu.br\/ccbsa\/festival-de-artes-e-participacao-social-promove-edicao-2025-no-campus-v-com-programacao-diversificada\/\">Leia Mais&#8230;<\/a><\/p>\n","protected":false},"author":8,"featured_media":12319,"comment_status":"closed","ping_status":"closed","sticky":false,"template":"","format":"standard","meta":{"footnotes":""},"categories":[3,11],"tags":[],"class_list":["post-12318","post","type-post","status-publish","format-standard","has-post-thumbnail","hentry","category-noticias","category-noticias-destaque-img"],"jetpack_featured_media_url":"https:\/\/centros.uepb.edu.br\/ccbsa\/files\/2025\/11\/FARPAS-2025-2.png","_links":{"self":[{"href":"https:\/\/centros.uepb.edu.br\/ccbsa\/wp-json\/wp\/v2\/posts\/12318","targetHints":{"allow":["GET"]}}],"collection":[{"href":"https:\/\/centros.uepb.edu.br\/ccbsa\/wp-json\/wp\/v2\/posts"}],"about":[{"href":"https:\/\/centros.uepb.edu.br\/ccbsa\/wp-json\/wp\/v2\/types\/post"}],"author":[{"embeddable":true,"href":"https:\/\/centros.uepb.edu.br\/ccbsa\/wp-json\/wp\/v2\/users\/8"}],"replies":[{"embeddable":true,"href":"https:\/\/centros.uepb.edu.br\/ccbsa\/wp-json\/wp\/v2\/comments?post=12318"}],"version-history":[{"count":3,"href":"https:\/\/centros.uepb.edu.br\/ccbsa\/wp-json\/wp\/v2\/posts\/12318\/revisions"}],"predecessor-version":[{"id":12322,"href":"https:\/\/centros.uepb.edu.br\/ccbsa\/wp-json\/wp\/v2\/posts\/12318\/revisions\/12322"}],"wp:featuredmedia":[{"embeddable":true,"href":"https:\/\/centros.uepb.edu.br\/ccbsa\/wp-json\/wp\/v2\/media\/12319"}],"wp:attachment":[{"href":"https:\/\/centros.uepb.edu.br\/ccbsa\/wp-json\/wp\/v2\/media?parent=12318"}],"wp:term":[{"taxonomy":"category","embeddable":true,"href":"https:\/\/centros.uepb.edu.br\/ccbsa\/wp-json\/wp\/v2\/categories?post=12318"},{"taxonomy":"post_tag","embeddable":true,"href":"https:\/\/centros.uepb.edu.br\/ccbsa\/wp-json\/wp\/v2\/tags?post=12318"}],"curies":[{"name":"wp","href":"https:\/\/api.w.org\/{rel}","templated":true}]}}