{"id":12315,"date":"2025-11-05T17:38:43","date_gmt":"2025-11-05T17:38:43","guid":{"rendered":"https:\/\/centros.uepb.edu.br\/ccbsa\/?p=12315"},"modified":"2025-11-05T17:38:43","modified_gmt":"2025-11-05T17:38:43","slug":"campus-v-da-uepb-prestigia-a-semana-de-arte-tecnologia-e-economia-criativa-de-escola-parceira-no-programa-primeeira-chance","status":"publish","type":"post","link":"https:\/\/centros.uepb.edu.br\/ccbsa\/campus-v-da-uepb-prestigia-a-semana-de-arte-tecnologia-e-economia-criativa-de-escola-parceira-no-programa-primeeira-chance\/","title":{"rendered":"C\u00e2mpus V da UEPB prestigia a Semana de Arte, Tecnologia e Economia Criativa de Escola Parceira no Programa PrimEeira Chance"},"content":{"rendered":"<p><a href=\"https:\/\/centros.uepb.edu.br\/ccbsa\/files\/2025\/11\/WhatsApp-Image-2025-11-04-at-09.08.47.jpeg\"><img loading=\"lazy\" decoding=\"async\" class=\"aligncenter size-full wp-image-12316 img-responsive\" src=\"https:\/\/centros.uepb.edu.br\/ccbsa\/files\/2025\/11\/WhatsApp-Image-2025-11-04-at-09.08.47.jpeg\" alt=\"\" width=\"1200\" height=\"680\" srcset=\"https:\/\/centros.uepb.edu.br\/ccbsa\/files\/2025\/11\/WhatsApp-Image-2025-11-04-at-09.08.47.jpeg 1200w, https:\/\/centros.uepb.edu.br\/ccbsa\/files\/2025\/11\/WhatsApp-Image-2025-11-04-at-09.08.47-300x170.jpeg 300w, https:\/\/centros.uepb.edu.br\/ccbsa\/files\/2025\/11\/WhatsApp-Image-2025-11-04-at-09.08.47-1120x635.jpeg 1120w\" sizes=\"auto, (max-width: 1200px) 100vw, 1200px\" \/><\/a><\/p>\n<p>O C\u00e2mpus V da Universidade Estadual da Para\u00edba (UEPB) esteve presente na abertura da 2\u00aa edi\u00e7\u00e3o da Semana de Arte, Tecnologia<br \/>\ne Economia Criativa realizada pela Escola T\u00e9cnica Estadual de Arte, Tecnologia e Economia Criativa Poeta Juca Pontes, no dia 4 de novembro.<\/p>\n<p>A Escola \u00e9 parceira da UEPB no \u00e2mbito do Programa Primeira Chance, que oportuniza o est\u00e1gio de estudantes nos setores de assessoria de comunica\u00e7\u00e3o e tecnologia da informa\u00e7\u00e3o do Centro de Ci\u00eancias Biol\u00f3gicas e Sociais Aplicadas.\u00a0Atualmente, a UEPB acolhe estudantes dos cursos de cursos t\u00e9cnicos em design gr\u00e1fico, produ\u00e7\u00e3o de \u00e1udio e v\u00eddeo e inform\u00e1tica.<\/p>\n<p>Durante o evento, os servidores da UEPB, Filipy Galiza e Juliana Marques, que acompanham os estagi\u00e1rios do Programa Primeira Chance, puderam conhecer os diversos projetos t\u00e9cnicos, art\u00edsticos e de inova\u00e7\u00e3o desenvolvidos na Escola.<\/p>\n","protected":false},"excerpt":{"rendered":"<p>O C\u00e2mpus V da Universidade Estadual da Para\u00edba (UEPB) esteve presente na abertura da 2\u00aa edi\u00e7\u00e3o da Semana de Arte, Tecnologia e Economia Criativa realizada pela Escola T\u00e9cnica Estadual de Arte, Tecnologia e Economia Criativa Poeta Juca Pontes, no dia 4 de novembro. A Escola \u00e9 parceira da UEPB no \u00e2mbito do Programa Primeira Chance, <a class=\"leiamais\" href=\"https:\/\/centros.uepb.edu.br\/ccbsa\/campus-v-da-uepb-prestigia-a-semana-de-arte-tecnologia-e-economia-criativa-de-escola-parceira-no-programa-primeeira-chance\/\">Leia Mais&#8230;<\/a><\/p>\n","protected":false},"author":8,"featured_media":12316,"comment_status":"closed","ping_status":"closed","sticky":false,"template":"","format":"standard","meta":{"footnotes":""},"categories":[3,11],"tags":[],"class_list":["post-12315","post","type-post","status-publish","format-standard","has-post-thumbnail","hentry","category-noticias","category-noticias-destaque-img"],"jetpack_featured_media_url":"https:\/\/centros.uepb.edu.br\/ccbsa\/files\/2025\/11\/WhatsApp-Image-2025-11-04-at-09.08.47.jpeg","_links":{"self":[{"href":"https:\/\/centros.uepb.edu.br\/ccbsa\/wp-json\/wp\/v2\/posts\/12315","targetHints":{"allow":["GET"]}}],"collection":[{"href":"https:\/\/centros.uepb.edu.br\/ccbsa\/wp-json\/wp\/v2\/posts"}],"about":[{"href":"https:\/\/centros.uepb.edu.br\/ccbsa\/wp-json\/wp\/v2\/types\/post"}],"author":[{"embeddable":true,"href":"https:\/\/centros.uepb.edu.br\/ccbsa\/wp-json\/wp\/v2\/users\/8"}],"replies":[{"embeddable":true,"href":"https:\/\/centros.uepb.edu.br\/ccbsa\/wp-json\/wp\/v2\/comments?post=12315"}],"version-history":[{"count":1,"href":"https:\/\/centros.uepb.edu.br\/ccbsa\/wp-json\/wp\/v2\/posts\/12315\/revisions"}],"predecessor-version":[{"id":12317,"href":"https:\/\/centros.uepb.edu.br\/ccbsa\/wp-json\/wp\/v2\/posts\/12315\/revisions\/12317"}],"wp:featuredmedia":[{"embeddable":true,"href":"https:\/\/centros.uepb.edu.br\/ccbsa\/wp-json\/wp\/v2\/media\/12316"}],"wp:attachment":[{"href":"https:\/\/centros.uepb.edu.br\/ccbsa\/wp-json\/wp\/v2\/media?parent=12315"}],"wp:term":[{"taxonomy":"category","embeddable":true,"href":"https:\/\/centros.uepb.edu.br\/ccbsa\/wp-json\/wp\/v2\/categories?post=12315"},{"taxonomy":"post_tag","embeddable":true,"href":"https:\/\/centros.uepb.edu.br\/ccbsa\/wp-json\/wp\/v2\/tags?post=12315"}],"curies":[{"name":"wp","href":"https:\/\/api.w.org\/{rel}","templated":true}]}}