{"id":12266,"date":"2025-09-30T17:33:23","date_gmt":"2025-09-30T17:33:23","guid":{"rendered":"https:\/\/centros.uepb.edu.br\/ccbsa\/?p=12266"},"modified":"2025-09-30T17:34:07","modified_gmt":"2025-09-30T17:34:07","slug":"direcao-do-ccbsa-emite-nota-de-esclarecimento-sobre-a-situacao-da-quadra","status":"publish","type":"post","link":"https:\/\/centros.uepb.edu.br\/ccbsa\/direcao-do-ccbsa-emite-nota-de-esclarecimento-sobre-a-situacao-da-quadra\/","title":{"rendered":"Dire\u00e7\u00e3o do CCBSA emite nota de esclarecimento \u00e0 comunidade acad\u00eamica sobre a situa\u00e7\u00e3o da quadra do CCBSA"},"content":{"rendered":"<p lang=\"pt-PT\" align=\"center\"><span style=\"font-size: large\"><b>Nota de Esclarecimento<\/b><\/span><\/p>\n<p class=\"western\" lang=\"pt-PT\" align=\"justify\">A Dire\u00e7\u00e3o do CCBSA\/Campus V da UEPB vem a p\u00fablico esclarecer \u00e0 comunidade acad\u00eamica sobre a Campanha \u201cQuadra n\u00e3o \u00e9 dep\u00f3sito\u201d.<\/p>\n<p class=\"western\" lang=\"pt-PT\" align=\"justify\">Quando assumimos a gest\u00e3o, encontramos a quadra do Centro parcialmente ocupada por motivos de for\u00e7a maior, em raz\u00e3o da obra da Biblioteca e do N\u00facleo Integrado de Cultura e Artes (NICA). Parte do espa\u00e7o foi utilizada, de forma provis\u00f3ria, pela marcenaria, para que outros servi\u00e7os da universidade n\u00e3o fossem prejudicados.<\/p>\n<p class=\"western\" lang=\"pt-PT\" align=\"justify\">Informamos que o processo de desocupa\u00e7\u00e3o j\u00e1 est\u00e1 em andamento: m\u00e1quinas e materiais que estavam no local foram retirados, e j\u00e1 solicitamos a remo\u00e7\u00e3o de outros itens, restando apenas aqueles cuja remo\u00e7\u00e3o depende da conclus\u00e3o da obra da Biblioteca\/NICA. Reafirmamos, assim, nosso compromisso de devolver integralmente a quadra \u00e0 sua fun\u00e7\u00e3o original, como \u00e1rea de lazer e pr\u00e1tica de esportes.<\/p>\n<p class=\"western\" lang=\"pt-PT\" align=\"justify\">Paralelamente, j\u00e1 estamos adotando medidas para melhoria da infraestrutura do espa\u00e7o. At\u00e9 o fim do ano, ser\u00e3o realizados reparos na ilumina\u00e7\u00e3o do gin\u00e1sio e, em breve, a equipe de engenharia da PROINFRA\/UEPB estar\u00e1 no Centro para avaliar as instala\u00e7\u00f5es e elaborar o projeto de recupera\u00e7\u00e3o do piso da quadra.<\/p>\n<p class=\"western\" lang=\"pt-PT\" align=\"justify\">Contamos com a compreens\u00e3o e paci\u00eancia de todos neste processo de transi\u00e7\u00e3o e refor\u00e7amos que esta Dire\u00e7\u00e3o est\u00e1 sempre aberta ao di\u00e1logo. Nosso gabinete permanece \u00e0 disposi\u00e7\u00e3o para receber sugest\u00f5es e esclarecer d\u00favidas.<\/p>\n<p class=\"western\" lang=\"pt-PT\" align=\"center\"><span style=\"font-size: small\"><span style=\"color: #212121\"><span style=\"font-size: large\"><b>Dire\u00e7\u00e3o<\/b><\/span><\/span><b> <\/b><span style=\"color: #212121\"><span style=\"font-size: large\"><b>do<\/b><\/span><\/span><b> <\/b><span style=\"color: #212121\"><span style=\"font-size: large\"><b>CCBSA<\/b><\/span><\/span><b> <\/b><span style=\"color: #212121\"><span style=\"font-size: large\"><b>&#8211;<\/b><\/span><\/span><b> <\/b><span style=\"color: #212121\"><span style=\"font-size: large\"><b>UEPB<\/b><\/span><\/span><b> <\/b><span style=\"color: #212121\"><span style=\"font-size: large\"><b>(Campus<\/b><\/span><\/span><b> <\/b><span style=\"color: #212121\"><span style=\"font-size: large\"><b>V)<\/b><\/span><\/span><\/span><\/p>\n<p class=\"western\" lang=\"pt-PT\">\n","protected":false},"excerpt":{"rendered":"<p>Nota de Esclarecimento A Dire\u00e7\u00e3o do CCBSA\/Campus V da UEPB vem a p\u00fablico esclarecer \u00e0 comunidade acad\u00eamica sobre a Campanha \u201cQuadra n\u00e3o \u00e9 dep\u00f3sito\u201d. Quando assumimos a gest\u00e3o, encontramos a quadra do Centro parcialmente ocupada por motivos de for\u00e7a maior, em raz\u00e3o da obra da Biblioteca e do N\u00facleo Integrado de Cultura e Artes (NICA). <a class=\"leiamais\" href=\"https:\/\/centros.uepb.edu.br\/ccbsa\/direcao-do-ccbsa-emite-nota-de-esclarecimento-sobre-a-situacao-da-quadra\/\">Leia Mais&#8230;<\/a><\/p>\n","protected":false},"author":8,"featured_media":12268,"comment_status":"closed","ping_status":"closed","sticky":false,"template":"","format":"standard","meta":{"footnotes":""},"categories":[3,11],"tags":[],"class_list":["post-12266","post","type-post","status-publish","format-standard","has-post-thumbnail","hentry","category-noticias","category-noticias-destaque-img"],"jetpack_featured_media_url":"https:\/\/centros.uepb.edu.br\/ccbsa\/files\/2025\/09\/ComunicadoComunicado-Comunicado-Comunicado.png","_links":{"self":[{"href":"https:\/\/centros.uepb.edu.br\/ccbsa\/wp-json\/wp\/v2\/posts\/12266","targetHints":{"allow":["GET"]}}],"collection":[{"href":"https:\/\/centros.uepb.edu.br\/ccbsa\/wp-json\/wp\/v2\/posts"}],"about":[{"href":"https:\/\/centros.uepb.edu.br\/ccbsa\/wp-json\/wp\/v2\/types\/post"}],"author":[{"embeddable":true,"href":"https:\/\/centros.uepb.edu.br\/ccbsa\/wp-json\/wp\/v2\/users\/8"}],"replies":[{"embeddable":true,"href":"https:\/\/centros.uepb.edu.br\/ccbsa\/wp-json\/wp\/v2\/comments?post=12266"}],"version-history":[{"count":2,"href":"https:\/\/centros.uepb.edu.br\/ccbsa\/wp-json\/wp\/v2\/posts\/12266\/revisions"}],"predecessor-version":[{"id":12270,"href":"https:\/\/centros.uepb.edu.br\/ccbsa\/wp-json\/wp\/v2\/posts\/12266\/revisions\/12270"}],"wp:featuredmedia":[{"embeddable":true,"href":"https:\/\/centros.uepb.edu.br\/ccbsa\/wp-json\/wp\/v2\/media\/12268"}],"wp:attachment":[{"href":"https:\/\/centros.uepb.edu.br\/ccbsa\/wp-json\/wp\/v2\/media?parent=12266"}],"wp:term":[{"taxonomy":"category","embeddable":true,"href":"https:\/\/centros.uepb.edu.br\/ccbsa\/wp-json\/wp\/v2\/categories?post=12266"},{"taxonomy":"post_tag","embeddable":true,"href":"https:\/\/centros.uepb.edu.br\/ccbsa\/wp-json\/wp\/v2\/tags?post=12266"}],"curies":[{"name":"wp","href":"https:\/\/api.w.org\/{rel}","templated":true}]}}