{"id":1226,"date":"2013-11-20T15:29:38","date_gmt":"2013-11-20T15:29:38","guid":{"rendered":"\/ccbsa\/?p=1226"},"modified":"2013-11-20T16:57:37","modified_gmt":"2013-11-20T16:57:37","slug":"curso-de-arquivologia-participa-de-momento-historico-de-fundacao-da-associacao-dos-arquivistas-da-paraiba","status":"publish","type":"post","link":"https:\/\/centros.uepb.edu.br\/ccbsa\/curso-de-arquivologia-participa-de-momento-historico-de-fundacao-da-associacao-dos-arquivistas-da-paraiba\/","title":{"rendered":"Curso de Arquivologia participa de momento hist\u00f3rico de funda\u00e7\u00e3o da Associa\u00e7\u00e3o dos Arquivistas da Para\u00edba"},"content":{"rendered":"<p><a href=\"http:\/\/centros.ascom.uepb.edu.br\/ccbsa\/files\/2013\/11\/SAM_6586ED.jpg\"><img loading=\"lazy\" decoding=\"async\" class=\"alignleft size-thumbnail wp-image-1227 img-responsive\" alt=\"SAM_6586ED\" src=\"http:\/\/centros.ascom.uepb.edu.br\/ccbsa\/files\/2013\/11\/SAM_6586ED-150x150.jpg\" width=\"150\" height=\"150\" \/><\/a>Docentes, discentes, t\u00e9cnicos administrativos e egressos do curso de Arquivologia da Universidade Estadual da Para\u00edba, estiveram presentes, na noite desta ter\u00e7a-feira (19) na Academia Paraibana de Letras, na assembleia de funda\u00e7\u00e3o da Associa\u00e7\u00e3o dos Arquivistas da Para\u00edba (AAPB).<\/p>\n<p>A mesa de abertura do evento contou com a participa\u00e7\u00e3o da coordenadora do bacharelado em Arquivologia, Maria Jos\u00e9 Cordeiro Lima, a coordenadora do arquivo geral da UFPB e representante do curso de Arquivologia da UFPB, Rosa Zuleide, a presidente da comiss\u00e3o provis\u00f3ria de funda\u00e7\u00e3o da associa\u00e7\u00e3o, professora Esmeralda Porf\u00edrio Sales, o assessor jur\u00eddico da Associa\u00e7\u00e3o, Andr\u00e9 Vanderlei Soares, e o arquivista egresso da UEPB, Luis Eduardo Ferreira.<\/p>\n<p>Na oportunidade, a coordenadora do curso de Arquivologia, professora Maria Jos\u00e9, destacou a import\u00e2ncia desse evento para a Arquivologia na<a href=\"http:\/\/centros.ascom.uepb.edu.br\/ccbsa\/files\/2013\/11\/PROFESSORA-MARA1.jpg\"><img loading=\"lazy\" decoding=\"async\" class=\"size-thumbnail wp-image-1229 alignright img-responsive\" alt=\"PROFESSORA MARA1\" src=\"http:\/\/centros.ascom.uepb.edu.br\/ccbsa\/files\/2013\/11\/PROFESSORA-MARA1-150x150.jpg\" width=\"150\" height=\"150\" \/><\/a> Para\u00edba, fez um balan\u00e7o da hist\u00f3ria arquiv\u00edstica do Estado desde a implanta\u00e7\u00e3o do curso pioneiro da UEPB e destacou o empenho da comiss\u00e3o provis\u00f3ria para criar a entidade.<\/p>\n<p>\u201c\u00c9 um momento hist\u00f3rico emblem\u00e1tico de bastante relev\u00e2ncia. N\u00f3s temos um diferencial em rela\u00e7\u00e3o a todo o pa\u00eds, por sermos a \u00fanica capital brasileira com dois cursos de Arquivologia. Temos um grande n\u00famero de profissionais da \u00e1rea ingressando no mercado todos os dias e \u00e9 importante a cria\u00e7\u00e3o desta entidade que \u00e9 um instrumento pol\u00edtico fundamental pra consolidar o profissional da arquivologia diante da sociedade\u201d, avaliou o docente.<\/p>\n<p>A professora Esmeralda Sales, que foi a respons\u00e1vel pela idealiza\u00e7\u00e3o da associa\u00e7\u00e3o e, desde 2010, atua junto com uma comiss\u00e3o provis\u00f3ria buscando viabilizar administrativa e juridicamente a cria\u00e7\u00e3o da AAPB, lembrou dos esfor\u00e7os empreendidos pelos integrantes da comiss\u00e3o e destacou que \u201capesar das dificuldades a arquiv\u00edstica da Para\u00edba passa a ter uma entidade que poder\u00e1 fortalecer a classe e servir de refer\u00eancia para os profissionais\u201d.<\/p>\n<p>Durante o evento foi apresentado o estatuto da AAPB e houve a institucionaliza\u00e7\u00e3o da associa\u00e7\u00e3o. A entidade atuar\u00e1 com o intuito de fortalecer uma representatividade profissional num Estado que conta com dois cursos de Arquivologia, profissionais atuando no mercado de trabalho e que, muitas vezes, esbarram em problemas como o desconhecimento da sociedade sobre a import\u00e2ncia da atua\u00e7\u00e3o destes profissionais nas empresas.<\/p>\n<p>A AAPB poder\u00e1 auxiliar na fiscaliza\u00e7\u00e3o dos arquivos paraibanos, divulga\u00e7\u00e3o junto \u00e0 sociedade sobre o perfil e a import\u00e2ncia do arquivista nas institui\u00e7\u00f5es, mobiliza\u00e7\u00e3o de estudantes e profissionais da \u00e1rea na luta por causas comuns \u00e0 categoria, entre outros encaminhamentos.<\/p>\n<p><strong>Hist\u00f3rico de cria\u00e7\u00e3o da AAPB<\/strong><\/p>\n<p>A ideia de cria\u00e7\u00e3o da AAPB surgiu em 2010, \u00e9poca em que a UEPB recebeu o presidente do Sindicato e Associa\u00e7\u00e3o de Arquivistas do Rio de Janeiro, Daniel Beltran, que, na ocasi\u00e3o, colaborou com as novas perspectivas de organiza\u00e7\u00e3o de classe na Para\u00edba. Desde ent\u00e3o, foram realizadas reuni\u00f5es para discutir a cria\u00e7\u00e3o desta associa\u00e7\u00e3o, estatuto, regimento entre outras quest\u00f5es, at\u00e9 que fosse organizada a assembleia geral de funda\u00e7\u00e3o da entidade.<\/p>\n<p>&nbsp;<\/p>\n<p>&nbsp;<\/p>\n","protected":false},"excerpt":{"rendered":"<p>Docentes, discentes, t\u00e9cnicos administrativos e egressos do curso de Arquivologia da Universidade Estadual da Para\u00edba, estiveram presentes, na noite desta ter\u00e7a-feira (19) na Academia Paraibana de Letras, na assembleia de funda\u00e7\u00e3o da Associa\u00e7\u00e3o dos Arquivistas da Para\u00edba (AAPB). A mesa de abertura do evento contou com a participa\u00e7\u00e3o da coordenadora do bacharelado em Arquivologia, Maria <a class=\"leiamais\" href=\"https:\/\/centros.uepb.edu.br\/ccbsa\/curso-de-arquivologia-participa-de-momento-historico-de-fundacao-da-associacao-dos-arquivistas-da-paraiba\/\">Leia Mais&#8230;<\/a><\/p>\n","protected":false},"author":8,"featured_media":0,"comment_status":"open","ping_status":"open","sticky":false,"template":"","format":"standard","meta":{"footnotes":""},"categories":[3,5],"tags":[],"class_list":["post-1226","post","type-post","status-publish","format-standard","hentry","category-noticias","category-visiveis"],"jetpack_featured_media_url":"","_links":{"self":[{"href":"https:\/\/centros.uepb.edu.br\/ccbsa\/wp-json\/wp\/v2\/posts\/1226","targetHints":{"allow":["GET"]}}],"collection":[{"href":"https:\/\/centros.uepb.edu.br\/ccbsa\/wp-json\/wp\/v2\/posts"}],"about":[{"href":"https:\/\/centros.uepb.edu.br\/ccbsa\/wp-json\/wp\/v2\/types\/post"}],"author":[{"embeddable":true,"href":"https:\/\/centros.uepb.edu.br\/ccbsa\/wp-json\/wp\/v2\/users\/8"}],"replies":[{"embeddable":true,"href":"https:\/\/centros.uepb.edu.br\/ccbsa\/wp-json\/wp\/v2\/comments?post=1226"}],"version-history":[{"count":0,"href":"https:\/\/centros.uepb.edu.br\/ccbsa\/wp-json\/wp\/v2\/posts\/1226\/revisions"}],"wp:attachment":[{"href":"https:\/\/centros.uepb.edu.br\/ccbsa\/wp-json\/wp\/v2\/media?parent=1226"}],"wp:term":[{"taxonomy":"category","embeddable":true,"href":"https:\/\/centros.uepb.edu.br\/ccbsa\/wp-json\/wp\/v2\/categories?post=1226"},{"taxonomy":"post_tag","embeddable":true,"href":"https:\/\/centros.uepb.edu.br\/ccbsa\/wp-json\/wp\/v2\/tags?post=1226"}],"curies":[{"name":"wp","href":"https:\/\/api.w.org\/{rel}","templated":true}]}}