{"id":12226,"date":"2025-09-18T11:06:10","date_gmt":"2025-09-18T11:06:10","guid":{"rendered":"https:\/\/centros.uepb.edu.br\/ccbsa\/?p=12226"},"modified":"2025-09-18T11:06:59","modified_gmt":"2025-09-18T11:06:59","slug":"campus-v-sedia-palestra-promovida-pelo-profei-sobre-inclusao-de-estudantes-com-surdez","status":"publish","type":"post","link":"https:\/\/centros.uepb.edu.br\/ccbsa\/campus-v-sedia-palestra-promovida-pelo-profei-sobre-inclusao-de-estudantes-com-surdez\/","title":{"rendered":"C\u00e2mpus V sedia palestra promovida pelo PROFEI sobre inclus\u00e3o de estudantes com surdez"},"content":{"rendered":"<p><a href=\"https:\/\/centros.uepb.edu.br\/ccbsa\/files\/2025\/09\/WhatsApp-Image-2025-09-17-at-13.38.13-1.jpeg\"><img loading=\"lazy\" decoding=\"async\" class=\"aligncenter size-full wp-image-12228 img-responsive\" src=\"https:\/\/centros.uepb.edu.br\/ccbsa\/files\/2025\/09\/WhatsApp-Image-2025-09-17-at-13.38.13-1.jpeg\" alt=\"\" width=\"1200\" height=\"680\" srcset=\"https:\/\/centros.uepb.edu.br\/ccbsa\/files\/2025\/09\/WhatsApp-Image-2025-09-17-at-13.38.13-1.jpeg 1200w, https:\/\/centros.uepb.edu.br\/ccbsa\/files\/2025\/09\/WhatsApp-Image-2025-09-17-at-13.38.13-1-300x170.jpeg 300w, https:\/\/centros.uepb.edu.br\/ccbsa\/files\/2025\/09\/WhatsApp-Image-2025-09-17-at-13.38.13-1-1120x635.jpeg 1120w\" sizes=\"auto, (max-width: 1200px) 100vw, 1200px\" \/><\/a><\/p>\n<p>O Mestrado Profissional em Educa\u00e7\u00e3o Inclusiva (PROFEI) da Universidade Estadual da Para\u00edba (UEPB) que integra a Rede Nacional, realizou, nesta quarta-feira (17) no audit\u00f3rio do C\u00e2mpus V da UEPB, em Jo\u00e3o Pessoa, a palestra \u201cEduca\u00e7\u00e3o bil\u00edngue de alunos surdos\u201d, que ser\u00e1 ministrada pela professora bil\u00edngue de educa\u00e7\u00e3o especial e mestranda em educa\u00e7\u00e3o inclusiva Fernanda Carolina do Carmo.\u00a0Participaram do evento int\u00e9rpretes de libras, professores, t\u00e9cnicos administrativos e estudantes com interesse na tem\u00e1tica.<\/p>\n<p>Durante o evento a palestrante exp\u00f4s os materiais que ela faz uso a partir de adapta\u00e7\u00f5es que podem facilitar a atua\u00e7\u00e3o do tradutor. Fernanda tamb\u00e9m explicou que a libras \u00e9 uma linguagem que independe do portugu\u00eas, n\u00e3o \u00e9 uma l\u00edngua submissa, refor\u00e7ando a import\u00e2ncia desta linguagem e pontuando as dificuldades enfrentadas para o processo de alfabetiza\u00e7\u00e3o das pessoas com surdez.<\/p>\n<p>Para a professora e int\u00e9rprete de libras Wandeylma Vi\u00e9gas a palestra sobre Educa\u00e7\u00e3o Bil\u00edngue de alunos Surdos foi muito enriquecedora pois destacou a import\u00e2ncia da acessibilidade como direito fundamental e n\u00e3o apenas como recurso. &#8220;Foram exibidos materiais e adapta\u00e7\u00f5es de atividades que devem fazer parte da pr\u00e1tica pedag\u00f3gica, favorecendo a inclus\u00e3o e o aprendizado dos alunos surdos. Ressalto ainda a necessidade de que a acessibilidade e a educa\u00e7\u00e3o bil\u00edngue estejam inseridas na grade curricular das institui\u00e7\u00f5es, garantindo uma forma\u00e7\u00e3o mais justa e igualit\u00e1ria&#8221;, avalia.<\/p>\n<p>Esse evento foi promovido pelo PROFEI, que \u00e9 um curso de ensino h\u00edbrido com oferta simult\u00e2nea nacional, constitu\u00eddo por uma rede nacional de institui\u00e7\u00f5es de ensino superior conduzindo ao t\u00edtulo de mestre em educa\u00e7\u00e3o inclusiva.<\/p>\n<p>A UEPB foi aprovada no Edital 11\/2021 de credenciamento e expans\u00e3o da rede do mestrado profissional em educa\u00e7\u00e3o inclusiva da Universidade Estadual Paulista \u201cJ\u00falio de Mesquita Filho\u201d \u2013 UNESP, visando \u00e0 expans\u00e3o da rede do PROFEI \u2013 Mestrado Profissional em Educa\u00e7\u00e3o Inclusiva, e assim foram abertos novos caminhos para a educa\u00e7\u00e3o inclusiva no Estado da Para\u00edba, com a elabora\u00e7\u00e3o de projetos de extens\u00e3o e de pesquisa, em \u00e2mbito nacional e internacional.<\/p>\n<p><strong>Texto e foto<\/strong>: Juliana Marques<\/p>\n","protected":false},"excerpt":{"rendered":"<p>O Mestrado Profissional em Educa\u00e7\u00e3o Inclusiva (PROFEI) da Universidade Estadual da Para\u00edba (UEPB) que integra a Rede Nacional, realizou, nesta quarta-feira (17) no audit\u00f3rio do C\u00e2mpus V da UEPB, em Jo\u00e3o Pessoa, a palestra \u201cEduca\u00e7\u00e3o bil\u00edngue de alunos surdos\u201d, que ser\u00e1 ministrada pela professora bil\u00edngue de educa\u00e7\u00e3o especial e mestranda em educa\u00e7\u00e3o inclusiva Fernanda Carolina <a class=\"leiamais\" href=\"https:\/\/centros.uepb.edu.br\/ccbsa\/campus-v-sedia-palestra-promovida-pelo-profei-sobre-inclusao-de-estudantes-com-surdez\/\">Leia Mais&#8230;<\/a><\/p>\n","protected":false},"author":8,"featured_media":12228,"comment_status":"closed","ping_status":"closed","sticky":false,"template":"","format":"standard","meta":{"footnotes":""},"categories":[3,11],"tags":[],"class_list":["post-12226","post","type-post","status-publish","format-standard","has-post-thumbnail","hentry","category-noticias","category-noticias-destaque-img"],"jetpack_featured_media_url":"https:\/\/centros.uepb.edu.br\/ccbsa\/files\/2025\/09\/WhatsApp-Image-2025-09-17-at-13.38.13-1.jpeg","_links":{"self":[{"href":"https:\/\/centros.uepb.edu.br\/ccbsa\/wp-json\/wp\/v2\/posts\/12226","targetHints":{"allow":["GET"]}}],"collection":[{"href":"https:\/\/centros.uepb.edu.br\/ccbsa\/wp-json\/wp\/v2\/posts"}],"about":[{"href":"https:\/\/centros.uepb.edu.br\/ccbsa\/wp-json\/wp\/v2\/types\/post"}],"author":[{"embeddable":true,"href":"https:\/\/centros.uepb.edu.br\/ccbsa\/wp-json\/wp\/v2\/users\/8"}],"replies":[{"embeddable":true,"href":"https:\/\/centros.uepb.edu.br\/ccbsa\/wp-json\/wp\/v2\/comments?post=12226"}],"version-history":[{"count":2,"href":"https:\/\/centros.uepb.edu.br\/ccbsa\/wp-json\/wp\/v2\/posts\/12226\/revisions"}],"predecessor-version":[{"id":12230,"href":"https:\/\/centros.uepb.edu.br\/ccbsa\/wp-json\/wp\/v2\/posts\/12226\/revisions\/12230"}],"wp:featuredmedia":[{"embeddable":true,"href":"https:\/\/centros.uepb.edu.br\/ccbsa\/wp-json\/wp\/v2\/media\/12228"}],"wp:attachment":[{"href":"https:\/\/centros.uepb.edu.br\/ccbsa\/wp-json\/wp\/v2\/media?parent=12226"}],"wp:term":[{"taxonomy":"category","embeddable":true,"href":"https:\/\/centros.uepb.edu.br\/ccbsa\/wp-json\/wp\/v2\/categories?post=12226"},{"taxonomy":"post_tag","embeddable":true,"href":"https:\/\/centros.uepb.edu.br\/ccbsa\/wp-json\/wp\/v2\/tags?post=12226"}],"curies":[{"name":"wp","href":"https:\/\/api.w.org\/{rel}","templated":true}]}}