{"id":1218,"date":"2013-11-19T18:53:24","date_gmt":"2013-11-19T18:53:24","guid":{"rendered":"\/ccbsa\/?p=1218"},"modified":"2013-11-19T18:54:42","modified_gmt":"2013-11-19T18:54:42","slug":"mestrado-em-relacoes-internacionais-da-uepb-promove-2o-seminario-de-pesquisa-com-a-participacao-de-pesquisadores-da-unb","status":"publish","type":"post","link":"https:\/\/centros.uepb.edu.br\/ccbsa\/mestrado-em-relacoes-internacionais-da-uepb-promove-2o-seminario-de-pesquisa-com-a-participacao-de-pesquisadores-da-unb\/","title":{"rendered":"Mestrado em Rela\u00e7\u00f5es Internacionais da UEPB promove 2\u00ba Semin\u00e1rio de Pesquisa"},"content":{"rendered":"<p>O Mestrado em Rela\u00e7\u00f5es Internacionais (MRI) da Universidade Estadual da Para\u00edba promove nos dias 25 e 26 de novembro, no audit\u00f3rio do Campus V, o 2\u00ba Semin\u00e1rio de Pesquisa do MRI, que objetiva dar visibilidade \u00e0s pesquisas realizadas no referido programa de p\u00f3s-gradua\u00e7\u00e3o e enriquecer as produ\u00e7\u00f5es a partir das cr\u00edticas de docentes e pesquisadores participantes do evento.<\/p>\n<p>A abertura oficial do semin\u00e1rio ocorre no dia 25 de novembro, \u00e0s 9h, seguida da confer\u00eancia \u201cO Estado da Arte da \u00c1rea de Rela\u00e7\u00f5es Internacionais no Brasil\u201d, a ser ministrada pelo diretor do Instituto de Rela\u00e7\u00f5es Internacionais da Universidade de Bras\u00edlia, Eiiti Sato e o coordenador dos Programas de P\u00f3s-Gradua\u00e7\u00e3o em Rela\u00e7\u00f5es Internacionais da Universidade de Bras\u00edlia, Ant\u00f4nio Carlos Lessa. O semin\u00e1rio prossegue, \u00e0s 15h, com uma reuni\u00e3o entre os docentes do MRI e os professores externos.<\/p>\n<p>De acordo com o coordenador adjunto do Mestrado em Rela\u00e7\u00f5es Internacionais, professor Henrique Altemani, a vinda dos pesquisadores da UnB \u00e9 fruto da parceria desta institui\u00e7\u00e3o com a UEPB, que, desde 2009, possibilita um interc\u00e2mbio de experi\u00eancias que qualifica as atividades do MRI e possibilita um maior respaldo ao que \u00e9 produzido.<\/p>\n<p>O dia 26 de novembro, das 9h30 \u00e0s 12h e das 15 \u00e0s 18h, ser\u00e1 marcado pela apresenta\u00e7\u00e3o das pesquisas desenvolvidas pelos alunos da turma de 2012 do Mestrado em Rela\u00e7\u00f5es Internacionais, com a presen\u00e7a dos Professores Eiiti Sato e Ant\u00f4nio Carlos Lessa (UnB), T\u00falio S\u00e9rgio Henriques Ferreira (UFPB) e todos os professores permanentes do Programa de P\u00f3s-Gradua\u00e7\u00e3o da UEPB.<\/p>\n<p>Na oportunidade os presentes poder\u00e3o tecer cr\u00edticas, an\u00e1lises, sugest\u00f5es, com o intuito de aprimorar os trabalhos que ir\u00e3o gerar disserta\u00e7\u00f5es de mestrado. Podem participar estudantes, professores e pesquisadores de Rela\u00e7\u00f5es Internacionais e \u00e1reas afins. Para o professor Henrique Altemani essa atividade \u00e9 importante para mestrandos, que tem a possibilidade de ouvir outras opini\u00f5es a respeito do trabalho que desenvolver\u00e3o, e, para os graduandos e demais participantes, \u00e9 uma oportunidade de ter contato com a produ\u00e7\u00e3o acad\u00eamica, conhecer o processo de constru\u00e7\u00e3o de uma pesquisa e amadurecer ideias para sua vida acad\u00eamica.<\/p>\n<p>Acesse\u00a0[wpfilebase tag=fileurl id=65 linktext=aqui \/] \u00e0 programa\u00e7\u00e3o completa do evento.<\/p>\n","protected":false},"excerpt":{"rendered":"<p>O Mestrado em Rela\u00e7\u00f5es Internacionais (MRI) da Universidade Estadual da Para\u00edba promove nos dias 25 e 26 de novembro, no audit\u00f3rio do Campus V, o 2\u00ba Semin\u00e1rio de Pesquisa do MRI, que objetiva dar visibilidade \u00e0s pesquisas realizadas no referido programa de p\u00f3s-gradua\u00e7\u00e3o e enriquecer as produ\u00e7\u00f5es a partir das cr\u00edticas de docentes e pesquisadores <a class=\"leiamais\" href=\"https:\/\/centros.uepb.edu.br\/ccbsa\/mestrado-em-relacoes-internacionais-da-uepb-promove-2o-seminario-de-pesquisa-com-a-participacao-de-pesquisadores-da-unb\/\">Leia Mais&#8230;<\/a><\/p>\n","protected":false},"author":8,"featured_media":0,"comment_status":"open","ping_status":"open","sticky":false,"template":"","format":"standard","meta":{"footnotes":""},"categories":[3,5],"tags":[],"class_list":["post-1218","post","type-post","status-publish","format-standard","hentry","category-noticias","category-visiveis"],"jetpack_featured_media_url":"","_links":{"self":[{"href":"https:\/\/centros.uepb.edu.br\/ccbsa\/wp-json\/wp\/v2\/posts\/1218","targetHints":{"allow":["GET"]}}],"collection":[{"href":"https:\/\/centros.uepb.edu.br\/ccbsa\/wp-json\/wp\/v2\/posts"}],"about":[{"href":"https:\/\/centros.uepb.edu.br\/ccbsa\/wp-json\/wp\/v2\/types\/post"}],"author":[{"embeddable":true,"href":"https:\/\/centros.uepb.edu.br\/ccbsa\/wp-json\/wp\/v2\/users\/8"}],"replies":[{"embeddable":true,"href":"https:\/\/centros.uepb.edu.br\/ccbsa\/wp-json\/wp\/v2\/comments?post=1218"}],"version-history":[{"count":0,"href":"https:\/\/centros.uepb.edu.br\/ccbsa\/wp-json\/wp\/v2\/posts\/1218\/revisions"}],"wp:attachment":[{"href":"https:\/\/centros.uepb.edu.br\/ccbsa\/wp-json\/wp\/v2\/media?parent=1218"}],"wp:term":[{"taxonomy":"category","embeddable":true,"href":"https:\/\/centros.uepb.edu.br\/ccbsa\/wp-json\/wp\/v2\/categories?post=1218"},{"taxonomy":"post_tag","embeddable":true,"href":"https:\/\/centros.uepb.edu.br\/ccbsa\/wp-json\/wp\/v2\/tags?post=1218"}],"curies":[{"name":"wp","href":"https:\/\/api.w.org\/{rel}","templated":true}]}}