{"id":1201,"date":"2013-11-18T13:11:57","date_gmt":"2013-11-18T13:11:57","guid":{"rendered":"\/ccbsa\/?p=1201"},"modified":"2013-11-18T14:34:56","modified_gmt":"2013-11-18T14:34:56","slug":"programa-de-assessoria-de-comunicacao-do-campus-v-realiza-inscricao-de-colaboradores","status":"publish","type":"post","link":"https:\/\/centros.uepb.edu.br\/ccbsa\/programa-de-assessoria-de-comunicacao-do-campus-v-realiza-inscricao-de-colaboradores\/","title":{"rendered":"Programa de assessoria de comunica\u00e7\u00e3o do Campus V realiza inscri\u00e7\u00e3o de colaboradores"},"content":{"rendered":"<p>Aprovado recentemente junto \u00e0 Pro-reitoria de Extens\u00e3o da Universidade Estadual da Para\u00edba, o projeto \u201cA comunica\u00e7\u00e3o como instrumento de consolida\u00e7\u00e3o institucional: um programa de assessoria de comunica\u00e7\u00e3o aplicado a Campus V\u201d, est\u00e1 com inscri\u00e7\u00f5es abertas para colaboradores dos tr\u00eas cursos de gradua\u00e7\u00e3o do Centro de Ci\u00eancias Biol\u00f3gicas e Sociais Aplicadas.<\/p>\n<p>Podem se inscrever estudantes a partir do 2\u00ba per\u00edodo do curso, com disponibilidade de tempo para participar das reuni\u00f5es presenciais do projeto, oficinas, cobertura de eventos, dentre outras atividades voltadas \u00e0 perspectiva de divulga\u00e7\u00e3o e comunica\u00e7\u00e3o institucional e que tenham interesse em fotografia, comunica\u00e7\u00e3o, m\u00eddias sociais, tecnologias.<\/p>\n<p>De acordo com a coordenadora do projeto, a t\u00e9cnica administrativa Juliana Marques, \u201cembora os estudantes do Campus V n\u00e3o cursem Jornalismo, Rela\u00e7\u00f5es P\u00fablicas ou outro forma\u00e7\u00e3o na \u00e1rea de Comunica\u00e7\u00e3o Social, durante o projeto ser\u00e3o desenvolvidas percep\u00e7\u00f5es sobre a comunica\u00e7\u00e3o escrita, visual, audiovisual, que servir\u00e3o como uma forma\u00e7\u00e3o transversal complementar e importante para a vida acad\u00eamica e profissional, independente da \u00e1rea de atua\u00e7\u00e3o dos discentes\u201d.<\/p>\n<p>Ap\u00f3s a inscri\u00e7\u00e3o dos colaboradores ser\u00e1 formada a equipe de Assessoria de Comunica\u00e7\u00e3o do Campus que atuar\u00e1 com o registro dos eventos e atividades do CCBSA, divulga\u00e7\u00e3o via site institucional e redes sociais, apoio em eventos, monitoramento de m\u00eddia, treinamento de m\u00eddia com gestores, entre outras a\u00e7\u00f5es.<\/p>\n<p>Nesta fase inicial a equipe do projeto passar\u00e1 por oficinas de prepara\u00e7\u00e3o sobre a UEPB e o Campus V, texto jornal\u00edstico, fotojornalismo, eventos, media training, edi\u00e7\u00e3o de imagens e editora\u00e7\u00e3o gr\u00e1fica.<\/p>\n<p>Para se inscrever no projeto \u00e9 necess\u00e1rio preencher a [wpfilebase tag=fileurl id=64 linktext=ficha \/] de cadastro e enviar para o e-mail <a href=\"mailto:imprensaccbsa@gmail.com\">imprensaccbsa@gmail.com<\/a> at\u00e9 o dia 20 de novembro. Ap\u00f3s as inscri\u00e7\u00f5es a coordena\u00e7\u00e3o do projeto entrar\u00e1 em contato informando sobre as reuni\u00f5es. Os colaboradores recebem certificado de participa\u00e7\u00e3o de acordo com a carga hor\u00e1ria de cada participante.<\/p>\n","protected":false},"excerpt":{"rendered":"<p>Aprovado recentemente junto \u00e0 Pro-reitoria de Extens\u00e3o da Universidade Estadual da Para\u00edba, o projeto \u201cA comunica\u00e7\u00e3o como instrumento de consolida\u00e7\u00e3o institucional: um programa de assessoria de comunica\u00e7\u00e3o aplicado a Campus V\u201d, est\u00e1 com inscri\u00e7\u00f5es abertas para colaboradores dos tr\u00eas cursos de gradua\u00e7\u00e3o do Centro de Ci\u00eancias Biol\u00f3gicas e Sociais Aplicadas. Podem se inscrever estudantes a <a class=\"leiamais\" href=\"https:\/\/centros.uepb.edu.br\/ccbsa\/programa-de-assessoria-de-comunicacao-do-campus-v-realiza-inscricao-de-colaboradores\/\">Leia Mais&#8230;<\/a><\/p>\n","protected":false},"author":8,"featured_media":0,"comment_status":"open","ping_status":"open","sticky":false,"template":"","format":"standard","meta":{"footnotes":""},"categories":[3,5],"tags":[],"class_list":["post-1201","post","type-post","status-publish","format-standard","hentry","category-noticias","category-visiveis"],"jetpack_featured_media_url":"","_links":{"self":[{"href":"https:\/\/centros.uepb.edu.br\/ccbsa\/wp-json\/wp\/v2\/posts\/1201","targetHints":{"allow":["GET"]}}],"collection":[{"href":"https:\/\/centros.uepb.edu.br\/ccbsa\/wp-json\/wp\/v2\/posts"}],"about":[{"href":"https:\/\/centros.uepb.edu.br\/ccbsa\/wp-json\/wp\/v2\/types\/post"}],"author":[{"embeddable":true,"href":"https:\/\/centros.uepb.edu.br\/ccbsa\/wp-json\/wp\/v2\/users\/8"}],"replies":[{"embeddable":true,"href":"https:\/\/centros.uepb.edu.br\/ccbsa\/wp-json\/wp\/v2\/comments?post=1201"}],"version-history":[{"count":0,"href":"https:\/\/centros.uepb.edu.br\/ccbsa\/wp-json\/wp\/v2\/posts\/1201\/revisions"}],"wp:attachment":[{"href":"https:\/\/centros.uepb.edu.br\/ccbsa\/wp-json\/wp\/v2\/media?parent=1201"}],"wp:term":[{"taxonomy":"category","embeddable":true,"href":"https:\/\/centros.uepb.edu.br\/ccbsa\/wp-json\/wp\/v2\/categories?post=1201"},{"taxonomy":"post_tag","embeddable":true,"href":"https:\/\/centros.uepb.edu.br\/ccbsa\/wp-json\/wp\/v2\/tags?post=1201"}],"curies":[{"name":"wp","href":"https:\/\/api.w.org\/{rel}","templated":true}]}}