{"id":11958,"date":"2025-06-05T12:53:20","date_gmt":"2025-06-05T12:53:20","guid":{"rendered":"https:\/\/centros.uepb.edu.br\/ccbsa\/?p=11958"},"modified":"2025-06-05T13:05:54","modified_gmt":"2025-06-05T13:05:54","slug":"nepda-realiza-seminario-para-celebrar-o-dia-mundial-do-refugiado-com-pesquisadores-do-canada-e-afeganistao","status":"publish","type":"post","link":"https:\/\/centros.uepb.edu.br\/ccbsa\/nepda-realiza-seminario-para-celebrar-o-dia-mundial-do-refugiado-com-pesquisadores-do-canada-e-afeganistao\/","title":{"rendered":"NEPDA realiza Semin\u00e1rio para celebrar o Dia Mundial do Refugiado com pesquisadores do Canad\u00e1 e Afeganist\u00e3o"},"content":{"rendered":"<p><a href=\"https:\/\/centros.uepb.edu.br\/ccbsa\/files\/2025\/06\/WhatsApp-Image-2025-06-05-at-09.40.10.jpeg\"><img loading=\"lazy\" decoding=\"async\" class=\"aligncenter size-full wp-image-11960 img-responsive\" src=\"https:\/\/centros.uepb.edu.br\/ccbsa\/files\/2025\/06\/WhatsApp-Image-2025-06-05-at-09.40.10.jpeg\" alt=\"\" width=\"1200\" height=\"680\" srcset=\"https:\/\/centros.uepb.edu.br\/ccbsa\/files\/2025\/06\/WhatsApp-Image-2025-06-05-at-09.40.10.jpeg 1200w, https:\/\/centros.uepb.edu.br\/ccbsa\/files\/2025\/06\/WhatsApp-Image-2025-06-05-at-09.40.10-300x170.jpeg 300w, https:\/\/centros.uepb.edu.br\/ccbsa\/files\/2025\/06\/WhatsApp-Image-2025-06-05-at-09.40.10-1120x635.jpeg 1120w\" sizes=\"auto, (max-width: 1200px) 100vw, 1200px\" \/><\/a><\/p>\n<p>Com a participa\u00e7\u00e3o de estudantes da gradua\u00e7\u00e3o e p\u00f3s-gradua\u00e7\u00e3o em Rela\u00e7\u00f5es Internacionais, foi realizado nesta quarta-feira (5), no C\u00e2mpus V da Universidade Estadual da Para\u00edba (UEPB), um Semin\u00e1rio para a apresenta\u00e7\u00e3o de estudos desenvolvidos por pesquisadores visitantes do N\u00facleo de Estudo e Pesquisa sobre Deslocados Ambientais (NEPDA).<\/p>\n<p>O evento ocorre em alus\u00e3o ao Dia Mundial do Refugiado, celebrado em 20 de junho, com o objetivo de refor\u00e7ar a mensagem de que todas as pessoas \u2013 n\u00e3o importa quem, onde ou quando \u2013 t\u00eam o direito de serem protegidas contra guerras, persegui\u00e7\u00f5es e viola\u00e7\u00f5es dos seus direitos humanos.<\/p>\n<p><a href=\"https:\/\/centros.uepb.edu.br\/ccbsa\/files\/2025\/06\/WhatsApp-Image-2025-06-05-at-09.40.13-1.jpeg\"><img loading=\"lazy\" decoding=\"async\" class=\"aligncenter size-full wp-image-11959 img-responsive\" src=\"https:\/\/centros.uepb.edu.br\/ccbsa\/files\/2025\/06\/WhatsApp-Image-2025-06-05-at-09.40.13-1.jpeg\" alt=\"\" width=\"1200\" height=\"680\" srcset=\"https:\/\/centros.uepb.edu.br\/ccbsa\/files\/2025\/06\/WhatsApp-Image-2025-06-05-at-09.40.13-1.jpeg 1200w, https:\/\/centros.uepb.edu.br\/ccbsa\/files\/2025\/06\/WhatsApp-Image-2025-06-05-at-09.40.13-1-300x170.jpeg 300w, https:\/\/centros.uepb.edu.br\/ccbsa\/files\/2025\/06\/WhatsApp-Image-2025-06-05-at-09.40.13-1-1120x635.jpeg 1120w\" sizes=\"auto, (max-width: 1200px) 100vw, 1200px\" \/><\/a><\/p>\n<p>Na oportunidade, o professor afeg\u00e3o, Juma Rasuli, que \u00e9 visitante do curso de Rela\u00e7\u00f5es Internacionais e doutor em economia pol\u00edtica internacional apresentou a pesquisa com o t\u00edtulo \u201cDesafios e oportunidades dos afeg\u00e3os no Brasil\u201d. E a pesquisadora do Departamento de Pol\u00edtica da Universidade de York, no Canad\u00e1, professora Nergis Canefe, exp\u00f4s o trabalho intitulado \u201cDireitos humanos cr\u00edticos para pessoas deslocadas\u201d.<\/p>\n<p>Essa \u00e9 a primeira atividade da professora Nergis Canefe desde que a mesma chegou ao Brasil aprovada como professora visitante pelo Programa Para\u00edba Sem Fronteiras, que \u00e9 desenvolvido pela Secretaria de Estado da Ci\u00eancia, Tecnologia, Inova\u00e7\u00e3o e Ensino Superior (Secties) e Funda\u00e7\u00e3o de Apoio \u00e0 Pesquisa da Para\u00edba (Fapesq). A perspectiva \u00e9 que a docente possa desenvolver pesquisas em conjunto com pesquisadores da UEPB, participar de eventos e realizar publica\u00e7\u00f5es em parceria.<\/p>\n<p>A pesquisadora, que desenvolve estudos com foco na imigra\u00e7\u00e3o for\u00e7ada, deslocamento e direitos humanos em geral, j\u00e1 desenvolveu trabalhos comparados na \u00c1frica do Sul, \u00cdndia e Alemanha, e deve se dedicar nos pr\u00f3ximos tr\u00eas meses a estudar a realidade brasileira. \u201cA Am\u00e9rica Latina \u00e9 uma especialista em desenvolver estudos sobre migra\u00e7\u00e3o for\u00e7ada a partir de uma perspectiva decolonial. E al\u00e9m disso, h\u00e1 uma quest\u00e3o mundial que \u00e9 relacionada ao tratamento destinado a pessoas que n\u00e3o se enquadram nem como imigrantes, nem como refugiados e que ficam a merc\u00ea de infra\u00e7\u00f5es relacionadas aos direitos humanos. Inclusive eu estive na Alemanha estudando isso. E a perspectiva \u00e9 que possamos realizar estudos comparados entre as experi\u00eancias no Brasil e no exterior\u201d, explica Nergis.<\/p>\n<p>Para a coordenadora do NEPDA, professora Andrea Pac\u00edfico, a vinda da professora Nergis Canefe, do Centro de Estudos de Refugiados, da Universidade de York, Canad\u00e1, tem o papel fundamental de atrair discentes e colegas para entender e se preocupar com a atual crise humanit\u00e1ria mundial, que tem culminado numa enorme onde de viola\u00e7\u00e3o de direitos humanos e falta de prote\u00e7\u00e3o a refugiados e outros deslocados, especialmente os deslocados ambientais e clim\u00e1ticos. \u201cO impacto de sua vinda tende a ser positivo, pois a Para\u00edba, hoje, \u00e9 um estado de acolhimento e integra\u00e7\u00e3o de refugiados, migrantes for\u00e7ados e deslocados ambientais. Assim, sua expertise, especialmente na \u00e1rea de direitos humanos cr\u00edticos, vai trazer nova luz pra os estudos locais, dar visibilidade internacional aos dilemas paraibanos e buscar, juntos, boas pr\u00e1ticas para enfrentar o dilema\u201d, avalia.<\/p>\n<p><strong>Sobre o NEPDA<\/strong><\/p>\n<p>Criado em abril de 2012 para aglutinar pesquisadores locais, nacionais e internacionais interessados na problem\u00e1tica dos deslocados ambientais, o NEPDA busca dar visibilidade a este grupo de migrantes ainda ausente de prote\u00e7\u00e3o dos regimes internacionais e com pouca prote\u00e7\u00e3o dos governos nacionais donde migram e onde buscam acolhimento. Os deslocados ambientais (para alguns, refugiados ambientais ou clim\u00e1ticos) s\u00e3o caracterizados como migrantes for\u00e7ados, por se deslocarem de seu local de origem em busca de sobreviv\u00eancia, sem escolha entre ir ou permanecer.<\/p>\n<p>A UEPB, atrav\u00e9s do NEPDA, integra a Ag\u00eancia da ONU para Refugiados (ACNUR), e desde 2014, atrav\u00e9s dessa parceria, a C\u00e1tedra S\u00e9rgio Vieira de Mello (CSVM) passou a ser abrigada pelo N\u00facleo. Desde ent\u00e3o, h\u00e1 oferta de disciplina sobre migra\u00e7\u00e3o for\u00e7ada e refugiados no curso de Rela\u00e7\u00f5es Internacionais, discuss\u00e3o em diversas disciplinas, artigos publicados e semin\u00e1rios realizados, dentre outras a\u00e7\u00f5es.<\/p>\n<p><strong>Texto e fotos<\/strong>:<em> Juliana Marques<\/em><\/p>\n","protected":false},"excerpt":{"rendered":"<p>Com a participa\u00e7\u00e3o de estudantes da gradua\u00e7\u00e3o e p\u00f3s-gradua\u00e7\u00e3o em Rela\u00e7\u00f5es Internacionais, foi realizado nesta quarta-feira (5), no C\u00e2mpus V da Universidade Estadual da Para\u00edba (UEPB), um Semin\u00e1rio para a apresenta\u00e7\u00e3o de estudos desenvolvidos por pesquisadores visitantes do N\u00facleo de Estudo e Pesquisa sobre Deslocados Ambientais (NEPDA). O evento ocorre em alus\u00e3o ao Dia Mundial <a class=\"leiamais\" href=\"https:\/\/centros.uepb.edu.br\/ccbsa\/nepda-realiza-seminario-para-celebrar-o-dia-mundial-do-refugiado-com-pesquisadores-do-canada-e-afeganistao\/\">Leia Mais&#8230;<\/a><\/p>\n","protected":false},"author":8,"featured_media":11960,"comment_status":"closed","ping_status":"closed","sticky":false,"template":"","format":"standard","meta":{"footnotes":""},"categories":[3,11],"tags":[],"class_list":["post-11958","post","type-post","status-publish","format-standard","has-post-thumbnail","hentry","category-noticias","category-noticias-destaque-img"],"jetpack_featured_media_url":"https:\/\/centros.uepb.edu.br\/ccbsa\/files\/2025\/06\/WhatsApp-Image-2025-06-05-at-09.40.10.jpeg","_links":{"self":[{"href":"https:\/\/centros.uepb.edu.br\/ccbsa\/wp-json\/wp\/v2\/posts\/11958","targetHints":{"allow":["GET"]}}],"collection":[{"href":"https:\/\/centros.uepb.edu.br\/ccbsa\/wp-json\/wp\/v2\/posts"}],"about":[{"href":"https:\/\/centros.uepb.edu.br\/ccbsa\/wp-json\/wp\/v2\/types\/post"}],"author":[{"embeddable":true,"href":"https:\/\/centros.uepb.edu.br\/ccbsa\/wp-json\/wp\/v2\/users\/8"}],"replies":[{"embeddable":true,"href":"https:\/\/centros.uepb.edu.br\/ccbsa\/wp-json\/wp\/v2\/comments?post=11958"}],"version-history":[{"count":0,"href":"https:\/\/centros.uepb.edu.br\/ccbsa\/wp-json\/wp\/v2\/posts\/11958\/revisions"}],"wp:featuredmedia":[{"embeddable":true,"href":"https:\/\/centros.uepb.edu.br\/ccbsa\/wp-json\/wp\/v2\/media\/11960"}],"wp:attachment":[{"href":"https:\/\/centros.uepb.edu.br\/ccbsa\/wp-json\/wp\/v2\/media?parent=11958"}],"wp:term":[{"taxonomy":"category","embeddable":true,"href":"https:\/\/centros.uepb.edu.br\/ccbsa\/wp-json\/wp\/v2\/categories?post=11958"},{"taxonomy":"post_tag","embeddable":true,"href":"https:\/\/centros.uepb.edu.br\/ccbsa\/wp-json\/wp\/v2\/tags?post=11958"}],"curies":[{"name":"wp","href":"https:\/\/api.w.org\/{rel}","templated":true}]}}