{"id":11913,"date":"2025-05-29T13:05:57","date_gmt":"2025-05-29T13:05:57","guid":{"rendered":"https:\/\/centros.uepb.edu.br\/ccbsa\/?p=11913"},"modified":"2025-05-29T13:05:57","modified_gmt":"2025-05-29T13:05:57","slug":"projeto-de-pesquisadora-do-campus-v-e-aprovado-em-edital-da-fapesq-com-foco-no-protagonismo-feminino-na-ciencia","status":"publish","type":"post","link":"https:\/\/centros.uepb.edu.br\/ccbsa\/projeto-de-pesquisadora-do-campus-v-e-aprovado-em-edital-da-fapesq-com-foco-no-protagonismo-feminino-na-ciencia\/","title":{"rendered":"Projeto de pesquisadora do C\u00e2mpus V \u00e9 aprovado em edital da Fapesq com foco no protagonismo feminino na ci\u00eancia"},"content":{"rendered":"<p>O projeto de pesquisa \u201cSemin\u00e1rios de Saberes Arquiv\u00edsticos (SESA): Intelig\u00eancia Artificial e Pr\u00e1ticas Educativos-Decoloniais para a valoriza\u00e7\u00e3o da mem\u00f3ria e promo\u00e7\u00e3o do pensamento cr\u00edtico\u201d, de autoria da professora do curso de arquivologia e Programa de P\u00f3s-gradua\u00e7\u00e3o em Gest\u00e3o de Documentos e Governan\u00e7a Arquiv\u00edstica (PPGDARQ) do C\u00e2mpus V da Universidade Estadual da Para\u00edba (UEPB), Eliete Correia dos Santos, foi contemplado em processo seletivo da Funda\u00e7\u00e3o de Apoio \u00e0 Pesquisa do Estado da Para\u00edba (Fapesq-PB) por meio de edital de \u201cApoio ao Protagonismo Cient\u00edfico de Mulheres e Meninas na Ci\u00eancia\u201d.<\/p>\n<p>O edital, que oferecer\u00e1 um aporte de at\u00e9 R$ 50 mil para fortalecimento de pesquisas, visa contribuir com o protagonismo feminino no Estado, apoiando trabalhos cient\u00edficos, tecnol\u00f3gicos e de inova\u00e7\u00e3o, desenvolvidos por pesquisadoras mulheres, que n\u00e3o apenas fazem ci\u00eancia voltada para a quest\u00e3o feminina, mas que apresentaram propostas com import\u00e2ncia para o desenvolvimento do Estado.<\/p>\n<p>A pesquisa da professora Eliete\u00a0investiga como a integra\u00e7\u00e3o de pr\u00e1ticas educativas, dial\u00f3gicas e decoloniais no contexto arquiv\u00edstico, aliada ao uso de intelig\u00eancia artificial (IA) aplicada \u00e0 difus\u00e3o de arquivos, pode promover a valoriza\u00e7\u00e3o da mem\u00f3ria hist\u00f3rica local e estimular o desenvolvimento do pensamento cr\u00edtico e cultural nas comunidades, com foco na justi\u00e7a social e epist\u00eamica.\u00a0A relev\u00e2ncia do estudo reside na transforma\u00e7\u00e3o das pr\u00e1ticas arquiv\u00edsticas, que passam de um foco exclusivo na preserva\u00e7\u00e3o de documentos para uma maior \u00eanfase no acesso \u00e0 informa\u00e7\u00e3o e no engajamento com o usu\u00e1rio.<\/p>\n<p>Com P\u00f3s-doutorado em Educa\u00e7\u00e3o Contempor\u00e2nea e Doutorado em Lingu\u00edstica a professora Eliete possui uma vasta produ\u00e7\u00e3o acad\u00eamica, com 44 artigos publicados em peri\u00f3dicos, 26 livros, 62 cap\u00edtulos de livros e 64 trabalhos em anais, al\u00e9m de mais de 100 apresenta\u00e7\u00f5es de trabalho e dezenas de palestras. Essa forma\u00e7\u00e3o, aliada a experi\u00eancia acad\u00eamica, devem possibilitar o sucesso do Projeto de pesquisa que conta com a participa\u00e7\u00e3o das mestrandas do PPGDARQ e da doutoranda do Programa de P\u00f3s-Gradua\u00e7\u00e3o em Linguagem e Ensino da Universidade Federal de Campina Grande, respectivamente, Ana Carolina Santos, Gabriela Garcia Londres e Wiliana Borges.<\/p>\n<p>A perspectiva \u00e9 que essa pesquisa, que est\u00e1 sendo conduzida em arquivos p\u00fablicos e privados da Para\u00edba, utilizando IA para mapear e interpretar intera\u00e7\u00f5es e pr\u00e1ticas educativas possibilite um maior acesso a documentos hist\u00f3ricos, a valoriza\u00e7\u00e3o da mem\u00f3ria cultural local e a implementa\u00e7\u00e3o de metodologias decoloniais nas pr\u00e1ticas arquiv\u00edsticas. Espera-se tamb\u00e9m um engajamento ativo de estudantes e comunidades, contribuindo para o desenvolvimento de novas pr\u00e1ticas pedag\u00f3gicas e fortalecendo a consci\u00eancia cr\u00edtica e hist\u00f3rica. Os impactos do projeto se estendem \u00e0 forma\u00e7\u00e3o de uma rede de colabora\u00e7\u00e3o entre arquivos, escolas e comunidades, al\u00e9m de influenciar pol\u00edticas p\u00fablicas e iniciativas que integrem educa\u00e7\u00e3o e preserva\u00e7\u00e3o de mem\u00f3ria, promovendo a diversidade e inclus\u00e3o nas pr\u00e1ticas arquiv\u00edsticas.<\/p>\n<p>Al\u00e9m do Projeto da docente do C\u00e2mpus V, na UEPB foram contempladas as seguintes pesquisadoras e seus respectivos projetos: Risolene Alves de Macena Ara\u00fajo, com o projeto \u201cDo Papel \u00e0 Pr\u00e1tica: Estrat\u00e9gias ESG para a Sustentabilidade em \u00d3rg\u00e3os P\u00fablicos Paraibanos\u201d; Izadora Xavier do Monte, com \u201cExperi\u00eancia de Mulheres em Ensino Superior do Estado da Para\u00edba \u2013 estudo sobre viol\u00eancias e rela\u00e7\u00f5es de poder na universidade\u201d; e Mauriene Silva de Freitas, com o projeto \u201cFeminic\u00eddio sob Investiga\u00e7\u00e3o\u201d.<\/p>\n<p>As quatro propostas assinaladas pela UEPB comp\u00f5em o total das dez contempladas, num universo de 57 proposituras apresentadas neste edital da Fapesq.<\/p>\n","protected":false},"excerpt":{"rendered":"<p>O projeto de pesquisa \u201cSemin\u00e1rios de Saberes Arquiv\u00edsticos (SESA): Intelig\u00eancia Artificial e Pr\u00e1ticas Educativos-Decoloniais para a valoriza\u00e7\u00e3o da mem\u00f3ria e promo\u00e7\u00e3o do pensamento cr\u00edtico\u201d, de autoria da professora do curso de arquivologia e Programa de P\u00f3s-gradua\u00e7\u00e3o em Gest\u00e3o de Documentos e Governan\u00e7a Arquiv\u00edstica (PPGDARQ) do C\u00e2mpus V da Universidade Estadual da Para\u00edba (UEPB), Eliete Correia <a class=\"leiamais\" href=\"https:\/\/centros.uepb.edu.br\/ccbsa\/projeto-de-pesquisadora-do-campus-v-e-aprovado-em-edital-da-fapesq-com-foco-no-protagonismo-feminino-na-ciencia\/\">Leia Mais&#8230;<\/a><\/p>\n","protected":false},"author":8,"featured_media":0,"comment_status":"closed","ping_status":"closed","sticky":false,"template":"","format":"standard","meta":{"footnotes":""},"categories":[3,13],"tags":[],"class_list":["post-11913","post","type-post","status-publish","format-standard","hentry","category-noticias","category-noticias-destaque"],"jetpack_featured_media_url":"","_links":{"self":[{"href":"https:\/\/centros.uepb.edu.br\/ccbsa\/wp-json\/wp\/v2\/posts\/11913","targetHints":{"allow":["GET"]}}],"collection":[{"href":"https:\/\/centros.uepb.edu.br\/ccbsa\/wp-json\/wp\/v2\/posts"}],"about":[{"href":"https:\/\/centros.uepb.edu.br\/ccbsa\/wp-json\/wp\/v2\/types\/post"}],"author":[{"embeddable":true,"href":"https:\/\/centros.uepb.edu.br\/ccbsa\/wp-json\/wp\/v2\/users\/8"}],"replies":[{"embeddable":true,"href":"https:\/\/centros.uepb.edu.br\/ccbsa\/wp-json\/wp\/v2\/comments?post=11913"}],"version-history":[{"count":0,"href":"https:\/\/centros.uepb.edu.br\/ccbsa\/wp-json\/wp\/v2\/posts\/11913\/revisions"}],"wp:attachment":[{"href":"https:\/\/centros.uepb.edu.br\/ccbsa\/wp-json\/wp\/v2\/media?parent=11913"}],"wp:term":[{"taxonomy":"category","embeddable":true,"href":"https:\/\/centros.uepb.edu.br\/ccbsa\/wp-json\/wp\/v2\/categories?post=11913"},{"taxonomy":"post_tag","embeddable":true,"href":"https:\/\/centros.uepb.edu.br\/ccbsa\/wp-json\/wp\/v2\/tags?post=11913"}],"curies":[{"name":"wp","href":"https:\/\/api.w.org\/{rel}","templated":true}]}}