{"id":11897,"date":"2025-05-27T14:20:37","date_gmt":"2025-05-27T14:20:37","guid":{"rendered":"https:\/\/centros.uepb.edu.br\/ccbsa\/?p=11897"},"modified":"2025-05-27T14:20:37","modified_gmt":"2025-05-27T14:20:37","slug":"2a-edicao-do-farpaia-e-realizado-pela-equipe-do-farpas-com-a-participacao-da-comunidade-do-campus-v","status":"publish","type":"post","link":"https:\/\/centros.uepb.edu.br\/ccbsa\/2a-edicao-do-farpaia-e-realizado-pela-equipe-do-farpas-com-a-participacao-da-comunidade-do-campus-v\/","title":{"rendered":"2\u00aa edi\u00e7\u00e3o do Farpai\u00e1 \u00e9 realizado pela equipe do Farpas com a participa\u00e7\u00e3o da comunidade do C\u00e2mpus V"},"content":{"rendered":"\n\t\t<style type=\"text\/css\">\n\t\t\t#gallery-1 {\n\t\t\t\tmargin: auto;\n\t\t\t}\n\t\t\t#gallery-1 .gallery-item {\n\t\t\t\tfloat: left;\n\t\t\t\tmargin-top: 10px;\n\t\t\t\ttext-align: center;\n\t\t\t\twidth: 33%;\n\t\t\t}\n\t\t\t#gallery-1 img {\n\t\t\t\tborder: 2px solid #cfcfcf;\n\t\t\t}\n\t\t\t#gallery-1 .gallery-caption {\n\t\t\t\tmargin-left: 0;\n\t\t\t}\n\t\t\t\/* see gallery_shortcode() in wp-includes\/media.php *\/\n\t\t<\/style>\n\t\t<div id='gallery-1' class='gallery galleryid-11897 gallery-columns-3 gallery-size-full'><dl class='gallery-item'>\n\t\t\t<dt class='gallery-icon landscape'>\n\t\t\t\t<a href='https:\/\/centros.uepb.edu.br\/ccbsa\/files\/2025\/05\/WhatsApp-Image-2025-05-27-at-10.42.12-1.jpeg'><img loading=\"lazy\" decoding=\"async\" width=\"1200\" height=\"680\" src=\"https:\/\/centros.uepb.edu.br\/ccbsa\/files\/2025\/05\/WhatsApp-Image-2025-05-27-at-10.42.12-1.jpeg\" class=\"attachment-full size-full\" alt=\"\" srcset=\"https:\/\/centros.uepb.edu.br\/ccbsa\/files\/2025\/05\/WhatsApp-Image-2025-05-27-at-10.42.12-1.jpeg 1200w, https:\/\/centros.uepb.edu.br\/ccbsa\/files\/2025\/05\/WhatsApp-Image-2025-05-27-at-10.42.12-1-300x170.jpeg 300w, https:\/\/centros.uepb.edu.br\/ccbsa\/files\/2025\/05\/WhatsApp-Image-2025-05-27-at-10.42.12-1-1120x635.jpeg 1120w\" sizes=\"auto, (max-width: 1200px) 100vw, 1200px\" \/><\/a>\n\t\t\t<\/dt><\/dl><dl class='gallery-item'>\n\t\t\t<dt class='gallery-icon landscape'>\n\t\t\t\t<a href='https:\/\/centros.uepb.edu.br\/ccbsa\/files\/2025\/05\/WhatsApp-Image-2025-05-27-at-10.42.13-1-1.png'><img loading=\"lazy\" decoding=\"async\" width=\"1200\" height=\"680\" src=\"https:\/\/centros.uepb.edu.br\/ccbsa\/files\/2025\/05\/WhatsApp-Image-2025-05-27-at-10.42.13-1-1.png\" class=\"attachment-full size-full\" alt=\"\" srcset=\"https:\/\/centros.uepb.edu.br\/ccbsa\/files\/2025\/05\/WhatsApp-Image-2025-05-27-at-10.42.13-1-1.png 1200w, https:\/\/centros.uepb.edu.br\/ccbsa\/files\/2025\/05\/WhatsApp-Image-2025-05-27-at-10.42.13-1-1-300x170.png 300w, https:\/\/centros.uepb.edu.br\/ccbsa\/files\/2025\/05\/WhatsApp-Image-2025-05-27-at-10.42.13-1-1-1120x635.png 1120w\" sizes=\"auto, (max-width: 1200px) 100vw, 1200px\" \/><\/a>\n\t\t\t<\/dt><\/dl>\n\t\t\t<br style='clear: both' \/>\n\t\t<\/div>\n\n<p>Comidas t\u00edpicas, quadrilha, forr\u00f3 p\u00e9-de-serra, decora\u00e7\u00e3o t\u00edpica, bingo e elei\u00e7\u00e3o de rei e rainha do milho foram alguns dos elementos que compuseram a segunda edi\u00e7\u00e3o do Farpai\u00e1, evento realizado nesta segunda-feira (26), no hall do bloco de salas de aula do C\u00e2mpus V da Universidade Estadual da Para\u00edba (UEPB), pela equipe do Festival de Artes e Participa\u00e7\u00e3o Social (Farpas), vinculado ao projeto de extens\u00e3o \u201cMem\u00f3ria, sociedade e cidadania (MUDDE): reflex\u00f5es para al\u00e9m dos muros acad\u00eamicos\u201d.<\/p>\n<p>Mais do que uma festa, o Farpai\u00e1 foi idealizado para unir arte, mem\u00f3ria e conviv\u00eancia criando um espa\u00e7o de encontro, express\u00e3o popular e pertencimento, para aprecia\u00e7\u00e3o da m\u00fasica, dan\u00e7a, comidas t\u00edpicas e brincadeiras tradicionais. O coordenador do evento, professor Henrique Fran\u00e7a, celebrou a realiza\u00e7\u00e3o desse evento honra, com singeleza, as tradi\u00e7\u00f5es nordestinas e re\u00fane a comunidade acad\u00eamica, amigos, familiares. &#8220;A gente precisa entender que a universidade \u00e9 al\u00e9m de uma sala de aula, \u00e9 preciso unir esses espa\u00e7os de provoca\u00e7\u00f5es sociais, de encontro. Estamos muito felizes com essa segunda edi\u00e7\u00e3o&#8221;, explica. A estudante do curso de Rela\u00e7\u00f5es Internacionais Iasmin Ven\u00e2ncio, refor\u00e7a que esse evento \u00e9 uma oportunidade para que os estudantes de fora possam ter uma imers\u00e3o nos principais elementos dos festejos juninos e h\u00e1 a intera\u00e7\u00e3o entre estudantes, t\u00e9cnicos-administrativos e docentes do C\u00e2mpus V.<\/p>\n<p>O Farpai\u00e1 surgiu como uma proposta de valoriza\u00e7\u00e3o da cultura nordestina e de fortalecimento dos la\u00e7os entre a universidade e a comunidade local, resgatando os elementos mais simb\u00f3licos dos tradicionais festejos juninos. A primeira edi\u00e7\u00e3o, realizada em junho de 2024, foi um verdadeiro sucesso de p\u00fablico e participa\u00e7\u00e3o, reunindo estudantes, professores, t\u00e9cnicos-administrativos, familiares e moradores da regi\u00e3o em uma noite marcada pelo acolhimento, pela alegria e pela celebra\u00e7\u00e3o da identidade cultural nordestina.<\/p>\n<p>&nbsp;<\/p>\n","protected":false},"excerpt":{"rendered":"<p>Comidas t\u00edpicas, quadrilha, forr\u00f3 p\u00e9-de-serra, decora\u00e7\u00e3o t\u00edpica, bingo e elei\u00e7\u00e3o de rei e rainha do milho foram alguns dos elementos que compuseram a segunda edi\u00e7\u00e3o do Farpai\u00e1, evento realizado nesta segunda-feira (26), no hall do bloco de salas de aula do C\u00e2mpus V da Universidade Estadual da Para\u00edba (UEPB), pela equipe do Festival de Artes <a class=\"leiamais\" href=\"https:\/\/centros.uepb.edu.br\/ccbsa\/2a-edicao-do-farpaia-e-realizado-pela-equipe-do-farpas-com-a-participacao-da-comunidade-do-campus-v\/\">Leia Mais&#8230;<\/a><\/p>\n","protected":false},"author":8,"featured_media":11900,"comment_status":"closed","ping_status":"closed","sticky":false,"template":"","format":"standard","meta":{"footnotes":""},"categories":[3,11],"tags":[],"class_list":["post-11897","post","type-post","status-publish","format-standard","has-post-thumbnail","hentry","category-noticias","category-noticias-destaque-img"],"jetpack_featured_media_url":"https:\/\/centros.uepb.edu.br\/ccbsa\/files\/2025\/05\/WhatsApp-Image-2025-05-27-at-10.42.12-1.jpeg","_links":{"self":[{"href":"https:\/\/centros.uepb.edu.br\/ccbsa\/wp-json\/wp\/v2\/posts\/11897","targetHints":{"allow":["GET"]}}],"collection":[{"href":"https:\/\/centros.uepb.edu.br\/ccbsa\/wp-json\/wp\/v2\/posts"}],"about":[{"href":"https:\/\/centros.uepb.edu.br\/ccbsa\/wp-json\/wp\/v2\/types\/post"}],"author":[{"embeddable":true,"href":"https:\/\/centros.uepb.edu.br\/ccbsa\/wp-json\/wp\/v2\/users\/8"}],"replies":[{"embeddable":true,"href":"https:\/\/centros.uepb.edu.br\/ccbsa\/wp-json\/wp\/v2\/comments?post=11897"}],"version-history":[{"count":0,"href":"https:\/\/centros.uepb.edu.br\/ccbsa\/wp-json\/wp\/v2\/posts\/11897\/revisions"}],"wp:featuredmedia":[{"embeddable":true,"href":"https:\/\/centros.uepb.edu.br\/ccbsa\/wp-json\/wp\/v2\/media\/11900"}],"wp:attachment":[{"href":"https:\/\/centros.uepb.edu.br\/ccbsa\/wp-json\/wp\/v2\/media?parent=11897"}],"wp:term":[{"taxonomy":"category","embeddable":true,"href":"https:\/\/centros.uepb.edu.br\/ccbsa\/wp-json\/wp\/v2\/categories?post=11897"},{"taxonomy":"post_tag","embeddable":true,"href":"https:\/\/centros.uepb.edu.br\/ccbsa\/wp-json\/wp\/v2\/tags?post=11897"}],"curies":[{"name":"wp","href":"https:\/\/api.w.org\/{rel}","templated":true}]}}