{"id":11887,"date":"2025-05-26T11:19:32","date_gmt":"2025-05-26T11:19:32","guid":{"rendered":"https:\/\/centros.uepb.edu.br\/ccbsa\/?p=11887"},"modified":"2025-05-26T11:19:32","modified_gmt":"2025-05-26T11:19:32","slug":"projeto-limite-do-visivel-celebra-nova-etapa-com-a-defesa-dos-primeiros-trabalhos-de-conclusao-de-curso","status":"publish","type":"post","link":"https:\/\/centros.uepb.edu.br\/ccbsa\/projeto-limite-do-visivel-celebra-nova-etapa-com-a-defesa-dos-primeiros-trabalhos-de-conclusao-de-curso\/","title":{"rendered":"Projeto Limite do Vis\u00edvel celebra nova etapa com a defesa dos primeiros Trabalhos de Conclus\u00e3o de Curso"},"content":{"rendered":"\n\t\t<style type=\"text\/css\">\n\t\t\t#gallery-1 {\n\t\t\t\tmargin: auto;\n\t\t\t}\n\t\t\t#gallery-1 .gallery-item {\n\t\t\t\tfloat: left;\n\t\t\t\tmargin-top: 10px;\n\t\t\t\ttext-align: center;\n\t\t\t\twidth: 33%;\n\t\t\t}\n\t\t\t#gallery-1 img {\n\t\t\t\tborder: 2px solid #cfcfcf;\n\t\t\t}\n\t\t\t#gallery-1 .gallery-caption {\n\t\t\t\tmargin-left: 0;\n\t\t\t}\n\t\t\t\/* see gallery_shortcode() in wp-includes\/media.php *\/\n\t\t<\/style>\n\t\t<div id='gallery-1' class='gallery galleryid-11887 gallery-columns-3 gallery-size-full'><dl class='gallery-item'>\n\t\t\t<dt class='gallery-icon landscape'>\n\t\t\t\t<a href='https:\/\/centros.uepb.edu.br\/ccbsa\/files\/2025\/05\/WhatsApp-Image-2025-05-24-at-06.44.01.jpeg'><img loading=\"lazy\" decoding=\"async\" width=\"1200\" height=\"680\" src=\"https:\/\/centros.uepb.edu.br\/ccbsa\/files\/2025\/05\/WhatsApp-Image-2025-05-24-at-06.44.01.jpeg\" class=\"attachment-full size-full\" alt=\"\" srcset=\"https:\/\/centros.uepb.edu.br\/ccbsa\/files\/2025\/05\/WhatsApp-Image-2025-05-24-at-06.44.01.jpeg 1200w, https:\/\/centros.uepb.edu.br\/ccbsa\/files\/2025\/05\/WhatsApp-Image-2025-05-24-at-06.44.01-300x170.jpeg 300w, https:\/\/centros.uepb.edu.br\/ccbsa\/files\/2025\/05\/WhatsApp-Image-2025-05-24-at-06.44.01-1120x635.jpeg 1120w\" sizes=\"auto, (max-width: 1200px) 100vw, 1200px\" \/><\/a>\n\t\t\t<\/dt><\/dl><dl class='gallery-item'>\n\t\t\t<dt class='gallery-icon landscape'>\n\t\t\t\t<a href='https:\/\/centros.uepb.edu.br\/ccbsa\/files\/2025\/05\/WhatsApp-Image-2025-05-24-at-07.47.42.jpeg'><img loading=\"lazy\" decoding=\"async\" width=\"1200\" height=\"680\" src=\"https:\/\/centros.uepb.edu.br\/ccbsa\/files\/2025\/05\/WhatsApp-Image-2025-05-24-at-07.47.42.jpeg\" class=\"attachment-full size-full\" alt=\"\" srcset=\"https:\/\/centros.uepb.edu.br\/ccbsa\/files\/2025\/05\/WhatsApp-Image-2025-05-24-at-07.47.42.jpeg 1200w, https:\/\/centros.uepb.edu.br\/ccbsa\/files\/2025\/05\/WhatsApp-Image-2025-05-24-at-07.47.42-300x170.jpeg 300w, https:\/\/centros.uepb.edu.br\/ccbsa\/files\/2025\/05\/WhatsApp-Image-2025-05-24-at-07.47.42-1120x635.jpeg 1120w\" sizes=\"auto, (max-width: 1200px) 100vw, 1200px\" \/><\/a>\n\t\t\t<\/dt><\/dl>\n\t\t\t<br style='clear: both' \/>\n\t\t<\/div>\n\n<p>Instalado em 2023, pelo Governo do Estado da Para\u00edba, por meio da Secretaria de Estado da Ci\u00eancia, Tecnologia, Inova\u00e7\u00e3o e Ensino Superior (Secties), Universidade Estadual da Para\u00edba (UEPB) e Funda\u00e7\u00e3o de Apoio \u00e0 Pesquisa (Fapesq), o Limite do Vis\u00edvel celebra mais uma etapa na consolida\u00e7\u00e3o desse Projeto que agora encaminha ao mercado novos profissionais de An\u00e1lise e Desenvolvimento de Sistemas (ADS) e Ci\u00eancia de Dados (CD): a defesa dos primeiros Trabalhos de Conclus\u00e3o de Curso.<\/p>\n<p>Na \u00faltima sexta-feira (23) foi realizada a defesa da pesquisa intitulada &#8220;A seguran\u00e7a de dados na gest\u00e3o empreendedora em plataformas digitais&#8221;, desenvolvida pela concluinte Janyelle Oliveira Pinto de Castro para a conclus\u00e3o de curso de ADS sob a orienta\u00e7\u00e3o da professora Janayna Souto Leal. Na ocasi\u00e3o a formanda obteve nota 10,00 sendo aprovada com louvor.<\/p>\n<p>Integrante da turma pioneira do curso de ADS, Janyelle lembra da trajet\u00f3ria desde o in\u00edcio do curso, a import\u00e2ncia dos eventos que participou, como hackathons e palestras, o est\u00e1gio na Funda\u00e7\u00e3o Casa de Jos\u00e9 Am\u00e9rico, onde teve a chance de come\u00e7ar a colocar em pr\u00e1tica o que aprendeu ao longo da forma\u00e7\u00e3o, o apoio de professores, colegas e da fam\u00edlia, os desafios enfrentados, sobretudo para lidar com termos t\u00e9cnicos e na comunica\u00e7\u00e3o, dentre outros momentos.<\/p>\n<p>\u201cDefender meu TCC como a primeira aluna da hist\u00f3ria do Projeto Limite do Vis\u00edvel \u00e9 um momento de enorme orgulho. Desde do ensino m\u00e9dio, eu tinha uma curiosidade genu\u00edna em entender como os sistemas funcionavam por tr\u00e1s das telas \u2014 queria saber o que fazia um site rodar, um app responder, como tudo era constru\u00eddo. E foi essa curiosidade que me levou a querer estudar tecnologia e fazer parte desse projeto que foi um dos fatores que transformou minha vida. Me trouxe conhecimento, oportunidades e visibilidade que eu n\u00e3o imaginava. Hoje, me vejo mais preparada, confiante e realizada como mulher na tecnologia. Espero que minha trajet\u00f3ria inspire outras pessoas a acreditarem que o imposs\u00edvel pode, sim, se tornar vis\u00edvel\u201d, afirma Janyelle.<\/p>\n<p>A orientadora do TCC, professora Janayna assegura que esse resultado se deve, em parte, \u00e0 clareza e objetividade com que a concluinte encarou essa fase do curso. \u201cMesmo sendo um desafio, a aluna n\u00e3o se intimidou e apresentou uma proposta bastante coerente, contempor\u00e2nea e instigante para investiga\u00e7\u00e3o do seu TCC. Foi um processo de parceria e, principalmente, de troca e aprendizado entre n\u00f3s duas. Como orientadora, s\u00f3 consigo demonstrar como estou orgulhosa do comprometimento e dedica\u00e7\u00e3o que ela apresentou enquanto pesquisadora. Uma pequena amostra da profissional brilhante que teremos em breve no mercado\u201d, declara.<\/p>\n<p>Para o coordenador adjunto do curso, professor Jos\u00e9 Wilker Silva, essa primeira defesa marca um momento muito especial para todos os envolvidos. \u201cSimboliza n\u00e3o s\u00f3 a consolida\u00e7\u00e3o dos conhecimentos adquiridos pelos alunos ao longo do curso, mas tamb\u00e9m o fortalecimento do pr\u00f3prio curso na cidade, mostrando seu compromisso com a qualidade e a forma\u00e7\u00e3o de profissionais preparados para o mercado de tecnologia. Para a cidade de Jo\u00e3o Pessoa, essa defesa representa um passo importante na constru\u00e7\u00e3o de um polo de tecnologia cada vez mais s\u00f3lido e conectado \u00e0s demandas atuais, contribuindo para o desenvolvimento local e regional\u201d, avalia.<\/p>\n<p>O Limite do Vis\u00edvel tem como prop\u00f3sito formar profissionais em \u00e1reas estrat\u00e9gicas para o desenvolvimento tecnol\u00f3gico da Para\u00edba, por meio de cursos superiores com certifica\u00e7\u00e3o da UEPB. A proposta \u00e9 aliar qualifica\u00e7\u00e3o t\u00e9cnica, inova\u00e7\u00e3o e inclus\u00e3o social. Para tanto, s\u00e3o ofertadas vagas nos cursos de ADS e CD para jovens que conclu\u00edram o Ensino M\u00e9dio em escolas da rede estadual de Ensino da Para\u00edba entre 2019 e 2024 e que n\u00e3o tenham v\u00ednculo empregat\u00edcio. Os(as) selecionados(as) recebem uma bolsa estudantil mensal de R$ 1 mil durante todo o per\u00edodo de forma\u00e7\u00e3o.<\/p>\n<p><strong>Texto:<\/strong> Juliana Marques<br \/>\n<strong>Fotos:<\/strong> Divulga\u00e7\u00e3o<\/p>\n","protected":false},"excerpt":{"rendered":"<p>Instalado em 2023, pelo Governo do Estado da Para\u00edba, por meio da Secretaria de Estado da Ci\u00eancia, Tecnologia, Inova\u00e7\u00e3o e Ensino Superior (Secties), Universidade Estadual da Para\u00edba (UEPB) e Funda\u00e7\u00e3o de Apoio \u00e0 Pesquisa (Fapesq), o Limite do Vis\u00edvel celebra mais uma etapa na consolida\u00e7\u00e3o desse Projeto que agora encaminha ao mercado novos profissionais de <a class=\"leiamais\" href=\"https:\/\/centros.uepb.edu.br\/ccbsa\/projeto-limite-do-visivel-celebra-nova-etapa-com-a-defesa-dos-primeiros-trabalhos-de-conclusao-de-curso\/\">Leia Mais&#8230;<\/a><\/p>\n","protected":false},"author":8,"featured_media":11889,"comment_status":"closed","ping_status":"closed","sticky":false,"template":"","format":"standard","meta":{"footnotes":""},"categories":[3,11],"tags":[],"class_list":["post-11887","post","type-post","status-publish","format-standard","has-post-thumbnail","hentry","category-noticias","category-noticias-destaque-img"],"jetpack_featured_media_url":"https:\/\/centros.uepb.edu.br\/ccbsa\/files\/2025\/05\/WhatsApp-Image-2025-05-24-at-06.44.01.jpeg","_links":{"self":[{"href":"https:\/\/centros.uepb.edu.br\/ccbsa\/wp-json\/wp\/v2\/posts\/11887","targetHints":{"allow":["GET"]}}],"collection":[{"href":"https:\/\/centros.uepb.edu.br\/ccbsa\/wp-json\/wp\/v2\/posts"}],"about":[{"href":"https:\/\/centros.uepb.edu.br\/ccbsa\/wp-json\/wp\/v2\/types\/post"}],"author":[{"embeddable":true,"href":"https:\/\/centros.uepb.edu.br\/ccbsa\/wp-json\/wp\/v2\/users\/8"}],"replies":[{"embeddable":true,"href":"https:\/\/centros.uepb.edu.br\/ccbsa\/wp-json\/wp\/v2\/comments?post=11887"}],"version-history":[{"count":0,"href":"https:\/\/centros.uepb.edu.br\/ccbsa\/wp-json\/wp\/v2\/posts\/11887\/revisions"}],"wp:featuredmedia":[{"embeddable":true,"href":"https:\/\/centros.uepb.edu.br\/ccbsa\/wp-json\/wp\/v2\/media\/11889"}],"wp:attachment":[{"href":"https:\/\/centros.uepb.edu.br\/ccbsa\/wp-json\/wp\/v2\/media?parent=11887"}],"wp:term":[{"taxonomy":"category","embeddable":true,"href":"https:\/\/centros.uepb.edu.br\/ccbsa\/wp-json\/wp\/v2\/categories?post=11887"},{"taxonomy":"post_tag","embeddable":true,"href":"https:\/\/centros.uepb.edu.br\/ccbsa\/wp-json\/wp\/v2\/tags?post=11887"}],"curies":[{"name":"wp","href":"https:\/\/api.w.org\/{rel}","templated":true}]}}