{"id":11874,"date":"2025-05-23T17:26:14","date_gmt":"2025-05-23T17:26:14","guid":{"rendered":"https:\/\/centros.uepb.edu.br\/ccbsa\/?p=11874"},"modified":"2025-05-23T18:05:11","modified_gmt":"2025-05-23T18:05:11","slug":"programa-de-pos-graduacao-em-gestao-de-documentos-e-arquivo-promove-seminario-de-pesquisa-em-arquivologia","status":"publish","type":"post","link":"https:\/\/centros.uepb.edu.br\/ccbsa\/programa-de-pos-graduacao-em-gestao-de-documentos-e-arquivo-promove-seminario-de-pesquisa-em-arquivologia\/","title":{"rendered":"Programa de P\u00f3s-gradua\u00e7\u00e3o em Gest\u00e3o de Documentos e Arquivo promove Semin\u00e1rio de Pesquisa em Arquivologia"},"content":{"rendered":"<p><a href=\"https:\/\/centros.uepb.edu.br\/ccbsa\/files\/2025\/05\/Design-sem-nome-14.jpg\"><img loading=\"lazy\" decoding=\"async\" class=\"aligncenter size-full wp-image-11883 img-responsive\" src=\"https:\/\/centros.uepb.edu.br\/ccbsa\/files\/2025\/05\/Design-sem-nome-14.jpg\" alt=\"\" width=\"1200\" height=\"680\" srcset=\"https:\/\/centros.uepb.edu.br\/ccbsa\/files\/2025\/05\/Design-sem-nome-14.jpg 1200w, https:\/\/centros.uepb.edu.br\/ccbsa\/files\/2025\/05\/Design-sem-nome-14-300x170.jpg 300w, https:\/\/centros.uepb.edu.br\/ccbsa\/files\/2025\/05\/Design-sem-nome-14-1120x635.jpg 1120w\" sizes=\"auto, (max-width: 1200px) 100vw, 1200px\" \/><\/a><\/p>\n<p>Com o objetivo de ampliar o di\u00e1logo latino-americano em torno da pesquisa arquiv\u00edstica, promovendo o interc\u00e2mbio acad\u00eamico e cultural, e fortalecendo redes de coopera\u00e7\u00e3o cient\u00edfica voltadas \u00e0 inova\u00e7\u00e3o, \u00e0 gest\u00e3o documental e \u00e0s pr\u00e1ticas educativas em arquivos, o Programa de P\u00f3s-Gradua\u00e7\u00e3o em Gest\u00e3o de Documentos e Arquivos (PPGDARQ) promove, nos dias 29 e 30 de maio, de forma h\u00edbrida, com atividades presenciais no audit\u00f3rio do C\u00e2mpus V da UEPB e transmiss\u00e3o pelo <a href=\"https:\/\/www.youtube.com\/@projetosesaon-line5052\/streams\">canal do Projeto SESA online,<\/a> o Semin\u00e1rio Latino-Americano de Pesquisa em Arquivologia (SELAPARQ).<\/p>\n<p>A abertura do evento ser\u00e1 dia 29 de maio \u00e0s 19h com a mesa \u201cExperi\u00eancias no Programa Move La Am\u00e9rica y El Caribe: Interc\u00e2mbio Cultural: Brasil \u2013 Bolivia\u201d, com as professoras Eliete Correia dos Santos e Jacqueline Echeverr\u00eda Barrancos. Na sequ\u00eancia ser\u00e1 realizada uma mesa sobre o panorama das pesquisas dos estudantes que participaram do interc\u00e2mbio da CAPES, Aydee Flora Trujillo Ruiz e Salom\u00f3n Monast\u00e9rios Calzada, que s\u00e3o da Faculdad de Humanidades de La Carrera de Ciencia de la Informaci\u00f3n de La Universidad Mayor de San Andr\u00e9s, na Bol\u00edvia.<\/p>\n<p>No dia 30 de maio, \u00e0s 18h40 ser\u00e1 realizada a mesa \u201cArquiv\u00edstica e Gest\u00e3o Documental na Am\u00e9rica Latina: Experi\u00eancias do M\u00e9xico e da Bol\u00edvia\u201d, com a participa\u00e7\u00e3o do professor da Universidad Aut\u00f4noma de San Lu\u00eds Potos\u00ed, no M\u00e9xico, Juan Miguel Castillo Fonseca, que abordar\u00e1 a tem\u00e1tica \u201cPanorama de los Archivos en M\u00e9xico y el Desarrollo de la Archiv\u00edstica como Ci\u00eancia de la Informaci\u00f3n\u201d; e a professora da Universidad de San Andr\u00e9s, na Bolivia, que tratar\u00e1 da \u201cGesti\u00f3n Documental en Bolivia: Retos y Oportunidades\u201d. Ambos os pesquisadores s\u00e3o orientadores dos estudantes intercambistas Aydee Ruiz e Salom\u00f3n Calzada. A mesa ser\u00e1 mediada pelo coordenador do bacharelado em Arquivologia, professor Josemar Henrique de Melo.<\/p>\n<p>Na oportunidade haver\u00e1 a celebra\u00e7\u00e3o pelos 9 anos de cria\u00e7\u00e3o do Grupo de Pesquisa Arquivologia e Sociedade (GPAS), que ao longo de sua trajet\u00f3ria tem contribu\u00eddo de forma significativa para a forma\u00e7\u00e3o de pesquisadores, a produ\u00e7\u00e3o de conhecimento e a articula\u00e7\u00e3o entre ensino, pesquisa e extens\u00e3o na \u00e1rea da Arquivologia. \u201cO anivers\u00e1rio do GPAS confirma o desenvolvimento da Arquivologia, principalmente, a partir da UEPB, pelo curso de Arquivologia, agora tendo a possibilidade da amplia\u00e7\u00e3o, com investiga\u00e7\u00f5es na p\u00f3s-gradua\u00e7\u00e3o com o PPGDARQ\u201d, avalia o professor Josemar.<\/p>\n<p>O SELAPARQ \u00e9 uma iniciativa dos grupos de pesquisa Arquivologia e Sociedade (GPAS) e Laborat\u00f3rio de Empreendedorismo, Gest\u00e3o e Intelig\u00eancia (LABEGI), coordenados por professores vinculados ao Programa de P\u00f3s-Gradua\u00e7\u00e3o em Gest\u00e3o de Documentos e Arquivos (PPGDARQ). A perspectiva \u00e9 que o evento consolide uma rede de estudos latino-americana estabelecida entre os pesquisadores da UEPB e das universidades latino-americanas parceiras.<\/p>\n<p><strong>Texto:<\/strong> Juliana Marques<\/p>\n","protected":false},"excerpt":{"rendered":"<p>Com o objetivo de ampliar o di\u00e1logo latino-americano em torno da pesquisa arquiv\u00edstica, promovendo o interc\u00e2mbio acad\u00eamico e cultural, e fortalecendo redes de coopera\u00e7\u00e3o cient\u00edfica voltadas \u00e0 inova\u00e7\u00e3o, \u00e0 gest\u00e3o documental e \u00e0s pr\u00e1ticas educativas em arquivos, o Programa de P\u00f3s-Gradua\u00e7\u00e3o em Gest\u00e3o de Documentos e Arquivos (PPGDARQ) promove, nos dias 29 e 30 de <a class=\"leiamais\" href=\"https:\/\/centros.uepb.edu.br\/ccbsa\/programa-de-pos-graduacao-em-gestao-de-documentos-e-arquivo-promove-seminario-de-pesquisa-em-arquivologia\/\">Leia Mais&#8230;<\/a><\/p>\n","protected":false},"author":8,"featured_media":11883,"comment_status":"closed","ping_status":"closed","sticky":false,"template":"","format":"standard","meta":{"footnotes":""},"categories":[11],"tags":[],"class_list":["post-11874","post","type-post","status-publish","format-standard","has-post-thumbnail","hentry","category-noticias-destaque-img"],"jetpack_featured_media_url":"https:\/\/centros.uepb.edu.br\/ccbsa\/files\/2025\/05\/Design-sem-nome-14.jpg","_links":{"self":[{"href":"https:\/\/centros.uepb.edu.br\/ccbsa\/wp-json\/wp\/v2\/posts\/11874","targetHints":{"allow":["GET"]}}],"collection":[{"href":"https:\/\/centros.uepb.edu.br\/ccbsa\/wp-json\/wp\/v2\/posts"}],"about":[{"href":"https:\/\/centros.uepb.edu.br\/ccbsa\/wp-json\/wp\/v2\/types\/post"}],"author":[{"embeddable":true,"href":"https:\/\/centros.uepb.edu.br\/ccbsa\/wp-json\/wp\/v2\/users\/8"}],"replies":[{"embeddable":true,"href":"https:\/\/centros.uepb.edu.br\/ccbsa\/wp-json\/wp\/v2\/comments?post=11874"}],"version-history":[{"count":0,"href":"https:\/\/centros.uepb.edu.br\/ccbsa\/wp-json\/wp\/v2\/posts\/11874\/revisions"}],"wp:featuredmedia":[{"embeddable":true,"href":"https:\/\/centros.uepb.edu.br\/ccbsa\/wp-json\/wp\/v2\/media\/11883"}],"wp:attachment":[{"href":"https:\/\/centros.uepb.edu.br\/ccbsa\/wp-json\/wp\/v2\/media?parent=11874"}],"wp:term":[{"taxonomy":"category","embeddable":true,"href":"https:\/\/centros.uepb.edu.br\/ccbsa\/wp-json\/wp\/v2\/categories?post=11874"},{"taxonomy":"post_tag","embeddable":true,"href":"https:\/\/centros.uepb.edu.br\/ccbsa\/wp-json\/wp\/v2\/tags?post=11874"}],"curies":[{"name":"wp","href":"https:\/\/api.w.org\/{rel}","templated":true}]}}