{"id":1185,"date":"2013-11-12T15:01:03","date_gmt":"2013-11-12T15:01:03","guid":{"rendered":"\/ccbsa\/?p=1185"},"modified":"2013-11-18T14:16:44","modified_gmt":"2013-11-18T14:16:44","slug":"tecnica-administrativa-da-uepb-integrara-comissao-latino-americana-e-rede-ibero-americana-que-discute-politicas-arquivisticas","status":"publish","type":"post","link":"https:\/\/centros.uepb.edu.br\/ccbsa\/tecnica-administrativa-da-uepb-integrara-comissao-latino-americana-e-rede-ibero-americana-que-discute-politicas-arquivisticas\/","title":{"rendered":"Servidora da UEPB integra comiss\u00e3o latino-americana e rede ibero-americana que discute pol\u00edticas arquiv\u00edsticas"},"content":{"rendered":"<p><a href=\"http:\/\/centros.ascom.uepb.edu.br\/ccbsa\/files\/2013\/11\/SAM_4096.jpg\"><img loading=\"lazy\" decoding=\"async\" class=\"alignleft size-thumbnail wp-image-1190 img-responsive\" alt=\"SAM_4096\" src=\"http:\/\/centros.ascom.uepb.edu.br\/ccbsa\/files\/2013\/11\/SAM_4096-150x150.jpg\" width=\"150\" height=\"150\" \/><\/a>Apresentar o trabalho desenvolvido pela Universidade Estadual da Para\u00edba na \u00e1rea de arquivo e conhecer as pr\u00e1ticas e diretrizes utilizadas em arquivos universit\u00e1rios de todo o pa\u00eds, am\u00e9rica latina e ibero-am\u00e9rica, este foi o objetivo da t\u00e9cnica-administrativa da Universidade Estadual da Para\u00edba, Hilza Cavalcante, que participou do 5\u00ba Encontro Latino-americano de bibliotec\u00e1rios, arquivistas e muse\u00f3logos (EBAM), realizado de 16 a 18 de outubro, em S\u00e3o Luis, Maranh\u00e3o, e 6\u00ba Congresso Iberoaericano de Arquivos Universit\u00e1rios e 1\u00aa Assembleia da Rede Iberocamericana de Arquivos Universit\u00e1rios, que ocorreu de 6 a 8 de novembro, em El Calafate, Patag\u00f4nia Argentina.<\/p>\n<p>Nos dois eventos a arquivista p\u00f4de trocar experi\u00eancias com profissionais e pesquisadores de outras institui\u00e7\u00f5es, al\u00e9m de ser convidada para integrar o comit\u00ea organizador do EBAM e tamb\u00e9m passou integrar uma comiss\u00e3o na rede ibero-americana de arquivos universit\u00e1rios, que conta, atualmente, com apenas duas brasileiras integrando o grupo, sendo a t\u00e9cnica-administrativa da UEPB a \u00fanica nordestina a participar.<\/p>\n<p>Durante o Congresso Iberoaericano de Arquivos Universit\u00e1rios e Assembleia da Rede Iberocamericana de Arquivos Universit\u00e1rios Hilza participou de discuss\u00f5es realizadas com o intuito de discutir o papel dos Arquivos Universit\u00e1rios como elementos substanciais da identidade institucional na busca pela execu\u00e7\u00e3o de a\u00e7\u00f5es em conson\u00e2ncia, estabelecendo crit\u00e9rios, terminologias e procedimentos, por meio de uma Rede Ibero-americana de Arquivos. As reuni\u00f5es da rede ser\u00e3o permanentes e realizadas de forma virtual.<\/p>\n<p>No\u00a0EBAM, que nesta edi\u00e7\u00e3o foi norteado pela tem\u00e1tica \u201cA dimens\u00e3o social e educativa das bibliotecas, arquivos e museus\u201d, Hilza Cavalcante apresentou um trabalho sobre o projeto de Arquivo Central da UEPB, constru\u00eddo com o aux\u00edlio dos demais arquivistas da institui\u00e7\u00e3o.<\/p>\n<p>De acordo com a t\u00e9cnica administrativa, a participa\u00e7\u00e3o nos dois eventos foi importante n\u00e3o s\u00f3 para que fosse reconhecido o trabalho desenvolvido na UEPB, mas, para buscar conhecimentos que pudessem auxiliar na melhoria das pol\u00edticas arquiv\u00edsticas da institui\u00e7\u00e3o. \u201cNesse ultimo evento percebemos que todas as institui\u00e7\u00f5es presentes contam com um arquivo central, o que fortaleceu nossa ideia de consolida\u00e7\u00e3o do nosso arquivo central. Esse projeto j\u00e1 est\u00e1 em andamento, o reitor sinalizou para a forma\u00e7\u00e3o de uma comiss\u00e3o de cria\u00e7\u00e3o do Arquivo Geral da UEPB com a minha participa\u00e7\u00e3o e o envolvimento da professora do curso de Arquivologia Esmeralda Porf\u00edrio Sales, que tamb\u00e9m esteve no 5\u00ba EBAM. As experi\u00eancias apresentadas nos eventos nos quais eu estive presente ter\u00e3o grande valia nas discuss\u00f5es que estabelecermos institucionalmente\u201d, destacou Hilza.<\/p>\n<p>&nbsp;<\/p>\n","protected":false},"excerpt":{"rendered":"<p>Apresentar o trabalho desenvolvido pela Universidade Estadual da Para\u00edba na \u00e1rea de arquivo e conhecer as pr\u00e1ticas e diretrizes utilizadas em arquivos universit\u00e1rios de todo o pa\u00eds, am\u00e9rica latina e ibero-am\u00e9rica, este foi o objetivo da t\u00e9cnica-administrativa da Universidade Estadual da Para\u00edba, Hilza Cavalcante, que participou do 5\u00ba Encontro Latino-americano de bibliotec\u00e1rios, arquivistas e muse\u00f3logos <a class=\"leiamais\" href=\"https:\/\/centros.uepb.edu.br\/ccbsa\/tecnica-administrativa-da-uepb-integrara-comissao-latino-americana-e-rede-ibero-americana-que-discute-politicas-arquivisticas\/\">Leia Mais&#8230;<\/a><\/p>\n","protected":false},"author":8,"featured_media":0,"comment_status":"open","ping_status":"open","sticky":false,"template":"","format":"standard","meta":{"footnotes":""},"categories":[3,5],"tags":[],"class_list":["post-1185","post","type-post","status-publish","format-standard","hentry","category-noticias","category-visiveis"],"jetpack_featured_media_url":"","_links":{"self":[{"href":"https:\/\/centros.uepb.edu.br\/ccbsa\/wp-json\/wp\/v2\/posts\/1185","targetHints":{"allow":["GET"]}}],"collection":[{"href":"https:\/\/centros.uepb.edu.br\/ccbsa\/wp-json\/wp\/v2\/posts"}],"about":[{"href":"https:\/\/centros.uepb.edu.br\/ccbsa\/wp-json\/wp\/v2\/types\/post"}],"author":[{"embeddable":true,"href":"https:\/\/centros.uepb.edu.br\/ccbsa\/wp-json\/wp\/v2\/users\/8"}],"replies":[{"embeddable":true,"href":"https:\/\/centros.uepb.edu.br\/ccbsa\/wp-json\/wp\/v2\/comments?post=1185"}],"version-history":[{"count":0,"href":"https:\/\/centros.uepb.edu.br\/ccbsa\/wp-json\/wp\/v2\/posts\/1185\/revisions"}],"wp:attachment":[{"href":"https:\/\/centros.uepb.edu.br\/ccbsa\/wp-json\/wp\/v2\/media?parent=1185"}],"wp:term":[{"taxonomy":"category","embeddable":true,"href":"https:\/\/centros.uepb.edu.br\/ccbsa\/wp-json\/wp\/v2\/categories?post=1185"},{"taxonomy":"post_tag","embeddable":true,"href":"https:\/\/centros.uepb.edu.br\/ccbsa\/wp-json\/wp\/v2\/tags?post=1185"}],"curies":[{"name":"wp","href":"https:\/\/api.w.org\/{rel}","templated":true}]}}