{"id":11847,"date":"2025-05-19T14:46:06","date_gmt":"2025-05-19T14:46:06","guid":{"rendered":"https:\/\/centros.uepb.edu.br\/ccbsa\/?p=11847"},"modified":"2025-05-19T14:46:06","modified_gmt":"2025-05-19T14:46:06","slug":"mundi-lab-estudantes-de-relacoes-internacionais-do-campus-v-realizam-simulacao-diplomatica","status":"publish","type":"post","link":"https:\/\/centros.uepb.edu.br\/ccbsa\/mundi-lab-estudantes-de-relacoes-internacionais-do-campus-v-realizam-simulacao-diplomatica\/","title":{"rendered":"MUNDI LAB: Estudantes de rela\u00e7\u00f5es internacionais do C\u00e2mpus V realizam simula\u00e7\u00e3o diplom\u00e1tica"},"content":{"rendered":"\n\t\t<style type=\"text\/css\">\n\t\t\t#gallery-1 {\n\t\t\t\tmargin: auto;\n\t\t\t}\n\t\t\t#gallery-1 .gallery-item {\n\t\t\t\tfloat: left;\n\t\t\t\tmargin-top: 10px;\n\t\t\t\ttext-align: center;\n\t\t\t\twidth: 33%;\n\t\t\t}\n\t\t\t#gallery-1 img {\n\t\t\t\tborder: 2px solid #cfcfcf;\n\t\t\t}\n\t\t\t#gallery-1 .gallery-caption {\n\t\t\t\tmargin-left: 0;\n\t\t\t}\n\t\t\t\/* see gallery_shortcode() in wp-includes\/media.php *\/\n\t\t<\/style>\n\t\t<div id='gallery-1' class='gallery galleryid-11847 gallery-columns-3 gallery-size-full'><dl class='gallery-item'>\n\t\t\t<dt class='gallery-icon landscape'>\n\t\t\t\t<a href='https:\/\/centros.uepb.edu.br\/ccbsa\/files\/2025\/05\/IMG_6221.jpg'><img loading=\"lazy\" decoding=\"async\" width=\"1200\" height=\"680\" src=\"https:\/\/centros.uepb.edu.br\/ccbsa\/files\/2025\/05\/IMG_6221.jpg\" class=\"attachment-full size-full\" alt=\"\" srcset=\"https:\/\/centros.uepb.edu.br\/ccbsa\/files\/2025\/05\/IMG_6221.jpg 1200w, https:\/\/centros.uepb.edu.br\/ccbsa\/files\/2025\/05\/IMG_6221-300x170.jpg 300w, https:\/\/centros.uepb.edu.br\/ccbsa\/files\/2025\/05\/IMG_6221-1120x635.jpg 1120w\" sizes=\"auto, (max-width: 1200px) 100vw, 1200px\" \/><\/a>\n\t\t\t<\/dt><\/dl><dl class='gallery-item'>\n\t\t\t<dt class='gallery-icon landscape'>\n\t\t\t\t<a href='https:\/\/centros.uepb.edu.br\/ccbsa\/files\/2025\/05\/IMG_2514.jpg'><img loading=\"lazy\" decoding=\"async\" width=\"1200\" height=\"680\" src=\"https:\/\/centros.uepb.edu.br\/ccbsa\/files\/2025\/05\/IMG_2514.jpg\" class=\"attachment-full size-full\" alt=\"\" srcset=\"https:\/\/centros.uepb.edu.br\/ccbsa\/files\/2025\/05\/IMG_2514.jpg 1200w, https:\/\/centros.uepb.edu.br\/ccbsa\/files\/2025\/05\/IMG_2514-300x170.jpg 300w, https:\/\/centros.uepb.edu.br\/ccbsa\/files\/2025\/05\/IMG_2514-1120x635.jpg 1120w\" sizes=\"auto, (max-width: 1200px) 100vw, 1200px\" \/><\/a>\n\t\t\t<\/dt><\/dl><dl class='gallery-item'>\n\t\t\t<dt class='gallery-icon landscape'>\n\t\t\t\t<a href='https:\/\/centros.uepb.edu.br\/ccbsa\/files\/2025\/05\/PALESTRANTE-AUGUSTO-TEIXEIRA.png'><img loading=\"lazy\" decoding=\"async\" width=\"1200\" height=\"680\" src=\"https:\/\/centros.uepb.edu.br\/ccbsa\/files\/2025\/05\/PALESTRANTE-AUGUSTO-TEIXEIRA.png\" class=\"attachment-full size-full\" alt=\"\" srcset=\"https:\/\/centros.uepb.edu.br\/ccbsa\/files\/2025\/05\/PALESTRANTE-AUGUSTO-TEIXEIRA.png 1200w, https:\/\/centros.uepb.edu.br\/ccbsa\/files\/2025\/05\/PALESTRANTE-AUGUSTO-TEIXEIRA-300x170.png 300w, https:\/\/centros.uepb.edu.br\/ccbsa\/files\/2025\/05\/PALESTRANTE-AUGUSTO-TEIXEIRA-1120x635.png 1120w\" sizes=\"auto, (max-width: 1200px) 100vw, 1200px\" \/><\/a>\n\t\t\t<\/dt><\/dl><br style=\"clear: both\" \/><dl class='gallery-item'>\n\t\t\t<dt class='gallery-icon landscape'>\n\t\t\t\t<a href='https:\/\/centros.uepb.edu.br\/ccbsa\/files\/2025\/05\/DSC0038.jpeg'><img loading=\"lazy\" decoding=\"async\" width=\"1200\" height=\"680\" src=\"https:\/\/centros.uepb.edu.br\/ccbsa\/files\/2025\/05\/DSC0038.jpeg\" class=\"attachment-full size-full\" alt=\"\" srcset=\"https:\/\/centros.uepb.edu.br\/ccbsa\/files\/2025\/05\/DSC0038.jpeg 1200w, https:\/\/centros.uepb.edu.br\/ccbsa\/files\/2025\/05\/DSC0038-300x170.jpeg 300w, https:\/\/centros.uepb.edu.br\/ccbsa\/files\/2025\/05\/DSC0038-1120x635.jpeg 1120w\" sizes=\"auto, (max-width: 1200px) 100vw, 1200px\" \/><\/a>\n\t\t\t<\/dt><\/dl><dl class='gallery-item'>\n\t\t\t<dt class='gallery-icon landscape'>\n\t\t\t\t<a href='https:\/\/centros.uepb.edu.br\/ccbsa\/files\/2025\/05\/RUTH.png'><img loading=\"lazy\" decoding=\"async\" width=\"1200\" height=\"680\" src=\"https:\/\/centros.uepb.edu.br\/ccbsa\/files\/2025\/05\/RUTH.png\" class=\"attachment-full size-full\" alt=\"\" srcset=\"https:\/\/centros.uepb.edu.br\/ccbsa\/files\/2025\/05\/RUTH.png 1200w, https:\/\/centros.uepb.edu.br\/ccbsa\/files\/2025\/05\/RUTH-300x170.png 300w, https:\/\/centros.uepb.edu.br\/ccbsa\/files\/2025\/05\/RUTH-1120x635.png 1120w\" sizes=\"auto, (max-width: 1200px) 100vw, 1200px\" \/><\/a>\n\t\t\t<\/dt><\/dl>\n\t\t\t<br style='clear: both' \/>\n\t\t<\/div>\n\n<p>Com a participa\u00e7\u00e3o de estudantes de Rela\u00e7\u00f5es Internacionais e Direito da Universidade Estadual da Para\u00edba e de outras Institui\u00e7\u00f5es de Ensino Superior do Estado, foi realizada nos dias 16 e 17 de maio, no C\u00e2mpus V da UEPB, a 2\u00aa edi\u00e7\u00e3o do MUNDI LAB, simula\u00e7\u00e3o organizada por estudantes de Rela\u00e7\u00f5es Internacionais que busca proporcionar uma experi\u00eancia imersiva em ambientes multil\u00edngues e diplom\u00e1ticos.<\/p>\n<p>A abertura do evento, realizada na sexta-feira (16) \u00e0 tarde no audit\u00f3rio Pioneiros, contou com a participa\u00e7\u00e3o do professor da UFPB e doutor em Ci\u00eancia Pol\u00edtica Augusto Teixeira, e do professor da Pontif\u00edcia Universidade Cat\u00f3lica de S\u00e3o Paulo e doutor em Rela\u00e7\u00f5es Internacionais Arthur Murta. Ambos contemplaram as tem\u00e1ticas norteadoras das simula\u00e7\u00f5es do MUNDI LAB: \u201cA entrada da Ge\u00f3rgia na OTAN e as suas implica\u00e7\u00f5es regionais\u201d e \u201cOs impactos do Mercosul para os processos de integra\u00e7\u00e3o sul-americana\u201d.<\/p>\n<p>Durante o MUNDI LAB, os participantes assumem o papel de diplomatas, representando pa\u00edses e debatendo temas relevantes nos comit\u00eas que s\u00e3o conduzidos em ingl\u00eas e espanhol. A atividade estimula o pensamento cr\u00edtico, a argumenta\u00e7\u00e3o, a orat\u00f3ria e a produ\u00e7\u00e3o de documentos oficiais.<\/p>\n<p>A discente de Rela\u00e7\u00f5es Internacionais e vice-secret\u00e1ria geral do MUNDI, Ruth Fran\u00e7a Ferreira, explica que esta \u00e9 a segunda edi\u00e7\u00e3o do MUNDI LAB, que j\u00e1 foi realizado em 2011, e \u00e9 uma oportunidade para os estudantes n\u00e3o apenas de Rela\u00e7\u00f5es Internacionais mas, de todas as \u00e1reas, exercitarem as pr\u00e1ticas argumentativas e orat\u00f3ria em outros idiomas. Para a discente de Rela\u00e7\u00f5es Internacionais e diretora acad\u00eamica do MUNDI, Maria J\u00falia Nigro, mais do que praticarem as l\u00ednguas estrangeiras o Evento permite estabelecer uma rede de contatos com pessoas da \u00e1rea, o que \u00e9 importante para a forma\u00e7\u00e3o.<\/p>\n<p>O estudante do 6\u00ba per\u00edodo de Rela\u00e7\u00f5es Internacionais, Victor de Andrade, que j\u00e1 participou de outras 22 simula\u00e7\u00f5es, lembra que a participa\u00e7\u00e3o nesses eventos tamb\u00e9m \u00e9 uma oportunidade para que os estudantes possam estudar tem\u00e1ticas importantes para a forma\u00e7\u00e3o, como a fun\u00e7\u00e3o de organiza\u00e7\u00f5es internacionais (ONU, OTAN, Mercosul, entre outros), as din\u00e2micas de poder de pa\u00edses envolvidos em conflitos globais, dentre outras tem\u00e1ticas.<\/p>\n<p>Durante o MUNDILAB, al\u00e9m dos comit\u00eas pol\u00edticos, os participantes puderam atuar no Comit\u00ea de Imprensa, com a reda\u00e7\u00e3o de textos, a cobertura para as plataformas (como Instagram) e atuando como rep\u00f3rteres durante o Evento. \u00c9 o caso do estudante do 4\u00ba per\u00edodo de Rela\u00e7\u00f5es Internacionais, Luan Miguel da Silva, que celebra a sua primeira participa\u00e7\u00e3o neste tipo de evento. \u201cEst\u00e1 sendo uma experi\u00eancia incr\u00edvel! Estou no comit\u00ea de imprensa e todos n\u00f3s estamos nos esfor\u00e7ando para que o Evento aconte\u00e7a e para mim est\u00e1 sendo uma grande oportunidade\u201d, avalia.<\/p>\n<p><strong>Sobre o MUNDI<\/strong><\/p>\n<p>O Modelo Universit\u00e1rio de Diplomacia (MUNDI) \u00e9 um projeto de extens\u00e3o desenvolvido por estudantes da gradua\u00e7\u00e3o em Rela\u00e7\u00f5es Internacionais da UEPB. No Nordeste, foi o primeiro simulador de Organiza\u00e7\u00f5es Internacionais criado por estudantes de Rela\u00e7\u00f5es Internacionais.<\/p>\n<p>Assim como o Model United Nations (MUN), realizado desde a \u00e9poca da Liga das Na\u00e7\u00f5es (1921), o MUNDI tem como objetivo recriar o ambiente de Organiza\u00e7\u00f5es Internacionais. S\u00e3o aplicadas as mesmas regras procedimentais de conduta, passando pelo c\u00f3digo de vestimenta, at\u00e9 a representa\u00e7\u00e3o mais fidedigna poss\u00edvel da pol\u00edtica de cada delega\u00e7\u00e3o.<\/p>\n<p>A simula\u00e7\u00e3o permite uma abrangente discuss\u00e3o sobre tem\u00e1ticas que constantemente permeiam a agenda internacional, ou seja, \u00e9 um exerc\u00edcio pr\u00e1tico da teoria que os alunos aprendem, ao longo da vida acad\u00eamica.<\/p>\n<p><strong>Texto:<\/strong> <em>Juliana Marques<\/em><br \/>\n<strong>Fotos:<\/strong> Divulga\u00e7\u00e3o<\/p>\n","protected":false},"excerpt":{"rendered":"<p>Com a participa\u00e7\u00e3o de estudantes de Rela\u00e7\u00f5es Internacionais e Direito da Universidade Estadual da Para\u00edba e de outras Institui\u00e7\u00f5es de Ensino Superior do Estado, foi realizada nos dias 16 e 17 de maio, no C\u00e2mpus V da UEPB, a 2\u00aa edi\u00e7\u00e3o do MUNDI LAB, simula\u00e7\u00e3o organizada por estudantes de Rela\u00e7\u00f5es Internacionais que busca proporcionar uma <a class=\"leiamais\" href=\"https:\/\/centros.uepb.edu.br\/ccbsa\/mundi-lab-estudantes-de-relacoes-internacionais-do-campus-v-realizam-simulacao-diplomatica\/\">Leia Mais&#8230;<\/a><\/p>\n","protected":false},"author":8,"featured_media":11849,"comment_status":"closed","ping_status":"closed","sticky":false,"template":"","format":"standard","meta":{"footnotes":""},"categories":[3,11],"tags":[],"class_list":["post-11847","post","type-post","status-publish","format-standard","has-post-thumbnail","hentry","category-noticias","category-noticias-destaque-img"],"jetpack_featured_media_url":"https:\/\/centros.uepb.edu.br\/ccbsa\/files\/2025\/05\/IMG_2514.jpg","_links":{"self":[{"href":"https:\/\/centros.uepb.edu.br\/ccbsa\/wp-json\/wp\/v2\/posts\/11847","targetHints":{"allow":["GET"]}}],"collection":[{"href":"https:\/\/centros.uepb.edu.br\/ccbsa\/wp-json\/wp\/v2\/posts"}],"about":[{"href":"https:\/\/centros.uepb.edu.br\/ccbsa\/wp-json\/wp\/v2\/types\/post"}],"author":[{"embeddable":true,"href":"https:\/\/centros.uepb.edu.br\/ccbsa\/wp-json\/wp\/v2\/users\/8"}],"replies":[{"embeddable":true,"href":"https:\/\/centros.uepb.edu.br\/ccbsa\/wp-json\/wp\/v2\/comments?post=11847"}],"version-history":[{"count":0,"href":"https:\/\/centros.uepb.edu.br\/ccbsa\/wp-json\/wp\/v2\/posts\/11847\/revisions"}],"wp:featuredmedia":[{"embeddable":true,"href":"https:\/\/centros.uepb.edu.br\/ccbsa\/wp-json\/wp\/v2\/media\/11849"}],"wp:attachment":[{"href":"https:\/\/centros.uepb.edu.br\/ccbsa\/wp-json\/wp\/v2\/media?parent=11847"}],"wp:term":[{"taxonomy":"category","embeddable":true,"href":"https:\/\/centros.uepb.edu.br\/ccbsa\/wp-json\/wp\/v2\/categories?post=11847"},{"taxonomy":"post_tag","embeddable":true,"href":"https:\/\/centros.uepb.edu.br\/ccbsa\/wp-json\/wp\/v2\/tags?post=11847"}],"curies":[{"name":"wp","href":"https:\/\/api.w.org\/{rel}","templated":true}]}}