{"id":11837,"date":"2025-05-16T19:18:17","date_gmt":"2025-05-16T19:18:17","guid":{"rendered":"https:\/\/centros.uepb.edu.br\/ccbsa\/?p=11837"},"modified":"2025-05-16T19:18:17","modified_gmt":"2025-05-16T19:18:17","slug":"proinfra-realiza-visita-ao-campus-v-para-verificacao-de-necessidades-estruturais-e-encaminhamento-de-demandas","status":"publish","type":"post","link":"https:\/\/centros.uepb.edu.br\/ccbsa\/proinfra-realiza-visita-ao-campus-v-para-verificacao-de-necessidades-estruturais-e-encaminhamento-de-demandas\/","title":{"rendered":"PROINFRA realiza visita ao Campus V para verifica\u00e7\u00e3o de necessidades estruturais e encaminhamento de demandas"},"content":{"rendered":"\n\t\t<style type=\"text\/css\">\n\t\t\t#gallery-1 {\n\t\t\t\tmargin: auto;\n\t\t\t}\n\t\t\t#gallery-1 .gallery-item {\n\t\t\t\tfloat: left;\n\t\t\t\tmargin-top: 10px;\n\t\t\t\ttext-align: center;\n\t\t\t\twidth: 33%;\n\t\t\t}\n\t\t\t#gallery-1 img {\n\t\t\t\tborder: 2px solid #cfcfcf;\n\t\t\t}\n\t\t\t#gallery-1 .gallery-caption {\n\t\t\t\tmargin-left: 0;\n\t\t\t}\n\t\t\t\/* see gallery_shortcode() in wp-includes\/media.php *\/\n\t\t<\/style>\n\t\t<div id='gallery-1' class='gallery galleryid-11837 gallery-columns-3 gallery-size-full'><dl class='gallery-item'>\n\t\t\t<dt class='gallery-icon landscape'>\n\t\t\t\t<a href='https:\/\/centros.uepb.edu.br\/ccbsa\/files\/2025\/05\/WhatsApp-Image-2025-05-16-at-10.43.02.jpeg'><img loading=\"lazy\" decoding=\"async\" width=\"1200\" height=\"680\" src=\"https:\/\/centros.uepb.edu.br\/ccbsa\/files\/2025\/05\/WhatsApp-Image-2025-05-16-at-10.43.02.jpeg\" class=\"attachment-full size-full\" alt=\"\" srcset=\"https:\/\/centros.uepb.edu.br\/ccbsa\/files\/2025\/05\/WhatsApp-Image-2025-05-16-at-10.43.02.jpeg 1200w, https:\/\/centros.uepb.edu.br\/ccbsa\/files\/2025\/05\/WhatsApp-Image-2025-05-16-at-10.43.02-300x170.jpeg 300w, https:\/\/centros.uepb.edu.br\/ccbsa\/files\/2025\/05\/WhatsApp-Image-2025-05-16-at-10.43.02-1120x635.jpeg 1120w\" sizes=\"auto, (max-width: 1200px) 100vw, 1200px\" \/><\/a>\n\t\t\t<\/dt><\/dl><dl class='gallery-item'>\n\t\t\t<dt class='gallery-icon landscape'>\n\t\t\t\t<a href='https:\/\/centros.uepb.edu.br\/ccbsa\/files\/2025\/05\/WhatsApp-Image-2025-05-16-at-10.43.08.jpeg'><img loading=\"lazy\" decoding=\"async\" width=\"1200\" height=\"680\" src=\"https:\/\/centros.uepb.edu.br\/ccbsa\/files\/2025\/05\/WhatsApp-Image-2025-05-16-at-10.43.08.jpeg\" class=\"attachment-full size-full\" alt=\"\" srcset=\"https:\/\/centros.uepb.edu.br\/ccbsa\/files\/2025\/05\/WhatsApp-Image-2025-05-16-at-10.43.08.jpeg 1200w, https:\/\/centros.uepb.edu.br\/ccbsa\/files\/2025\/05\/WhatsApp-Image-2025-05-16-at-10.43.08-300x170.jpeg 300w, https:\/\/centros.uepb.edu.br\/ccbsa\/files\/2025\/05\/WhatsApp-Image-2025-05-16-at-10.43.08-1120x635.jpeg 1120w\" sizes=\"auto, (max-width: 1200px) 100vw, 1200px\" \/><\/a>\n\t\t\t<\/dt><\/dl>\n\t\t\t<br style='clear: both' \/>\n\t\t<\/div>\n\n<p>Uma comitiva da Pro-reitoria de infraestrutura da Universidade Estadual da Para\u00edba (UEPB) esteve, nesta sexta-feira (16) no C\u00e2mpus V, para verificar as necessidades estruturais do Centro de Ci\u00eancias Biol\u00f3gicas e Sociais Aplicadas (CCBSA). A visita \u00e9 uma iniciativa da gest\u00e3o administrativa da PROINFRA para conhecer as demandas de todos os Campus e dar os devidos encaminhamentos.<\/p>\n<p>Estiveram presentes a pr\u00f3-reitora de infraestrutura, professora Weruska Brasileiro; o pr\u00f3-reitor adjunto, professor F\u00e9lix Brito Neto; a diretora do CCBSA, professora Br\u00edgida Lucena; o diretor adjunto do CCBSA, professor Vancarder Brito, e uma comiss\u00e3o de t\u00e9cnicos-administrativos da PROINFRA e do setor de infraestrutura do CCBSA.<\/p>\n<p>Para a diretora do CCBSA, professora Br\u00edgida Lucena, a visita foi de extrema valia para que a equipe da PROINFRA conseguisse visualizar as demandas do C\u00e2mpus V. \u201cA partir de agora alguns encaminhamentos ser\u00e3o feitos, alguns relat\u00f3rios para que a gente possa atender as demandas mais urgentes, seguidas de demandas de m\u00e9dio e longo prazo, para melhorias do ponto de vista de manuten\u00e7\u00e3o predial do C\u00e2mpus V\u201d, declara Br\u00edgida.<\/p>\n<p>Al\u00e9m do C\u00e2mpus V foram realizadas reuni\u00f5es nos outros Campus da UEPB, com exce\u00e7\u00e3o de Sousa, Lagoa Seca e Monteiro, para os quais j\u00e1 h\u00e1 o agendamento para serem realizadas visitas.<\/p>\n<p><strong>Texto e fotos:<\/strong> Juliana Marques.<\/p>\n","protected":false},"excerpt":{"rendered":"<p>Uma comitiva da Pro-reitoria de infraestrutura da Universidade Estadual da Para\u00edba (UEPB) esteve, nesta sexta-feira (16) no C\u00e2mpus V, para verificar as necessidades estruturais do Centro de Ci\u00eancias Biol\u00f3gicas e Sociais Aplicadas (CCBSA). A visita \u00e9 uma iniciativa da gest\u00e3o administrativa da PROINFRA para conhecer as demandas de todos os Campus e dar os devidos <a class=\"leiamais\" href=\"https:\/\/centros.uepb.edu.br\/ccbsa\/proinfra-realiza-visita-ao-campus-v-para-verificacao-de-necessidades-estruturais-e-encaminhamento-de-demandas\/\">Leia Mais&#8230;<\/a><\/p>\n","protected":false},"author":8,"featured_media":11839,"comment_status":"closed","ping_status":"closed","sticky":false,"template":"","format":"standard","meta":{"footnotes":""},"categories":[3,11],"tags":[],"class_list":["post-11837","post","type-post","status-publish","format-standard","has-post-thumbnail","hentry","category-noticias","category-noticias-destaque-img"],"jetpack_featured_media_url":"https:\/\/centros.uepb.edu.br\/ccbsa\/files\/2025\/05\/WhatsApp-Image-2025-05-16-at-10.43.08.jpeg","_links":{"self":[{"href":"https:\/\/centros.uepb.edu.br\/ccbsa\/wp-json\/wp\/v2\/posts\/11837","targetHints":{"allow":["GET"]}}],"collection":[{"href":"https:\/\/centros.uepb.edu.br\/ccbsa\/wp-json\/wp\/v2\/posts"}],"about":[{"href":"https:\/\/centros.uepb.edu.br\/ccbsa\/wp-json\/wp\/v2\/types\/post"}],"author":[{"embeddable":true,"href":"https:\/\/centros.uepb.edu.br\/ccbsa\/wp-json\/wp\/v2\/users\/8"}],"replies":[{"embeddable":true,"href":"https:\/\/centros.uepb.edu.br\/ccbsa\/wp-json\/wp\/v2\/comments?post=11837"}],"version-history":[{"count":0,"href":"https:\/\/centros.uepb.edu.br\/ccbsa\/wp-json\/wp\/v2\/posts\/11837\/revisions"}],"wp:featuredmedia":[{"embeddable":true,"href":"https:\/\/centros.uepb.edu.br\/ccbsa\/wp-json\/wp\/v2\/media\/11839"}],"wp:attachment":[{"href":"https:\/\/centros.uepb.edu.br\/ccbsa\/wp-json\/wp\/v2\/media?parent=11837"}],"wp:term":[{"taxonomy":"category","embeddable":true,"href":"https:\/\/centros.uepb.edu.br\/ccbsa\/wp-json\/wp\/v2\/categories?post=11837"},{"taxonomy":"post_tag","embeddable":true,"href":"https:\/\/centros.uepb.edu.br\/ccbsa\/wp-json\/wp\/v2\/tags?post=11837"}],"curies":[{"name":"wp","href":"https:\/\/api.w.org\/{rel}","templated":true}]}}