{"id":11827,"date":"2025-05-15T11:45:09","date_gmt":"2025-05-15T11:45:09","guid":{"rendered":"https:\/\/centros.uepb.edu.br\/ccbsa\/?p=11827"},"modified":"2025-05-15T11:45:09","modified_gmt":"2025-05-15T11:45:09","slug":"2a-edicao-do-farpaia-sera-realizado-pela-equipe-do-farpas-com-elementos-tradicionais-dos-festejos-juninos","status":"publish","type":"post","link":"https:\/\/centros.uepb.edu.br\/ccbsa\/2a-edicao-do-farpaia-sera-realizado-pela-equipe-do-farpas-com-elementos-tradicionais-dos-festejos-juninos\/","title":{"rendered":"2\u00aa edi\u00e7\u00e3o do Farpai\u00e1 ser\u00e1 realizado pela equipe do Farpas com elementos tradicionais dos festejos juninos"},"content":{"rendered":"<p><a href=\"https:\/\/centros.uepb.edu.br\/ccbsa\/files\/2025\/05\/FARPAIA-2025-Safira-Luz.png\"><img loading=\"lazy\" decoding=\"async\" class=\"aligncenter size-full wp-image-11828 img-responsive\" src=\"https:\/\/centros.uepb.edu.br\/ccbsa\/files\/2025\/05\/FARPAIA-2025-Safira-Luz.png\" alt=\"\" width=\"1200\" height=\"680\" srcset=\"https:\/\/centros.uepb.edu.br\/ccbsa\/files\/2025\/05\/FARPAIA-2025-Safira-Luz.png 1200w, https:\/\/centros.uepb.edu.br\/ccbsa\/files\/2025\/05\/FARPAIA-2025-Safira-Luz-300x170.png 300w, https:\/\/centros.uepb.edu.br\/ccbsa\/files\/2025\/05\/FARPAIA-2025-Safira-Luz-1120x635.png 1120w\" sizes=\"auto, (max-width: 1200px) 100vw, 1200px\" \/><\/a><\/p>\n<p>A segunda edi\u00e7\u00e3o do Farpai\u00e1, evento organizado pela equipe do Festival de Artes e Participa\u00e7\u00e3o Social (Farpas), vinculado ao projeto de extens\u00e3o \u201cMem\u00f3ria, sociedade e cidadania (MUDDE): reflex\u00f5es para al\u00e9m dos muros acad\u00eamicos\u201d, ser\u00e1 realizada no dia 26 de maio, a partir das 18h30, no hall da Central de Aulas do C\u00e2mpus V da Universidade Estadual da Para\u00edba (UEPB).<\/p>\n<p>Mais do que uma festa, o Farpai\u00e1 \u00e9 uma a\u00e7\u00e3o que une arte, mem\u00f3ria e conviv\u00eancia. A proposta \u00e9 criar um espa\u00e7o de encontro, express\u00e3o popular e pertencimento, onde podemos apreciar da m\u00fasica, dan\u00e7a, comidas t\u00edpicas e brincadeiras tradicionais. A programa\u00e7\u00e3o da segunda edi\u00e7\u00e3o manter\u00e1 os elementos que fizeram sucesso no ano anterior: comidas t\u00edpicas, brincadeiras como pescaria, argolas, correio elegante, o tradicional concurso de Rei e Rainha do Milho, al\u00e9m de uma apresenta\u00e7\u00e3o musical com um grupo de forr\u00f3 p\u00e9 de serra. &#8220;Este ano temos uma novidade: a realiza\u00e7\u00e3o de um Super Bingo. O evento \u00e9 totalmente gratuito e aberto ao p\u00fablico. Por isso, convidamos toda a comunidade acad\u00eamica e externa a participar, vestir seu traje caipira e se juntar a essa grande celebra\u00e7\u00e3o da cultura nordestina&#8221;, convida o coordenador do evento, professor Henrique Fran\u00e7a.<\/p>\n<p>O Farpai\u00e1 surgiu como uma proposta de valoriza\u00e7\u00e3o da cultura nordestina e de fortalecimento dos la\u00e7os entre a universidade e a comunidade local, resgatando os elementos mais simb\u00f3licos dos tradicionais festejos juninos. A primeira edi\u00e7\u00e3o, realizada em junho de 2024, foi um verdadeiro sucesso de p\u00fablico e participa\u00e7\u00e3o, reunindo estudantes, professores, t\u00e9cnicos-administrativos, familiares e moradores da regi\u00e3o em uma noite marcada pelo acolhimento, pela alegria e pela celebra\u00e7\u00e3o da identidade cultural nordestina.<\/p>\n<p>&nbsp;<\/p>\n","protected":false},"excerpt":{"rendered":"<p>A segunda edi\u00e7\u00e3o do Farpai\u00e1, evento organizado pela equipe do Festival de Artes e Participa\u00e7\u00e3o Social (Farpas), vinculado ao projeto de extens\u00e3o \u201cMem\u00f3ria, sociedade e cidadania (MUDDE): reflex\u00f5es para al\u00e9m dos muros acad\u00eamicos\u201d, ser\u00e1 realizada no dia 26 de maio, a partir das 18h30, no hall da Central de Aulas do C\u00e2mpus V da Universidade <a class=\"leiamais\" href=\"https:\/\/centros.uepb.edu.br\/ccbsa\/2a-edicao-do-farpaia-sera-realizado-pela-equipe-do-farpas-com-elementos-tradicionais-dos-festejos-juninos\/\">Leia Mais&#8230;<\/a><\/p>\n","protected":false},"author":8,"featured_media":11828,"comment_status":"closed","ping_status":"closed","sticky":false,"template":"","format":"standard","meta":{"footnotes":""},"categories":[3,11],"tags":[],"class_list":["post-11827","post","type-post","status-publish","format-standard","has-post-thumbnail","hentry","category-noticias","category-noticias-destaque-img"],"jetpack_featured_media_url":"https:\/\/centros.uepb.edu.br\/ccbsa\/files\/2025\/05\/FARPAIA-2025-Safira-Luz.png","_links":{"self":[{"href":"https:\/\/centros.uepb.edu.br\/ccbsa\/wp-json\/wp\/v2\/posts\/11827","targetHints":{"allow":["GET"]}}],"collection":[{"href":"https:\/\/centros.uepb.edu.br\/ccbsa\/wp-json\/wp\/v2\/posts"}],"about":[{"href":"https:\/\/centros.uepb.edu.br\/ccbsa\/wp-json\/wp\/v2\/types\/post"}],"author":[{"embeddable":true,"href":"https:\/\/centros.uepb.edu.br\/ccbsa\/wp-json\/wp\/v2\/users\/8"}],"replies":[{"embeddable":true,"href":"https:\/\/centros.uepb.edu.br\/ccbsa\/wp-json\/wp\/v2\/comments?post=11827"}],"version-history":[{"count":0,"href":"https:\/\/centros.uepb.edu.br\/ccbsa\/wp-json\/wp\/v2\/posts\/11827\/revisions"}],"wp:featuredmedia":[{"embeddable":true,"href":"https:\/\/centros.uepb.edu.br\/ccbsa\/wp-json\/wp\/v2\/media\/11828"}],"wp:attachment":[{"href":"https:\/\/centros.uepb.edu.br\/ccbsa\/wp-json\/wp\/v2\/media?parent=11827"}],"wp:term":[{"taxonomy":"category","embeddable":true,"href":"https:\/\/centros.uepb.edu.br\/ccbsa\/wp-json\/wp\/v2\/categories?post=11827"},{"taxonomy":"post_tag","embeddable":true,"href":"https:\/\/centros.uepb.edu.br\/ccbsa\/wp-json\/wp\/v2\/tags?post=11827"}],"curies":[{"name":"wp","href":"https:\/\/api.w.org\/{rel}","templated":true}]}}