{"id":1180,"date":"2013-11-12T14:57:19","date_gmt":"2013-11-12T14:57:19","guid":{"rendered":"\/ccbsa\/?p=1180"},"modified":"2013-11-19T12:11:28","modified_gmt":"2013-11-19T12:11:28","slug":"comunidade-academica-do-curso-de-arquivologia-participara-da-assembleia-de-fundacao-da-associacao-dos-arquivistas-da-paraiba","status":"publish","type":"post","link":"https:\/\/centros.uepb.edu.br\/ccbsa\/comunidade-academica-do-curso-de-arquivologia-participara-da-assembleia-de-fundacao-da-associacao-dos-arquivistas-da-paraiba\/","title":{"rendered":"Curso de Arquivologia participar\u00e1 da assembleia de funda\u00e7\u00e3o da Associa\u00e7\u00e3o dos Arquivistas da Para\u00edba"},"content":{"rendered":"<p><a href=\"http:\/\/centros.ascom.uepb.edu.br\/ccbsa\/files\/2013\/11\/1426155_527830893973583_509090977_n.jpg\"><img loading=\"lazy\" decoding=\"async\" class=\"alignleft size-thumbnail wp-image-1182 img-responsive\" alt=\"1426155_527830893973583_509090977_n\" src=\"http:\/\/centros.ascom.uepb.edu.br\/ccbsa\/files\/2013\/11\/1426155_527830893973583_509090977_n-150x150.jpg\" width=\"150\" height=\"150\" \/><\/a>Um marco hist\u00f3rico para a \u00e1rea de Arquivologia no Estado da Para\u00edba e que ter\u00e1 o envolvimento direto da comunidade acad\u00eamica do Bacharelado em Arquivologia da Universidade Estadual da Para\u00edba ser\u00e1 a Assembleia Geral para funda\u00e7\u00e3o da Associa\u00e7\u00e3o dos Arquivistas da Para\u00edba (AAPB), que ocorre nesta ter\u00e7a-feira, 19 de novembro, \u00e0s 18h, no Audit\u00f3rio Academia Paraibana de Letras, na Rua Duque de Caxias, 25, Centro, Jo\u00e3o Pessoa.<\/p>\n<p>Durante o evento ser\u00e1 apresentado o Estatuto e Regimento Interno da AAPB, haver\u00e1 a institucionaliza\u00e7\u00e3o da associa\u00e7\u00e3o e elei\u00e7\u00e3o da diretoria geral e dos conselhos fiscal e de \u00e9tica. O evento reunir\u00e1 coordenadores de cursos, docentes, discentes e profissionais da \u00e1rea.<\/p>\n<p>Criado em 2006, o curso de Arquivologia da Universidade Estadual da Para\u00edba foi pioneiro na Para\u00edba, segundo curso da \u00e1rea no Nordeste e, ap\u00f3s sete anos de sua cria\u00e7\u00e3o, mais uma vez participa desse momento emblem\u00e1tico para a \u00e1rea de Arquivologia que \u00e9 a funda\u00e7\u00e3o da Associa\u00e7\u00e3o.<\/p>\n<p>De acordo com a presidente da Comiss\u00e3o Provis\u00f3ria da AAPB e professora da UEPB, Esmeralda Porf\u00edrio Sales, a ideia de cria\u00e7\u00e3o dessa associa\u00e7\u00e3o surgiu em 2010, \u00e9poca em que a UEPB recebeu o presidente do Sindicato e Associa\u00e7\u00e3o de Arquivistas do Rio de Janeiro, Daniel Beltran, que, na ocasi\u00e3o, colaborou com as novas perspectivas de organiza\u00e7\u00e3o de classe que surgiam na Para\u00edba. Desde ent\u00e3o, foram realizadas reuni\u00f5es para discutir a cria\u00e7\u00e3o desta associa\u00e7\u00e3o, estatuto, regimento entre outras quest\u00f5es.<\/p>\n<p>A entidade atua com o intuito de fortalecer uma representatividade profissional num Estado que conta com dois cursos de Arquivologia que j\u00e1 conta com v\u00e1rios profissionais atuando no mercado de trabalho e que, muitas vezes, esbarram em problemas como o desconhecimento da sociedade sobre a import\u00e2ncia da atua\u00e7\u00e3o destes profissionais nas empresas.<\/p>\n<p>A Para\u00edba n\u00e3o possui nenhum conselho ou sindicato que represente os arquivistas do Estado. Isto implica na falta de fiscaliza\u00e7\u00e3o dos arquivos paraibanos, pouca divulga\u00e7\u00e3o junto \u00e0 sociedade sobre o perfil e a import\u00e2ncia do arquivista nas institui\u00e7\u00f5es, desmobiliza\u00e7\u00e3o de estudantes e profissionais da \u00e1rea na luta por causas comuns \u00e0 categoria, entre outros problemas. Com a funda\u00e7\u00e3o da AAPB a categoria busca reverter esse quadro e possibilitar um melhor ambiente de atua\u00e7\u00e3o dos arquivistas no estado.<\/p>\n","protected":false},"excerpt":{"rendered":"<p>Um marco hist\u00f3rico para a \u00e1rea de Arquivologia no Estado da Para\u00edba e que ter\u00e1 o envolvimento direto da comunidade acad\u00eamica do Bacharelado em Arquivologia da Universidade Estadual da Para\u00edba ser\u00e1 a Assembleia Geral para funda\u00e7\u00e3o da Associa\u00e7\u00e3o dos Arquivistas da Para\u00edba (AAPB), que ocorre nesta ter\u00e7a-feira, 19 de novembro, \u00e0s 18h, no Audit\u00f3rio Academia <a class=\"leiamais\" href=\"https:\/\/centros.uepb.edu.br\/ccbsa\/comunidade-academica-do-curso-de-arquivologia-participara-da-assembleia-de-fundacao-da-associacao-dos-arquivistas-da-paraiba\/\">Leia Mais&#8230;<\/a><\/p>\n","protected":false},"author":8,"featured_media":0,"comment_status":"open","ping_status":"open","sticky":false,"template":"","format":"standard","meta":{"footnotes":""},"categories":[3,5],"tags":[],"class_list":["post-1180","post","type-post","status-publish","format-standard","hentry","category-noticias","category-visiveis"],"jetpack_featured_media_url":"","_links":{"self":[{"href":"https:\/\/centros.uepb.edu.br\/ccbsa\/wp-json\/wp\/v2\/posts\/1180","targetHints":{"allow":["GET"]}}],"collection":[{"href":"https:\/\/centros.uepb.edu.br\/ccbsa\/wp-json\/wp\/v2\/posts"}],"about":[{"href":"https:\/\/centros.uepb.edu.br\/ccbsa\/wp-json\/wp\/v2\/types\/post"}],"author":[{"embeddable":true,"href":"https:\/\/centros.uepb.edu.br\/ccbsa\/wp-json\/wp\/v2\/users\/8"}],"replies":[{"embeddable":true,"href":"https:\/\/centros.uepb.edu.br\/ccbsa\/wp-json\/wp\/v2\/comments?post=1180"}],"version-history":[{"count":0,"href":"https:\/\/centros.uepb.edu.br\/ccbsa\/wp-json\/wp\/v2\/posts\/1180\/revisions"}],"wp:attachment":[{"href":"https:\/\/centros.uepb.edu.br\/ccbsa\/wp-json\/wp\/v2\/media?parent=1180"}],"wp:term":[{"taxonomy":"category","embeddable":true,"href":"https:\/\/centros.uepb.edu.br\/ccbsa\/wp-json\/wp\/v2\/categories?post=1180"},{"taxonomy":"post_tag","embeddable":true,"href":"https:\/\/centros.uepb.edu.br\/ccbsa\/wp-json\/wp\/v2\/tags?post=1180"}],"curies":[{"name":"wp","href":"https:\/\/api.w.org\/{rel}","templated":true}]}}