{"id":11792,"date":"2025-05-07T17:51:48","date_gmt":"2025-05-07T17:51:48","guid":{"rendered":"https:\/\/centros.uepb.edu.br\/ccbsa\/?p=11792"},"modified":"2025-05-07T17:51:48","modified_gmt":"2025-05-07T17:51:48","slug":"estudantes-do-limite-do-visivel-sao-contemplados-com-formacao-em-inteligencia-artificial-ofertada-pela-ibm","status":"publish","type":"post","link":"https:\/\/centros.uepb.edu.br\/ccbsa\/estudantes-do-limite-do-visivel-sao-contemplados-com-formacao-em-inteligencia-artificial-ofertada-pela-ibm\/","title":{"rendered":"Estudantes do Limite do Vis\u00edvel s\u00e3o contemplados com forma\u00e7\u00e3o em Intelig\u00eancia Artificial ofertada pela IBM"},"content":{"rendered":"\n\t\t<style type=\"text\/css\">\n\t\t\t#gallery-1 {\n\t\t\t\tmargin: auto;\n\t\t\t}\n\t\t\t#gallery-1 .gallery-item {\n\t\t\t\tfloat: left;\n\t\t\t\tmargin-top: 10px;\n\t\t\t\ttext-align: center;\n\t\t\t\twidth: 33%;\n\t\t\t}\n\t\t\t#gallery-1 img {\n\t\t\t\tborder: 2px solid #cfcfcf;\n\t\t\t}\n\t\t\t#gallery-1 .gallery-caption {\n\t\t\t\tmargin-left: 0;\n\t\t\t}\n\t\t\t\/* see gallery_shortcode() in wp-includes\/media.php *\/\n\t\t<\/style>\n\t\t<div id='gallery-1' class='gallery galleryid-11792 gallery-columns-3 gallery-size-full'><dl class='gallery-item'>\n\t\t\t<dt class='gallery-icon landscape'>\n\t\t\t\t<a href='https:\/\/centros.uepb.edu.br\/ccbsa\/files\/2025\/05\/WhatsApp-Image-2025-05-07-at-11.12.15-1.jpeg'><img loading=\"lazy\" decoding=\"async\" width=\"1200\" height=\"680\" src=\"https:\/\/centros.uepb.edu.br\/ccbsa\/files\/2025\/05\/WhatsApp-Image-2025-05-07-at-11.12.15-1.jpeg\" class=\"attachment-full size-full\" alt=\"\" srcset=\"https:\/\/centros.uepb.edu.br\/ccbsa\/files\/2025\/05\/WhatsApp-Image-2025-05-07-at-11.12.15-1.jpeg 1200w, https:\/\/centros.uepb.edu.br\/ccbsa\/files\/2025\/05\/WhatsApp-Image-2025-05-07-at-11.12.15-1-300x170.jpeg 300w, https:\/\/centros.uepb.edu.br\/ccbsa\/files\/2025\/05\/WhatsApp-Image-2025-05-07-at-11.12.15-1-1120x635.jpeg 1120w\" sizes=\"auto, (max-width: 1200px) 100vw, 1200px\" \/><\/a>\n\t\t\t<\/dt><\/dl><dl class='gallery-item'>\n\t\t\t<dt class='gallery-icon landscape'>\n\t\t\t\t<a href='https:\/\/centros.uepb.edu.br\/ccbsa\/files\/2025\/05\/WhatsApp-Image-2025-05-07-at-11.12.14.jpeg'><img loading=\"lazy\" decoding=\"async\" width=\"1200\" height=\"680\" src=\"https:\/\/centros.uepb.edu.br\/ccbsa\/files\/2025\/05\/WhatsApp-Image-2025-05-07-at-11.12.14.jpeg\" class=\"attachment-full size-full\" alt=\"\" srcset=\"https:\/\/centros.uepb.edu.br\/ccbsa\/files\/2025\/05\/WhatsApp-Image-2025-05-07-at-11.12.14.jpeg 1200w, https:\/\/centros.uepb.edu.br\/ccbsa\/files\/2025\/05\/WhatsApp-Image-2025-05-07-at-11.12.14-300x170.jpeg 300w, https:\/\/centros.uepb.edu.br\/ccbsa\/files\/2025\/05\/WhatsApp-Image-2025-05-07-at-11.12.14-1120x635.jpeg 1120w\" sizes=\"auto, (max-width: 1200px) 100vw, 1200px\" \/><\/a>\n\t\t\t<\/dt><\/dl><dl class='gallery-item'>\n\t\t\t<dt class='gallery-icon landscape'>\n\t\t\t\t<a href='https:\/\/centros.uepb.edu.br\/ccbsa\/files\/2025\/05\/WhatsApp-Image-2025-05-07-at-11.12.17.jpeg'><img loading=\"lazy\" decoding=\"async\" width=\"1200\" height=\"680\" src=\"https:\/\/centros.uepb.edu.br\/ccbsa\/files\/2025\/05\/WhatsApp-Image-2025-05-07-at-11.12.17.jpeg\" class=\"attachment-full size-full\" alt=\"\" srcset=\"https:\/\/centros.uepb.edu.br\/ccbsa\/files\/2025\/05\/WhatsApp-Image-2025-05-07-at-11.12.17.jpeg 1200w, https:\/\/centros.uepb.edu.br\/ccbsa\/files\/2025\/05\/WhatsApp-Image-2025-05-07-at-11.12.17-300x170.jpeg 300w, https:\/\/centros.uepb.edu.br\/ccbsa\/files\/2025\/05\/WhatsApp-Image-2025-05-07-at-11.12.17-1120x635.jpeg 1120w\" sizes=\"auto, (max-width: 1200px) 100vw, 1200px\" \/><\/a>\n\t\t\t<\/dt><\/dl><br style=\"clear: both\" \/>\n\t\t<\/div>\n\n<p>Com o objetivo de introduzir uma tem\u00e1tica relevante para a forma\u00e7\u00e3o dos estudantes e realizar inscri\u00e7\u00f5es numa forma\u00e7\u00e3o exclusiva para esse p\u00fablico, estudantes do Projeto Limite do Vis\u00edvel participaram, nesta ter\u00e7a-feira (6), no audit\u00f3rio do C\u00e2mpus V da Universidade Estadual da Para\u00edba (UEPB), da palestra \u201cDesvendando a intelig\u00eancia artificial: prepare-se para o futuro\u201d. Ap\u00f3s a atividade, os estudantes puderam se inscrever no curso da International Business Machines Corporation (IBM), empresa multinacional americana de tecnologia, que ofereceu a forma\u00e7\u00e3o gratuita em fundamentos de intelig\u00eancia artificial, com vagas exclusivas para estudantes do Limite do Vis\u00edvel.<\/p>\n<p>O evento, promovido pela Secretaria de Estado da Ci\u00eancia, Tecnologia, Inova\u00e7\u00e3o e Ensino Superior (SECTIES), com o apoio das coordena\u00e7\u00f5es dos cursos de An\u00e1lise e Desenvolvimento de Sistemas e Ci\u00eancia de Dados, vinculados ao Limite do Vis\u00edvel, foi ministrado pelo professor do Programa de P\u00f3s-gradua\u00e7\u00e3o em Inform\u00e1tica da UFPB, Alisson Brito, que \u00e9 doutor em engenharia el\u00e9trica e coordenador do Laborat\u00f3rio de Sistemas Embarcados e Rob\u00f3tica (LaSER), e pelo professor do Unip\u00ea, que atua nos Sistemas de Ensino em Ci\u00eancias e Tecnologias Aplicadas \u00e0 Sa\u00fade (SECTRAS) e Dataprev e \u00e9 mestre em engenharia de software, Helton Souza Lima.<\/p>\n<p>De acordo com o secret\u00e1rio Cl\u00e1udio Furtado , a iniciativa \u00e9 um passo importante para democratizar o acesso ao conhecimento tecnol\u00f3gico e preparar os jovens para os desafios do futuro. \u201cA a\u00e7\u00e3o reafirma o compromisso do Governo do Estado com a promo\u00e7\u00e3o da inclus\u00e3o digital e o fortalecimento da cultura cient\u00edfica e tecnol\u00f3gica entre a juventude paraibana, criando pontes reais entre educa\u00e7\u00e3o e futuro profissional. Parcerias como essa com a IBM ajudam a ampliar as oportunidades para os estudantes, inserindo-os em tem\u00e1ticas emergentes e extremamente relevantes, como a intelig\u00eancia artificial\u201d, destacou o secret\u00e1rio.<\/p>\n<p>Na oportunidade foram contempladas tem\u00e1ticas como o conceito de intelig\u00eancia artificial, as \u00e1reas de IA, aplica\u00e7\u00f5es consumidas no cotidiano, os potenciais dessas ferramentas, dentre outros t\u00f3picos. A Gerente de Conectividade e Inclus\u00e3o Digital da SECTIES, Joanacelle Caldas, apresentou mais detalhes sobre o curso da IBM oferecido para os estudantes do Limite do Vis\u00edvel, que integra o Programa IBM SkillsBuild, e contempla tem\u00e1ticas como \u201c\u00c9tica da IA\u201d, \u201cChatbots\u201d, \u201cVis\u00e3o Computacional\u201d, \u201cIBM Watson Studio\u201d, \u201cAprendizado de M\u00e1quina e profundo\u201d e \u201cProcessamento de Linguagem Natural\u201d.<\/p>\n<p><strong>Texto e fotos:<\/strong> Juliana Marques<\/p>\n","protected":false},"excerpt":{"rendered":"<p>Com o objetivo de introduzir uma tem\u00e1tica relevante para a forma\u00e7\u00e3o dos estudantes e realizar inscri\u00e7\u00f5es numa forma\u00e7\u00e3o exclusiva para esse p\u00fablico, estudantes do Projeto Limite do Vis\u00edvel participaram, nesta ter\u00e7a-feira (6), no audit\u00f3rio do C\u00e2mpus V da Universidade Estadual da Para\u00edba (UEPB), da palestra \u201cDesvendando a intelig\u00eancia artificial: prepare-se para o futuro\u201d. Ap\u00f3s a <a class=\"leiamais\" href=\"https:\/\/centros.uepb.edu.br\/ccbsa\/estudantes-do-limite-do-visivel-sao-contemplados-com-formacao-em-inteligencia-artificial-ofertada-pela-ibm\/\">Leia Mais&#8230;<\/a><\/p>\n","protected":false},"author":8,"featured_media":11793,"comment_status":"closed","ping_status":"closed","sticky":false,"template":"","format":"standard","meta":{"footnotes":""},"categories":[3,11],"tags":[],"class_list":["post-11792","post","type-post","status-publish","format-standard","has-post-thumbnail","hentry","category-noticias","category-noticias-destaque-img"],"jetpack_featured_media_url":"https:\/\/centros.uepb.edu.br\/ccbsa\/files\/2025\/05\/WhatsApp-Image-2025-05-07-at-11.12.15-1.jpeg","_links":{"self":[{"href":"https:\/\/centros.uepb.edu.br\/ccbsa\/wp-json\/wp\/v2\/posts\/11792","targetHints":{"allow":["GET"]}}],"collection":[{"href":"https:\/\/centros.uepb.edu.br\/ccbsa\/wp-json\/wp\/v2\/posts"}],"about":[{"href":"https:\/\/centros.uepb.edu.br\/ccbsa\/wp-json\/wp\/v2\/types\/post"}],"author":[{"embeddable":true,"href":"https:\/\/centros.uepb.edu.br\/ccbsa\/wp-json\/wp\/v2\/users\/8"}],"replies":[{"embeddable":true,"href":"https:\/\/centros.uepb.edu.br\/ccbsa\/wp-json\/wp\/v2\/comments?post=11792"}],"version-history":[{"count":0,"href":"https:\/\/centros.uepb.edu.br\/ccbsa\/wp-json\/wp\/v2\/posts\/11792\/revisions"}],"wp:featuredmedia":[{"embeddable":true,"href":"https:\/\/centros.uepb.edu.br\/ccbsa\/wp-json\/wp\/v2\/media\/11793"}],"wp:attachment":[{"href":"https:\/\/centros.uepb.edu.br\/ccbsa\/wp-json\/wp\/v2\/media?parent=11792"}],"wp:term":[{"taxonomy":"category","embeddable":true,"href":"https:\/\/centros.uepb.edu.br\/ccbsa\/wp-json\/wp\/v2\/categories?post=11792"},{"taxonomy":"post_tag","embeddable":true,"href":"https:\/\/centros.uepb.edu.br\/ccbsa\/wp-json\/wp\/v2\/tags?post=11792"}],"curies":[{"name":"wp","href":"https:\/\/api.w.org\/{rel}","templated":true}]}}