{"id":11777,"date":"2025-05-06T16:24:26","date_gmt":"2025-05-06T16:24:26","guid":{"rendered":"https:\/\/centros.uepb.edu.br\/ccbsa\/?p=11777"},"modified":"2025-05-07T14:16:42","modified_gmt":"2025-05-07T14:16:42","slug":"polo-de-educacao-a-distancia-de-joao-pessoa-realiza-aula-magna-sobre-inclusao-e-diversidade","status":"publish","type":"post","link":"https:\/\/centros.uepb.edu.br\/ccbsa\/polo-de-educacao-a-distancia-de-joao-pessoa-realiza-aula-magna-sobre-inclusao-e-diversidade\/","title":{"rendered":"Polo de educa\u00e7\u00e3o \u00e0 dist\u00e2ncia de Jo\u00e3o Pessoa realiza aula magna sobre inclus\u00e3o e diversidade"},"content":{"rendered":"<p>&nbsp;<\/p>\n\n\t\t<style type=\"text\/css\">\n\t\t\t#gallery-1 {\n\t\t\t\tmargin: auto;\n\t\t\t}\n\t\t\t#gallery-1 .gallery-item {\n\t\t\t\tfloat: left;\n\t\t\t\tmargin-top: 10px;\n\t\t\t\ttext-align: center;\n\t\t\t\twidth: 33%;\n\t\t\t}\n\t\t\t#gallery-1 img {\n\t\t\t\tborder: 2px solid #cfcfcf;\n\t\t\t}\n\t\t\t#gallery-1 .gallery-caption {\n\t\t\t\tmargin-left: 0;\n\t\t\t}\n\t\t\t\/* see gallery_shortcode() in wp-includes\/media.php *\/\n\t\t<\/style>\n\t\t<div id='gallery-1' class='gallery galleryid-11777 gallery-columns-3 gallery-size-full'><dl class='gallery-item'>\n\t\t\t<dt class='gallery-icon landscape'>\n\t\t\t\t<a href='https:\/\/centros.uepb.edu.br\/ccbsa\/files\/2025\/05\/WhatsApp-Image-2025-05-06-at-11.39.54.jpeg'><img loading=\"lazy\" decoding=\"async\" width=\"1200\" height=\"680\" src=\"https:\/\/centros.uepb.edu.br\/ccbsa\/files\/2025\/05\/WhatsApp-Image-2025-05-06-at-11.39.54.jpeg\" class=\"attachment-full size-full\" alt=\"\" srcset=\"https:\/\/centros.uepb.edu.br\/ccbsa\/files\/2025\/05\/WhatsApp-Image-2025-05-06-at-11.39.54.jpeg 1200w, https:\/\/centros.uepb.edu.br\/ccbsa\/files\/2025\/05\/WhatsApp-Image-2025-05-06-at-11.39.54-300x170.jpeg 300w, https:\/\/centros.uepb.edu.br\/ccbsa\/files\/2025\/05\/WhatsApp-Image-2025-05-06-at-11.39.54-1120x635.jpeg 1120w\" sizes=\"auto, (max-width: 1200px) 100vw, 1200px\" \/><\/a>\n\t\t\t<\/dt><\/dl><dl class='gallery-item'>\n\t\t\t<dt class='gallery-icon landscape'>\n\t\t\t\t<a href='https:\/\/centros.uepb.edu.br\/ccbsa\/files\/2025\/05\/WhatsApp-Image-2025-05-06-at-11.39.55.jpeg'><img loading=\"lazy\" decoding=\"async\" width=\"1200\" height=\"680\" src=\"https:\/\/centros.uepb.edu.br\/ccbsa\/files\/2025\/05\/WhatsApp-Image-2025-05-06-at-11.39.55.jpeg\" class=\"attachment-full size-full\" alt=\"\" srcset=\"https:\/\/centros.uepb.edu.br\/ccbsa\/files\/2025\/05\/WhatsApp-Image-2025-05-06-at-11.39.55.jpeg 1200w, https:\/\/centros.uepb.edu.br\/ccbsa\/files\/2025\/05\/WhatsApp-Image-2025-05-06-at-11.39.55-300x170.jpeg 300w, https:\/\/centros.uepb.edu.br\/ccbsa\/files\/2025\/05\/WhatsApp-Image-2025-05-06-at-11.39.55-1120x635.jpeg 1120w\" sizes=\"auto, (max-width: 1200px) 100vw, 1200px\" \/><\/a>\n\t\t\t<\/dt><\/dl>\n\t\t\t<br style='clear: both' \/>\n\t\t<\/div>\n\n<p>Com a participa\u00e7\u00e3o de estudantes, docentes e gestores da Universidade Estadual da Para\u00edba (UEPB) e do Governo do Estado da Para\u00edba, o Polo UAB de Jo\u00e3o Pessoa e Pro-reitoria de Ensino M\u00e9dio, T\u00e9cnico e Educa\u00e7\u00e3o a Dist\u00e2ncia (PROEAD) realizaram, na noite desta segunda-feira (5), a aula Magna dos cursos de Administra\u00e7\u00e3o P\u00fablica, Letras (portugu\u00eas e Espanhol), Geografia e Hist\u00f3ria do polo de Educa\u00e7\u00e3o a Dist\u00e2ncia da UEPB com o tema \u201cEduca\u00e7\u00e3o a dist\u00e2ncia, inclus\u00e3o e diversidade\u201d.<\/p>\n<p>Participaram da mesa de abertura da solenidade, o Secret\u00e1rio de Estado da Ci\u00eancia, Tecnologia, Inova\u00e7\u00e3o e Ensino Superior (SECTIES), professor Cl\u00e1udio Furtado; a Pr\u00f3-Reitora Adjunta de Ensino M\u00e9dio, T\u00e9cnico e Educa\u00e7\u00e3o a Dist\u00e2ncia (PROEAD), professor Carolina Coeli Rodrigues Batista; o Gerente de Ensino Superior da SECTIES, professor Wilson Arag\u00e3o; o diretor do CCBSA, professor Cleber Salimon; a coordenadora do Polo UAB de Jo\u00e3o Pessoa, professora Suely Mesquita e a assessora da PROEAD, Carolina Cavalcanti Bezerra.<\/p>\n<p>Para a professora Carolina Coeli Batista, a participa\u00e7\u00e3o dos estudantes dos cursos EAD neste tipo de evento \u00e9 importante para o estabelecimento de v\u00ednculo desse estudantes com a Institui\u00e7\u00e3o. \u201cMomentos como esse s\u00e3o extremamente relevantes para a viv\u00eancia da EAD. Embora se acredite que a educa\u00e7\u00e3o a dist\u00e2ncia acontece totalmente fora da universidade s\u00e3o esses momentos de encontro, de acolhida, de aula magna, de eventos acad\u00eamicos, que aproximam os nossos discentes de EAD da viv\u00eancia acad\u00eamica. Al\u00e9m das datas de prova, consultas a tutoria, que trazem esses estudantes para dentro da Universidade e do trabalho que a coordena\u00e7\u00e3o do polo vem desenvolvendo, essa acolhida \u00e9 importante para nossos alunos ajudando inclusive a evitar a evas\u00e3o\u201d, avalia.<\/p>\n<p>Na oportunidade, foi estabelecido um di\u00e1logo sobre a import\u00e2ncia de pensar a educa\u00e7\u00e3o a dist\u00e2ncia e os espa\u00e7os virtuais de aprendizagem como locais de inclus\u00e3o, respeito e oportunidades, considerando a valoriza\u00e7\u00e3o da pluralidade e as diferentes realidades socioculturais para uma educa\u00e7\u00e3o mais democr\u00e1tica e inclusiva.<\/p>\n<p><strong>Texto:<\/strong> <em>Juliana Marques<\/em><\/p>\n<p><strong>Fotos:<\/strong> <em>Luan Gomes<\/em><\/p>\n","protected":false},"excerpt":{"rendered":"<p>&nbsp; Com a participa\u00e7\u00e3o de estudantes, docentes e gestores da Universidade Estadual da Para\u00edba (UEPB) e do Governo do Estado da Para\u00edba, o Polo UAB de Jo\u00e3o Pessoa e Pro-reitoria de Ensino M\u00e9dio, T\u00e9cnico e Educa\u00e7\u00e3o a Dist\u00e2ncia (PROEAD) realizaram, na noite desta segunda-feira (5), a aula Magna dos cursos de Administra\u00e7\u00e3o P\u00fablica, Letras (portugu\u00eas <a class=\"leiamais\" href=\"https:\/\/centros.uepb.edu.br\/ccbsa\/polo-de-educacao-a-distancia-de-joao-pessoa-realiza-aula-magna-sobre-inclusao-e-diversidade\/\">Leia Mais&#8230;<\/a><\/p>\n","protected":false},"author":8,"featured_media":11779,"comment_status":"closed","ping_status":"closed","sticky":false,"template":"","format":"standard","meta":{"footnotes":""},"categories":[3,11],"tags":[],"class_list":["post-11777","post","type-post","status-publish","format-standard","has-post-thumbnail","hentry","category-noticias","category-noticias-destaque-img"],"jetpack_featured_media_url":"https:\/\/centros.uepb.edu.br\/ccbsa\/files\/2025\/05\/WhatsApp-Image-2025-05-06-at-11.39.55.jpeg","_links":{"self":[{"href":"https:\/\/centros.uepb.edu.br\/ccbsa\/wp-json\/wp\/v2\/posts\/11777","targetHints":{"allow":["GET"]}}],"collection":[{"href":"https:\/\/centros.uepb.edu.br\/ccbsa\/wp-json\/wp\/v2\/posts"}],"about":[{"href":"https:\/\/centros.uepb.edu.br\/ccbsa\/wp-json\/wp\/v2\/types\/post"}],"author":[{"embeddable":true,"href":"https:\/\/centros.uepb.edu.br\/ccbsa\/wp-json\/wp\/v2\/users\/8"}],"replies":[{"embeddable":true,"href":"https:\/\/centros.uepb.edu.br\/ccbsa\/wp-json\/wp\/v2\/comments?post=11777"}],"version-history":[{"count":0,"href":"https:\/\/centros.uepb.edu.br\/ccbsa\/wp-json\/wp\/v2\/posts\/11777\/revisions"}],"wp:featuredmedia":[{"embeddable":true,"href":"https:\/\/centros.uepb.edu.br\/ccbsa\/wp-json\/wp\/v2\/media\/11779"}],"wp:attachment":[{"href":"https:\/\/centros.uepb.edu.br\/ccbsa\/wp-json\/wp\/v2\/media?parent=11777"}],"wp:term":[{"taxonomy":"category","embeddable":true,"href":"https:\/\/centros.uepb.edu.br\/ccbsa\/wp-json\/wp\/v2\/categories?post=11777"},{"taxonomy":"post_tag","embeddable":true,"href":"https:\/\/centros.uepb.edu.br\/ccbsa\/wp-json\/wp\/v2\/tags?post=11777"}],"curies":[{"name":"wp","href":"https:\/\/api.w.org\/{rel}","templated":true}]}}