{"id":1175,"date":"2013-11-11T14:49:53","date_gmt":"2013-11-11T14:49:53","guid":{"rendered":"\/ccbsa\/?p=1175"},"modified":"2013-11-11T14:51:20","modified_gmt":"2013-11-11T14:51:20","slug":"estudantes-do-campus-v-sao-convidados-a-participar-de-debate-com-o-intuito-de-fortalecer-o-movimento-estudantil-no-ccbsa","status":"publish","type":"post","link":"https:\/\/centros.uepb.edu.br\/ccbsa\/estudantes-do-campus-v-sao-convidados-a-participar-de-debate-com-o-intuito-de-fortalecer-o-movimento-estudantil-no-ccbsa\/","title":{"rendered":"Estudantes do Campus V s\u00e3o convidados a participar de debate sobre movimento estudantil"},"content":{"rendered":"<p><a href=\"http:\/\/centros.ascom.uepb.edu.br\/ccbsa\/files\/2013\/11\/1456127_676514472366544_1652120461_n1.jpg\"><img loading=\"lazy\" decoding=\"async\" class=\"alignleft size-thumbnail wp-image-1177 img-responsive\" alt=\"1456127_676514472366544_1652120461_n\" src=\"http:\/\/centros.ascom.uepb.edu.br\/ccbsa\/files\/2013\/11\/1456127_676514472366544_1652120461_n1-150x150.jpg\" width=\"150\" height=\"150\" \/><\/a>A Executiva Nacional dos Estudantes de Arquivologia (Enea)\u00a0representada pelos discentes do Bacharelado em Arquivologia\u00a0 do Campus V da Universidade Estadual da Para\u00edba,\u00a0Adriana Soares e Bruno Pereira de Lima, realizar\u00e1, nesta quinta-feira, 14 de novembro, \u00e0s 9h,\u00a0no audit\u00f3rio Pioneiros, um debate sobre o Movimento estudantil, Lutas Sociais e a Realidade do Campus V.<\/p>\n<p>O evento, que \u00e9\u00a0voltado aos discentes de todos os cursos do Centro de Ci\u00eancias Biol\u00f3gicas e Sociais Aplicadas (CCBSA) e contar\u00e1 com a participa\u00e7\u00e3o de professores e da Dire\u00e7\u00e3o de Centro, visa\u00a0fortalecer o Movimento Estudantil no Campus V e\u00a0discutir a\u00a0import\u00e2ncia dos estudantes nas lutas sociais.<\/p>\n<p>&nbsp;<\/p>\n","protected":false},"excerpt":{"rendered":"<p>A Executiva Nacional dos Estudantes de Arquivologia (Enea)\u00a0representada pelos discentes do Bacharelado em Arquivologia\u00a0 do Campus V da Universidade Estadual da Para\u00edba,\u00a0Adriana Soares e Bruno Pereira de Lima, realizar\u00e1, nesta quinta-feira, 14 de novembro, \u00e0s 9h,\u00a0no audit\u00f3rio Pioneiros, um debate sobre o Movimento estudantil, Lutas Sociais e a Realidade do Campus V. O evento, que <a class=\"leiamais\" href=\"https:\/\/centros.uepb.edu.br\/ccbsa\/estudantes-do-campus-v-sao-convidados-a-participar-de-debate-com-o-intuito-de-fortalecer-o-movimento-estudantil-no-ccbsa\/\">Leia Mais&#8230;<\/a><\/p>\n","protected":false},"author":8,"featured_media":0,"comment_status":"open","ping_status":"open","sticky":false,"template":"","format":"standard","meta":{"footnotes":""},"categories":[3,5],"tags":[],"class_list":["post-1175","post","type-post","status-publish","format-standard","hentry","category-noticias","category-visiveis"],"jetpack_featured_media_url":"","_links":{"self":[{"href":"https:\/\/centros.uepb.edu.br\/ccbsa\/wp-json\/wp\/v2\/posts\/1175","targetHints":{"allow":["GET"]}}],"collection":[{"href":"https:\/\/centros.uepb.edu.br\/ccbsa\/wp-json\/wp\/v2\/posts"}],"about":[{"href":"https:\/\/centros.uepb.edu.br\/ccbsa\/wp-json\/wp\/v2\/types\/post"}],"author":[{"embeddable":true,"href":"https:\/\/centros.uepb.edu.br\/ccbsa\/wp-json\/wp\/v2\/users\/8"}],"replies":[{"embeddable":true,"href":"https:\/\/centros.uepb.edu.br\/ccbsa\/wp-json\/wp\/v2\/comments?post=1175"}],"version-history":[{"count":0,"href":"https:\/\/centros.uepb.edu.br\/ccbsa\/wp-json\/wp\/v2\/posts\/1175\/revisions"}],"wp:attachment":[{"href":"https:\/\/centros.uepb.edu.br\/ccbsa\/wp-json\/wp\/v2\/media?parent=1175"}],"wp:term":[{"taxonomy":"category","embeddable":true,"href":"https:\/\/centros.uepb.edu.br\/ccbsa\/wp-json\/wp\/v2\/categories?post=1175"},{"taxonomy":"post_tag","embeddable":true,"href":"https:\/\/centros.uepb.edu.br\/ccbsa\/wp-json\/wp\/v2\/tags?post=1175"}],"curies":[{"name":"wp","href":"https:\/\/api.w.org\/{rel}","templated":true}]}}