{"id":11747,"date":"2025-04-30T10:29:15","date_gmt":"2025-04-30T10:29:15","guid":{"rendered":"https:\/\/centros.uepb.edu.br\/ccbsa\/?p=11747"},"modified":"2025-04-30T11:29:23","modified_gmt":"2025-04-30T11:29:23","slug":"projeto-vinculado-ao-curso-de-ciencias-biologicas-do-ccbsa-realiza-acao-alusiva-ao-dia-da-botanica","status":"publish","type":"post","link":"https:\/\/centros.uepb.edu.br\/ccbsa\/projeto-vinculado-ao-curso-de-ciencias-biologicas-do-ccbsa-realiza-acao-alusiva-ao-dia-da-botanica\/","title":{"rendered":"Projeto vinculado ao curso de Ci\u00eancias Biol\u00f3gicas do C\u00e2mpus V da UEPB\u00a0realiza a\u00e7\u00e3o alusiva ao Dia da Bot\u00e2nica"},"content":{"rendered":"<div>\n\n\t\t<style type=\"text\/css\">\n\t\t\t#gallery-1 {\n\t\t\t\tmargin: auto;\n\t\t\t}\n\t\t\t#gallery-1 .gallery-item {\n\t\t\t\tfloat: left;\n\t\t\t\tmargin-top: 10px;\n\t\t\t\ttext-align: center;\n\t\t\t\twidth: 33%;\n\t\t\t}\n\t\t\t#gallery-1 img {\n\t\t\t\tborder: 2px solid #cfcfcf;\n\t\t\t}\n\t\t\t#gallery-1 .gallery-caption {\n\t\t\t\tmargin-left: 0;\n\t\t\t}\n\t\t\t\/* see gallery_shortcode() in wp-includes\/media.php *\/\n\t\t<\/style>\n\t\t<div id='gallery-1' class='gallery galleryid-11747 gallery-columns-3 gallery-size-full'><dl class='gallery-item'>\n\t\t\t<dt class='gallery-icon landscape'>\n\t\t\t\t<a href='https:\/\/centros.uepb.edu.br\/ccbsa\/files\/2025\/04\/WhatsApp-Image-2025-04-29-at-13.27.53.jpeg'><img loading=\"lazy\" decoding=\"async\" width=\"1200\" height=\"680\" src=\"https:\/\/centros.uepb.edu.br\/ccbsa\/files\/2025\/04\/WhatsApp-Image-2025-04-29-at-13.27.53.jpeg\" class=\"attachment-full size-full\" alt=\"\" srcset=\"https:\/\/centros.uepb.edu.br\/ccbsa\/files\/2025\/04\/WhatsApp-Image-2025-04-29-at-13.27.53.jpeg 1200w, https:\/\/centros.uepb.edu.br\/ccbsa\/files\/2025\/04\/WhatsApp-Image-2025-04-29-at-13.27.53-300x170.jpeg 300w, https:\/\/centros.uepb.edu.br\/ccbsa\/files\/2025\/04\/WhatsApp-Image-2025-04-29-at-13.27.53-1120x635.jpeg 1120w\" sizes=\"auto, (max-width: 1200px) 100vw, 1200px\" \/><\/a>\n\t\t\t<\/dt><\/dl><dl class='gallery-item'>\n\t\t\t<dt class='gallery-icon landscape'>\n\t\t\t\t<a href='https:\/\/centros.uepb.edu.br\/ccbsa\/files\/2025\/04\/WhatsApp-Image-2025-04-29-at-13.27.56.jpeg'><img loading=\"lazy\" decoding=\"async\" width=\"1200\" height=\"707\" src=\"https:\/\/centros.uepb.edu.br\/ccbsa\/files\/2025\/04\/WhatsApp-Image-2025-04-29-at-13.27.56.jpeg\" class=\"attachment-full size-full\" alt=\"\" srcset=\"https:\/\/centros.uepb.edu.br\/ccbsa\/files\/2025\/04\/WhatsApp-Image-2025-04-29-at-13.27.56.jpeg 1200w, https:\/\/centros.uepb.edu.br\/ccbsa\/files\/2025\/04\/WhatsApp-Image-2025-04-29-at-13.27.56-300x177.jpeg 300w, https:\/\/centros.uepb.edu.br\/ccbsa\/files\/2025\/04\/WhatsApp-Image-2025-04-29-at-13.27.56-1120x660.jpeg 1120w\" sizes=\"auto, (max-width: 1200px) 100vw, 1200px\" \/><\/a>\n\t\t\t<\/dt><\/dl><dl class='gallery-item'>\n\t\t\t<dt class='gallery-icon landscape'>\n\t\t\t\t<a href='https:\/\/centros.uepb.edu.br\/ccbsa\/files\/2025\/04\/WhatsApp-Image-2025-04-29-at-13.27.57-1.jpeg'><img loading=\"lazy\" decoding=\"async\" width=\"1200\" height=\"697\" src=\"https:\/\/centros.uepb.edu.br\/ccbsa\/files\/2025\/04\/WhatsApp-Image-2025-04-29-at-13.27.57-1.jpeg\" class=\"attachment-full size-full\" alt=\"\" srcset=\"https:\/\/centros.uepb.edu.br\/ccbsa\/files\/2025\/04\/WhatsApp-Image-2025-04-29-at-13.27.57-1.jpeg 1200w, https:\/\/centros.uepb.edu.br\/ccbsa\/files\/2025\/04\/WhatsApp-Image-2025-04-29-at-13.27.57-1-300x174.jpeg 300w, https:\/\/centros.uepb.edu.br\/ccbsa\/files\/2025\/04\/WhatsApp-Image-2025-04-29-at-13.27.57-1-1120x651.jpeg 1120w\" sizes=\"auto, (max-width: 1200px) 100vw, 1200px\" \/><\/a>\n\t\t\t<\/dt><\/dl><br style=\"clear: both\" \/><dl class='gallery-item'>\n\t\t\t<dt class='gallery-icon portrait'>\n\t\t\t\t<a href='https:\/\/centros.uepb.edu.br\/ccbsa\/files\/2025\/04\/WhatsApp-Image-2025-04-29-at-13.27.57.jpeg'><img loading=\"lazy\" decoding=\"async\" width=\"1200\" height=\"1211\" src=\"https:\/\/centros.uepb.edu.br\/ccbsa\/files\/2025\/04\/WhatsApp-Image-2025-04-29-at-13.27.57.jpeg\" class=\"attachment-full size-full\" alt=\"\" srcset=\"https:\/\/centros.uepb.edu.br\/ccbsa\/files\/2025\/04\/WhatsApp-Image-2025-04-29-at-13.27.57.jpeg 1200w, https:\/\/centros.uepb.edu.br\/ccbsa\/files\/2025\/04\/WhatsApp-Image-2025-04-29-at-13.27.57-297x300.jpeg 297w, https:\/\/centros.uepb.edu.br\/ccbsa\/files\/2025\/04\/WhatsApp-Image-2025-04-29-at-13.27.57-789x796.jpeg 789w\" sizes=\"auto, (max-width: 1200px) 100vw, 1200px\" \/><\/a>\n\t\t\t<\/dt><\/dl><dl class='gallery-item'>\n\t\t\t<dt class='gallery-icon landscape'>\n\t\t\t\t<a href='https:\/\/centros.uepb.edu.br\/ccbsa\/files\/2025\/04\/WhatsApp-Image-2025-04-29-at-13.28.00.jpeg'><img loading=\"lazy\" decoding=\"async\" width=\"1200\" height=\"680\" src=\"https:\/\/centros.uepb.edu.br\/ccbsa\/files\/2025\/04\/WhatsApp-Image-2025-04-29-at-13.28.00.jpeg\" class=\"attachment-full size-full\" alt=\"\" srcset=\"https:\/\/centros.uepb.edu.br\/ccbsa\/files\/2025\/04\/WhatsApp-Image-2025-04-29-at-13.28.00.jpeg 1200w, https:\/\/centros.uepb.edu.br\/ccbsa\/files\/2025\/04\/WhatsApp-Image-2025-04-29-at-13.28.00-300x170.jpeg 300w, https:\/\/centros.uepb.edu.br\/ccbsa\/files\/2025\/04\/WhatsApp-Image-2025-04-29-at-13.28.00-1120x635.jpeg 1120w\" sizes=\"auto, (max-width: 1200px) 100vw, 1200px\" \/><\/a>\n\t\t\t<\/dt><\/dl>\n\t\t\t<br style='clear: both' \/>\n\t\t<\/div>\n\n<p>O projeto de extens\u00e3o &#8220;Foco na bot\u00e2nica&#8221;, que \u00e9 vinculado ao curso de Ci\u00eancias Biol\u00f3gicas do Centro de Ci\u00eancias Biol\u00f3gicas e Sociais Aplicadas (CCBSA) realizou, na manh\u00e3 do dia 26 de abril, no Jardim Bot\u00e2nico Benjamin Maranh\u00e3o, a\u00a0 trilha tem\u00e1tica intitulada &#8220;Flora aflora: combate \u00e0 impercep\u00e7\u00e3o bot\u00e2nica&#8221;, que foi promovida em alus\u00e3o ao dia nacional da bot\u00e2nica, celebrado em 17 de abril.\u00a0Participaram do evento estudantes e p\u00fablico em geral.<\/p>\n<p>De acordo com a coordenadora do projeto, a bi\u00f3loga Tatiana Ponce de Leon, o objetivo da atividade \u00e9 proporcionar aos visitantes uma viv\u00eancia imersiva de educa\u00e7\u00e3o ambiental, com foco na bot\u00e2nica, unindo observa\u00e7\u00e3o cient\u00edfica\u00a0 e express\u00e3o art\u00edstica atrav\u00e9s da mobgrafia, a arte da fotografia com dispositivos m\u00f3veis. Estimular o olhar atento \u00e0s formas, cores, texturas e estruturas vegetais muitas vezes invisibilizadas no cotidiano, promovendo o combate \u00e0 &#8220;impercep\u00e7\u00e3o bot\u00e2nica&#8221;.<\/p>\n<p>&#8220;As plantas costumam ser vistas apenas como parte de um cen\u00e1rio da natureza, enquanto os animais recebem mais aten\u00e7\u00e3o. Atividades como essa direcionam o olhar do p\u00fablico para a diversidade de formas, cores e texturas do mundo vegetal, ajudando a combater a impercep\u00e7\u00e3o bot\u00e2nica. Al\u00e9m disso, parcerias como essa com o Jardim Bot\u00e2nico fortalecem nosso projeto e promovem uma educa\u00e7\u00e3o ambiental fundamental nos dias de hoje. Conhecer para conservar, essa \u00e9 a ideia&#8221;, explica Tatiana.<\/p>\n<p>Idealizado a partir do entendimento de que a fotografia realizada com aparelhos m\u00f3veis, smartphones e tablets poderia auxiliar no ensino da bot\u00e2nica, esse Projeto busca despertar o interesse de uma gera\u00e7\u00e3o que est\u00e1 inserida num contexto fortemente caracterizado pela presen\u00e7a das tecnologias.<\/p>\n<div>\n<p><strong>Mais informa\u00e7\u00f5es:<\/strong> www.instagram.com\/foconabotanica<\/p>\n<div>\n<p><strong>Texto:<\/strong> Juliana Marques.<\/p>\n<\/div>\n<\/div>\n<\/div>\n","protected":false},"excerpt":{"rendered":"<p>O projeto de extens\u00e3o &#8220;Foco na bot\u00e2nica&#8221;, que \u00e9 vinculado ao curso de Ci\u00eancias Biol\u00f3gicas do Centro de Ci\u00eancias Biol\u00f3gicas e Sociais Aplicadas (CCBSA) realizou, na manh\u00e3 do dia 26 de abril, no Jardim Bot\u00e2nico Benjamin Maranh\u00e3o, a\u00a0 trilha tem\u00e1tica intitulada &#8220;Flora aflora: combate \u00e0 impercep\u00e7\u00e3o bot\u00e2nica&#8221;, que foi promovida em alus\u00e3o ao dia nacional <a class=\"leiamais\" href=\"https:\/\/centros.uepb.edu.br\/ccbsa\/projeto-vinculado-ao-curso-de-ciencias-biologicas-do-ccbsa-realiza-acao-alusiva-ao-dia-da-botanica\/\">Leia Mais&#8230;<\/a><\/p>\n","protected":false},"author":8,"featured_media":11748,"comment_status":"closed","ping_status":"closed","sticky":false,"template":"","format":"standard","meta":{"footnotes":""},"categories":[3,11],"tags":[],"class_list":["post-11747","post","type-post","status-publish","format-standard","has-post-thumbnail","hentry","category-noticias","category-noticias-destaque-img"],"jetpack_featured_media_url":"https:\/\/centros.uepb.edu.br\/ccbsa\/files\/2025\/04\/WhatsApp-Image-2025-04-29-at-13.27.53.jpeg","_links":{"self":[{"href":"https:\/\/centros.uepb.edu.br\/ccbsa\/wp-json\/wp\/v2\/posts\/11747","targetHints":{"allow":["GET"]}}],"collection":[{"href":"https:\/\/centros.uepb.edu.br\/ccbsa\/wp-json\/wp\/v2\/posts"}],"about":[{"href":"https:\/\/centros.uepb.edu.br\/ccbsa\/wp-json\/wp\/v2\/types\/post"}],"author":[{"embeddable":true,"href":"https:\/\/centros.uepb.edu.br\/ccbsa\/wp-json\/wp\/v2\/users\/8"}],"replies":[{"embeddable":true,"href":"https:\/\/centros.uepb.edu.br\/ccbsa\/wp-json\/wp\/v2\/comments?post=11747"}],"version-history":[{"count":0,"href":"https:\/\/centros.uepb.edu.br\/ccbsa\/wp-json\/wp\/v2\/posts\/11747\/revisions"}],"wp:featuredmedia":[{"embeddable":true,"href":"https:\/\/centros.uepb.edu.br\/ccbsa\/wp-json\/wp\/v2\/media\/11748"}],"wp:attachment":[{"href":"https:\/\/centros.uepb.edu.br\/ccbsa\/wp-json\/wp\/v2\/media?parent=11747"}],"wp:term":[{"taxonomy":"category","embeddable":true,"href":"https:\/\/centros.uepb.edu.br\/ccbsa\/wp-json\/wp\/v2\/categories?post=11747"},{"taxonomy":"post_tag","embeddable":true,"href":"https:\/\/centros.uepb.edu.br\/ccbsa\/wp-json\/wp\/v2\/tags?post=11747"}],"curies":[{"name":"wp","href":"https:\/\/api.w.org\/{rel}","templated":true}]}}