{"id":11736,"date":"2025-04-28T19:55:55","date_gmt":"2025-04-28T19:55:55","guid":{"rendered":"https:\/\/centros.uepb.edu.br\/ccbsa\/?p=11736"},"modified":"2025-04-29T11:03:26","modified_gmt":"2025-04-29T11:03:26","slug":"estudantes-do-campus-i-e-campus-v-participam-de-atividade-na-orla-do-cabo-branco-unindo-cultura-e-conhecimento","status":"publish","type":"post","link":"https:\/\/centros.uepb.edu.br\/ccbsa\/estudantes-do-campus-i-e-campus-v-participam-de-atividade-na-orla-do-cabo-branco-unindo-cultura-e-conhecimento\/","title":{"rendered":"Estudantes do C\u00e2mpus I e C\u00e2mpus V participam de atividade na orla do Cabo Branco unindo cultura e conhecimento"},"content":{"rendered":"\n\t\t<style type=\"text\/css\">\n\t\t\t#gallery-1 {\n\t\t\t\tmargin: auto;\n\t\t\t}\n\t\t\t#gallery-1 .gallery-item {\n\t\t\t\tfloat: left;\n\t\t\t\tmargin-top: 10px;\n\t\t\t\ttext-align: center;\n\t\t\t\twidth: 33%;\n\t\t\t}\n\t\t\t#gallery-1 img {\n\t\t\t\tborder: 2px solid #cfcfcf;\n\t\t\t}\n\t\t\t#gallery-1 .gallery-caption {\n\t\t\t\tmargin-left: 0;\n\t\t\t}\n\t\t\t\/* see gallery_shortcode() in wp-includes\/media.php *\/\n\t\t<\/style>\n\t\t<div id='gallery-1' class='gallery galleryid-11736 gallery-columns-3 gallery-size-full'><dl class='gallery-item'>\n\t\t\t<dt class='gallery-icon landscape'>\n\t\t\t\t<a href='https:\/\/centros.uepb.edu.br\/ccbsa\/files\/2025\/04\/WhatsApp-Image-2025-04-28-at-10.00.11.jpeg'><img loading=\"lazy\" decoding=\"async\" width=\"1200\" height=\"680\" src=\"https:\/\/centros.uepb.edu.br\/ccbsa\/files\/2025\/04\/WhatsApp-Image-2025-04-28-at-10.00.11.jpeg\" class=\"attachment-full size-full\" alt=\"\" srcset=\"https:\/\/centros.uepb.edu.br\/ccbsa\/files\/2025\/04\/WhatsApp-Image-2025-04-28-at-10.00.11.jpeg 1200w, https:\/\/centros.uepb.edu.br\/ccbsa\/files\/2025\/04\/WhatsApp-Image-2025-04-28-at-10.00.11-300x170.jpeg 300w, https:\/\/centros.uepb.edu.br\/ccbsa\/files\/2025\/04\/WhatsApp-Image-2025-04-28-at-10.00.11-1120x635.jpeg 1120w\" sizes=\"auto, (max-width: 1200px) 100vw, 1200px\" \/><\/a>\n\t\t\t<\/dt><\/dl><dl class='gallery-item'>\n\t\t\t<dt class='gallery-icon landscape'>\n\t\t\t\t<a href='https:\/\/centros.uepb.edu.br\/ccbsa\/files\/2025\/04\/WhatsApp-Image-2025-04-28-at-10.00.38ok.png'><img loading=\"lazy\" decoding=\"async\" width=\"1200\" height=\"680\" src=\"https:\/\/centros.uepb.edu.br\/ccbsa\/files\/2025\/04\/WhatsApp-Image-2025-04-28-at-10.00.38ok.png\" class=\"attachment-full size-full\" alt=\"\" srcset=\"https:\/\/centros.uepb.edu.br\/ccbsa\/files\/2025\/04\/WhatsApp-Image-2025-04-28-at-10.00.38ok.png 1200w, https:\/\/centros.uepb.edu.br\/ccbsa\/files\/2025\/04\/WhatsApp-Image-2025-04-28-at-10.00.38ok-300x170.png 300w, https:\/\/centros.uepb.edu.br\/ccbsa\/files\/2025\/04\/WhatsApp-Image-2025-04-28-at-10.00.38ok-1120x635.png 1120w\" sizes=\"auto, (max-width: 1200px) 100vw, 1200px\" \/><\/a>\n\t\t\t<\/dt><\/dl><dl class='gallery-item'>\n\t\t\t<dt class='gallery-icon landscape'>\n\t\t\t\t<a href='https:\/\/centros.uepb.edu.br\/ccbsa\/files\/2025\/04\/WhatsApp-Image-2025-04-28-at-09.59.59ok.png'><img loading=\"lazy\" decoding=\"async\" width=\"955\" height=\"650\" src=\"https:\/\/centros.uepb.edu.br\/ccbsa\/files\/2025\/04\/WhatsApp-Image-2025-04-28-at-09.59.59ok.png\" class=\"attachment-full size-full\" alt=\"\" srcset=\"https:\/\/centros.uepb.edu.br\/ccbsa\/files\/2025\/04\/WhatsApp-Image-2025-04-28-at-09.59.59ok.png 955w, https:\/\/centros.uepb.edu.br\/ccbsa\/files\/2025\/04\/WhatsApp-Image-2025-04-28-at-09.59.59ok-300x204.png 300w\" sizes=\"auto, (max-width: 955px) 100vw, 955px\" \/><\/a>\n\t\t\t<\/dt><\/dl><br style=\"clear: both\" \/>\n\t\t<\/div>\n\n<p>Com o objetivo de promover o conhecimento sobre a cultura do nosso Estado, o projeto de extens\u00e3o &#8220;<span style=\"font-weight: 400\">Peddy-paper SESA: descobrir o imagin\u00e1rio urbano com desporto, educa\u00e7\u00e3o cultural e ambiental&#8221;<\/span>, que \u00e9 vinculado ao curso de Arquivologia da Universidade Estadual da Para\u00edba (UEPB), realizou neste s\u00e1bado, 26 de abril, \u00e0s 8h, na orla da Praia do Cabo Branco, em Jo\u00e3o Pessoa, a 2\u00aa edi\u00e7\u00e3o do Peddypaper Litoral SESA 2025. Participaram desta edi\u00e7\u00e3o estudantes do curso de Farm\u00e1cia do C\u00e2mpus I, e discentes do C\u00e2mpus V da UEPB. A atividade contou com o apoio da Editora da UEPB (Eduepb) que contribuiu com a doa\u00e7\u00e3o de livros.<\/p>\n<p>Durante a trilha, os alunos aplicaram conhecimentos de bot\u00e2nica ao buscar identificar esp\u00e9cies de plantas, al\u00e9m de aprofundarem sua percep\u00e7\u00e3o ambiental e hist\u00f3rico-cultural. Na ocasi\u00e3o tamb\u00e9m foi realizada uma visita t\u00e9cnica \u00e0 Funda\u00e7\u00e3o Casa de Jos\u00e9 Am\u00e9rico. De acordo com a professora do departamento de Farm\u00e1cia que integra a equipe do projeto Semin\u00e1rio de Saberes Arquiv\u00edsticos (SESA), ao qual essa a\u00e7\u00e3o \u00e9 vinculada, Zilka Nanes, na oportunidade os estudantes tiveram acesso ao acervo hist\u00f3rico do local, puderam explorar o antigo gabinete de trabalho, o quadro da Barreira do Cabo Branco e os registros sonoros da campanha pol\u00edtica de Jos\u00e9 Am\u00e9rico.<\/p>\n<p>\u201cO projeto alcan\u00e7a seu objetivo quando sensibiliza e leva os participantes \u00e0 socializa\u00e7\u00e3o, resgatando o v\u00ednculo entre o indiv\u00edduo e o meio ambiente. Al\u00e9m disso, incentiva o exerc\u00edcio da cidadania cr\u00edtica e a constru\u00e7\u00e3o de uma sociedade do conhecimento mais empoderada, por meio de atividades pr\u00e1ticas que extrapolam os muros da universidade. Esta edi\u00e7\u00e3o do Peddypaper reafirmou o compromisso da UEPB com o ensino, a pesquisa e a extens\u00e3o, mostrando a import\u00e2ncia da forma\u00e7\u00e3o acad\u00eamica aliada \u00e0 viv\u00eancia cultural e ao conhecimento hist\u00f3rico\u201d, avalia a professora Zilka.<\/p>\n<p>A participa\u00e7\u00e3o dos estudantes do C\u00e2mpus I no Evento contou com o apoio do Centro Acad\u00eamico de Farm\u00e1cia Alexander Fleming (CAAF), que buscou oportunizar aos discentes a aplica\u00e7\u00e3o de conhecimentos adquiridos na Universidade no contexto pr\u00e1tico. Para o estudante do 3\u00ba per\u00edodo de Farm\u00e1cia que integra o CAAF, Djeymison Silva, a experi\u00eancia ampliou a compreens\u00e3o da extens\u00e3o universit\u00e1ria e os motivou a pensar na cria\u00e7\u00e3o de projetos e iniciativas com foco social.<\/p>\n<p>\u201cAo participar deste projeto, todos n\u00f3s pudemos refletir sobre a import\u00e2ncia de sermos cidad\u00e3os ativos, capazes de promover mudan\u00e7as reais. Foi uma oportunidade de crescimento pessoal e acad\u00eamico, permitindo que cada um de n\u00f3s se conectasse de maneira mais profunda com as necessidades da sociedade e com o impacto que podemos causar ao engajarmos em projetos de impacto social. Essa viv\u00eancia, sem d\u00favida, vai al\u00e9m do conhecimento t\u00e9cnico. Todos n\u00f3s sa\u00edmos dessa experi\u00eancia com um aprendizado valioso que, com certeza, vai influenciar nossa trajet\u00f3ria profissional e pessoal\u201d, resume o discente.<\/p>\n<p><strong>Sobre o Pedipaper<\/strong><\/p>\n<p>A atividade, que pode ser denominada de Pedipaper ou Peddypaper, consiste na realiza\u00e7\u00e3o de uma prova dividida em etapas em que os concorrentes t\u00eam de percorrer, a p\u00e9, um determinado trajeto num dado tempo e responder a um question\u00e1rio que envolve perguntas e resolu\u00e7\u00e3o de tarefas. A iniciativa, corriqueiramente usada em institui\u00e7\u00f5es da Europa para unir atividades educativo-culturais \u00e0 pr\u00e1tica desportiva, \u00e9 desenvolvida de forma pioneira pelo projeto SESA, do curso de Arquivologia.<\/p>\n<p>Tais a\u00e7\u00f5es j\u00e1 foram realizadas no Centro Hist\u00f3rico de Jo\u00e3o Pessoa, Parque Sol\u00f3n de Lucena e Orla do Cabo Branco, com foco no aprendizado de forma l\u00fadica e prazerosa sobre a hist\u00f3rica da cidade a partir da observa\u00e7\u00e3o do espa\u00e7o urbano, patrimonial e hist\u00f3rico.<\/p>\n<p><strong>Texto:<\/strong> Juliana Marques.<\/p>\n","protected":false},"excerpt":{"rendered":"<p>Com o objetivo de promover o conhecimento sobre a cultura do nosso Estado, o projeto de extens\u00e3o &#8220;Peddy-paper SESA: descobrir o imagin\u00e1rio urbano com desporto, educa\u00e7\u00e3o cultural e ambiental&#8221;, que \u00e9 vinculado ao curso de Arquivologia da Universidade Estadual da Para\u00edba (UEPB), realizou neste s\u00e1bado, 26 de abril, \u00e0s 8h, na orla da Praia do <a class=\"leiamais\" href=\"https:\/\/centros.uepb.edu.br\/ccbsa\/estudantes-do-campus-i-e-campus-v-participam-de-atividade-na-orla-do-cabo-branco-unindo-cultura-e-conhecimento\/\">Leia Mais&#8230;<\/a><\/p>\n","protected":false},"author":8,"featured_media":11737,"comment_status":"closed","ping_status":"closed","sticky":false,"template":"","format":"standard","meta":{"footnotes":""},"categories":[3,11],"tags":[],"class_list":["post-11736","post","type-post","status-publish","format-standard","has-post-thumbnail","hentry","category-noticias","category-noticias-destaque-img"],"jetpack_featured_media_url":"https:\/\/centros.uepb.edu.br\/ccbsa\/files\/2025\/04\/WhatsApp-Image-2025-04-28-at-10.00.11.jpeg","_links":{"self":[{"href":"https:\/\/centros.uepb.edu.br\/ccbsa\/wp-json\/wp\/v2\/posts\/11736","targetHints":{"allow":["GET"]}}],"collection":[{"href":"https:\/\/centros.uepb.edu.br\/ccbsa\/wp-json\/wp\/v2\/posts"}],"about":[{"href":"https:\/\/centros.uepb.edu.br\/ccbsa\/wp-json\/wp\/v2\/types\/post"}],"author":[{"embeddable":true,"href":"https:\/\/centros.uepb.edu.br\/ccbsa\/wp-json\/wp\/v2\/users\/8"}],"replies":[{"embeddable":true,"href":"https:\/\/centros.uepb.edu.br\/ccbsa\/wp-json\/wp\/v2\/comments?post=11736"}],"version-history":[{"count":0,"href":"https:\/\/centros.uepb.edu.br\/ccbsa\/wp-json\/wp\/v2\/posts\/11736\/revisions"}],"wp:featuredmedia":[{"embeddable":true,"href":"https:\/\/centros.uepb.edu.br\/ccbsa\/wp-json\/wp\/v2\/media\/11737"}],"wp:attachment":[{"href":"https:\/\/centros.uepb.edu.br\/ccbsa\/wp-json\/wp\/v2\/media?parent=11736"}],"wp:term":[{"taxonomy":"category","embeddable":true,"href":"https:\/\/centros.uepb.edu.br\/ccbsa\/wp-json\/wp\/v2\/categories?post=11736"},{"taxonomy":"post_tag","embeddable":true,"href":"https:\/\/centros.uepb.edu.br\/ccbsa\/wp-json\/wp\/v2\/tags?post=11736"}],"curies":[{"name":"wp","href":"https:\/\/api.w.org\/{rel}","templated":true}]}}