{"id":11718,"date":"2025-04-25T17:26:56","date_gmt":"2025-04-25T17:26:56","guid":{"rendered":"https:\/\/centros.uepb.edu.br\/ccbsa\/?p=11718"},"modified":"2025-04-25T17:26:56","modified_gmt":"2025-04-25T17:26:56","slug":"curso-de-direito-do-campus-v-inicia-projeto-com-a-participacao-do-presidente-da-oab-paraiba-harrison-targino-2","status":"publish","type":"post","link":"https:\/\/centros.uepb.edu.br\/ccbsa\/curso-de-direito-do-campus-v-inicia-projeto-com-a-participacao-do-presidente-da-oab-paraiba-harrison-targino-2\/","title":{"rendered":"Curso de Direito do C\u00e2mpus V inicia projeto com a participa\u00e7\u00e3o do presidente da OAB Para\u00edba Harrison Targino"},"content":{"rendered":"\n<p>O bacharelado em Direito do C\u00e2mpus V da Universidade Estadual da Para\u00edba (UEPB) realizou, nesta sexta-feira (25) no Audit\u00f3rio Pioneiros, a abertura do Projeto \u201cAs profiss\u00f5es no Direito\u201d, que nesta primeira edi\u00e7\u00e3o conta com a participa\u00e7\u00e3o do Presidente da Ordem dos Advogados do Brasil, seccional Para\u00edba (OAB-PB) Harrison Targino. A atividade contou com a participa\u00e7\u00e3o de discentes da primeira turma de Direito do Centro de Ci\u00eancias Biol\u00f3gicas e Sociais Aplicadas da UEPB.<\/p>\n<p>Egresso do curso de Direito do C\u00e2mpus I da UEPB, Harrison Targino possui mestrado em Direito pela Pontif\u00edcia Universidade Cat\u00f3lica de S\u00e3o Paulo \u2013 PUC\/SP. Atualmente \u00e9 advogado e professor titular da UEPB e do UNIP\u00ca. Foi Secret\u00e1rio de Educa\u00e7\u00e3o do Estado, Procurador Geral do Estado, Secret\u00e1rio Estadual de Justi\u00e7a e Administra\u00e7\u00e3o Penitenci\u00e1ria, Secret\u00e1rio Estadual de Seguran\u00e7a e Defesa Social, Juiz do Tribunal Regional Eleitoral da Para\u00edba (TRE-PB); Conselheiro Federal da OAB, Vice-presidente da OAB-PB, Diretor da Faculdade de Direito da UEPB; Diretor da Escola Judici\u00e1ria Eleitoral do TRE-PB, Coordenador Geral da Escola da Magistratura do TJ-PB, dentre outras atividades.<\/p>\n<p>Na ocasi\u00e3o, o docente dialogou sobre a import\u00e2ncia desse Projeto iniciado pelo curso de Direito do C\u00e2mpus V e apontou para algumas perspectivas de atua\u00e7\u00e3o profissional na \u00e1rea. &#8220;A UEPB come\u00e7a esse curso muito bem com essa iniciativa que favorece o di\u00e1logo entre estudantes e profissionais. Atrav\u00e9s desse di\u00e1logo do mundo profissional com a academia \u00e9 que a gente forma profissionais habilitados para compet\u00eancias necess\u00e1rias aos disruptivos tempos que enfrentamos. E o Direito se consolida diante da sua particular miss\u00e3o de organiza\u00e7\u00e3o social e condi\u00e7\u00e3o de condutas socialmente agregadoras. No fundo, o direito termina sendo uma pauta normativa que regula o viver em sociedade para que possamos viver respeitando todos e de acordo com os interesses sociais comuns. Al\u00e9m disso, no campo profissional in\u00fameras perspectivas se abrem ap\u00f3s essa forma\u00e7\u00e3o, permitindo aos formados atuar em diferentes \u00e1reas, em tantos espa\u00e7os que o conhecimento jur\u00eddico termina favorecendo&#8221;, avalia professor Harrison.<\/p>\n<p>O Projeto \u201cAs profiss\u00f5es no Direito\u201d \u00e9 uma iniciativa da Coordena\u00e7\u00e3o do Curso de Direito, com o apoio do Centro Acad\u00eamico Jos\u00e9 de Farias Tavares, com o objetivo de indicar e orientar os alunos quanto \u00e0s op\u00e7\u00f5es profissionais que o curso Direito oferece. \u201cA partir dessa atividade inicial, no dia 25 de abril, e nos meses seguintes, profissionais das mais variadas \u00e1reas do Direito, a exemplo de advogados, ju\u00edzes, promotores, procuradores, delegados, agentes das pol\u00edcias civil e federal, militares, servidores da justi\u00e7a, professores e outras profiss\u00f5es, abordar\u00e3o suas experi\u00eancias e indicar\u00e3o as formas de se atingir essas fun\u00e7\u00f5es\u201d, explica o coordenador do curso, professor Germano Ramalho.<\/p>\n<p>&nbsp;<\/p>\n","protected":false},"excerpt":{"rendered":"<p>O bacharelado em Direito do C\u00e2mpus V da Universidade Estadual da Para\u00edba (UEPB) realizou, nesta sexta-feira (25) no Audit\u00f3rio Pioneiros, a abertura do Projeto \u201cAs profiss\u00f5es no Direito\u201d, que nesta primeira edi\u00e7\u00e3o conta com a participa\u00e7\u00e3o do Presidente da Ordem dos Advogados do Brasil, seccional Para\u00edba (OAB-PB) Harrison Targino. A atividade contou com a participa\u00e7\u00e3o <a class=\"leiamais\" href=\"https:\/\/centros.uepb.edu.br\/ccbsa\/curso-de-direito-do-campus-v-inicia-projeto-com-a-participacao-do-presidente-da-oab-paraiba-harrison-targino-2\/\">Leia Mais&#8230;<\/a><\/p>\n","protected":false},"author":8,"featured_media":11728,"comment_status":"closed","ping_status":"closed","sticky":false,"template":"","format":"standard","meta":{"footnotes":""},"categories":[3,11],"tags":[],"class_list":["post-11718","post","type-post","status-publish","format-standard","has-post-thumbnail","hentry","category-noticias","category-noticias-destaque-img"],"jetpack_featured_media_url":"https:\/\/centros.uepb.edu.br\/ccbsa\/files\/2025\/04\/WhatsApp-Image-2025-04-25-at-10.03.18-2.jpeg","_links":{"self":[{"href":"https:\/\/centros.uepb.edu.br\/ccbsa\/wp-json\/wp\/v2\/posts\/11718","targetHints":{"allow":["GET"]}}],"collection":[{"href":"https:\/\/centros.uepb.edu.br\/ccbsa\/wp-json\/wp\/v2\/posts"}],"about":[{"href":"https:\/\/centros.uepb.edu.br\/ccbsa\/wp-json\/wp\/v2\/types\/post"}],"author":[{"embeddable":true,"href":"https:\/\/centros.uepb.edu.br\/ccbsa\/wp-json\/wp\/v2\/users\/8"}],"replies":[{"embeddable":true,"href":"https:\/\/centros.uepb.edu.br\/ccbsa\/wp-json\/wp\/v2\/comments?post=11718"}],"version-history":[{"count":0,"href":"https:\/\/centros.uepb.edu.br\/ccbsa\/wp-json\/wp\/v2\/posts\/11718\/revisions"}],"wp:featuredmedia":[{"embeddable":true,"href":"https:\/\/centros.uepb.edu.br\/ccbsa\/wp-json\/wp\/v2\/media\/11728"}],"wp:attachment":[{"href":"https:\/\/centros.uepb.edu.br\/ccbsa\/wp-json\/wp\/v2\/media?parent=11718"}],"wp:term":[{"taxonomy":"category","embeddable":true,"href":"https:\/\/centros.uepb.edu.br\/ccbsa\/wp-json\/wp\/v2\/categories?post=11718"},{"taxonomy":"post_tag","embeddable":true,"href":"https:\/\/centros.uepb.edu.br\/ccbsa\/wp-json\/wp\/v2\/tags?post=11718"}],"curies":[{"name":"wp","href":"https:\/\/api.w.org\/{rel}","templated":true}]}}