{"id":11641,"date":"2025-04-03T14:10:09","date_gmt":"2025-04-03T14:10:09","guid":{"rendered":"https:\/\/centros.uepb.edu.br\/ccbsa\/?p=11641"},"modified":"2025-04-28T14:33:51","modified_gmt":"2025-04-28T14:33:51","slug":"11641-2","status":"publish","type":"post","link":"https:\/\/centros.uepb.edu.br\/ccbsa\/11641-2\/","title":{"rendered":"UEPB promove primeira edi\u00e7\u00e3o do EXPOBRAILLE com diversas atividades alusivas \u00e0 data"},"content":{"rendered":"<p>&nbsp;<\/p>\n<p>&nbsp;<\/p>\n<p>Em alus\u00e3o ao Dia Nacional do Braille, comemorado em 8 de abril, o N\u00facleo de Acessibilidade e Inclus\u00e3o (NAI) da Universidade Estadual da Para\u00edba (UEPB), em parceria com a CIAAB\/UEPB e demais institui\u00e7\u00f5es parceiras, promovem, neste mesmo dia, a 1\u00aa Expo Braille. A exposi\u00e7\u00e3o acontecer\u00e1 no Instituto Federal de Educa\u00e7\u00e3o da Para\u00edba (IFPB), no C\u00e2mpus de Campina Grande.<\/p>\n<p>De 9h \u00e0s 12h, haver\u00e1 exposi\u00e7\u00e3o sobre materiais informacionais e equipamentos em Braille com participa\u00e7\u00e3o de stands da UEPB, Universidade Federal de Campina Grande (UFCG), Universidade Federal da Para\u00edba (UFPB), Biblioteca Juarez da Gama (Funesc\/PB), Instituto dos Cegos da Para\u00edba Adalgisa Cunha e Instituto dos Cegos de Campina Grande (Iceno).<\/p>\n<p>Entre 9h e 10h, haver\u00e1 empr\u00e9stimo de materiais informacionais em Braille e apresenta\u00e7\u00e3o cultural do Grupo Vozes da Inclus\u00e3o (Iceno) e Instituto dos Cegos da Para\u00edba Adalgisa Cunha. Em seguida, das 10 \u00e0s 12h, est\u00e1 prevista a mesa-redonda \u201cO sistema Braille e os novos desafios no cen\u00e1rio atual\u201d. Para inscri\u00e7\u00e3o na mesa-redonda, interessados(as)\u00a0<a href=\"https:\/\/docs.google.com\/forms\/d\/e\/1FAIpQLScsNyd9g075l6EnTx5ht52qwXG0NL_WzKqjxMI25QwgR-WquQ\/viewform\" target=\"_blank\" rel=\"noopener\"><strong>devem acessar este link<\/strong><\/a>.<\/p>\n<p>A EXPOBRAILLE 2025 conta com o apoio da Biblioteca Central &#8211; SIUD &#8211; UFPB, Biblioteca Central da UFCG, Biblioteca Juarez da Gama (FUNESC\/PB), Instituto dos Cegos Adalgisa Cunha da Para\u00edba, Associa\u00e7\u00e3o Brasileira de Educadores de Deficientes Visuais (ABEDEV), Associa\u00e7\u00e3o Profissional de Bibliotec\u00e1rios da Para\u00edba (APBPB), ICENO: Instituto dos Cegos de Campina Grande, FUNAD, GT\/PB da Rede de Leitura Inclusiva da Funda\u00e7\u00e3o Dorina Nowill para Cegos e Jornal A Uni\u00e3o.<\/p>\n<p><strong>Braille<\/strong><br \/>\nO Dia Nacional do Sistema Braille celebra, em 8 de abril, o nascimento de Jos\u00e9 Alvares de Azevedo, primeiro professor cego do Brasil, que trouxe da Fran\u00e7a, ensinou e divulgou o sistema de leitura e escrita usado por milh\u00f5es de pessoas cegas e com defici\u00eancia visual em todo o mundo. A data prop\u00f5e uma reflex\u00e3o sobre os desafios enfrentados pelas pessoas cegas e a import\u00e2ncia de continuar a produzir obras em relevo, para proporcionar-lhes iguais oportunidades de ler e aprender.<\/p>\n<p>O Sistema Braille \u00e9 considerado obra magistral do franc\u00eas Louis Braille e sua vers\u00e3o mais conhecida data de 1837. O Braille \u00e9 um sistema de pontos em relevo, importante para a alfabetiza\u00e7\u00e3o de pessoas cegas e abre as portas para a comunica\u00e7\u00e3o escrita, a educa\u00e7\u00e3o, o trabalho, a vida social e a cultura.<\/p>\n","protected":false},"excerpt":{"rendered":"<p>&nbsp; &nbsp; Em alus\u00e3o ao Dia Nacional do Braille, comemorado em 8 de abril, o N\u00facleo de Acessibilidade e Inclus\u00e3o (NAI) da Universidade Estadual da Para\u00edba (UEPB), em parceria com a CIAAB\/UEPB e demais institui\u00e7\u00f5es parceiras, promovem, neste mesmo dia, a 1\u00aa Expo Braille. A exposi\u00e7\u00e3o acontecer\u00e1 no Instituto Federal de Educa\u00e7\u00e3o da Para\u00edba (IFPB), <a class=\"leiamais\" href=\"https:\/\/centros.uepb.edu.br\/ccbsa\/11641-2\/\">Leia Mais&#8230;<\/a><\/p>\n","protected":false},"author":8,"featured_media":0,"comment_status":"closed","ping_status":"closed","sticky":false,"template":"","format":"standard","meta":{"footnotes":""},"categories":[3,11],"tags":[],"class_list":["post-11641","post","type-post","status-publish","format-standard","hentry","category-noticias","category-noticias-destaque-img"],"jetpack_featured_media_url":"","_links":{"self":[{"href":"https:\/\/centros.uepb.edu.br\/ccbsa\/wp-json\/wp\/v2\/posts\/11641","targetHints":{"allow":["GET"]}}],"collection":[{"href":"https:\/\/centros.uepb.edu.br\/ccbsa\/wp-json\/wp\/v2\/posts"}],"about":[{"href":"https:\/\/centros.uepb.edu.br\/ccbsa\/wp-json\/wp\/v2\/types\/post"}],"author":[{"embeddable":true,"href":"https:\/\/centros.uepb.edu.br\/ccbsa\/wp-json\/wp\/v2\/users\/8"}],"replies":[{"embeddable":true,"href":"https:\/\/centros.uepb.edu.br\/ccbsa\/wp-json\/wp\/v2\/comments?post=11641"}],"version-history":[{"count":0,"href":"https:\/\/centros.uepb.edu.br\/ccbsa\/wp-json\/wp\/v2\/posts\/11641\/revisions"}],"wp:attachment":[{"href":"https:\/\/centros.uepb.edu.br\/ccbsa\/wp-json\/wp\/v2\/media?parent=11641"}],"wp:term":[{"taxonomy":"category","embeddable":true,"href":"https:\/\/centros.uepb.edu.br\/ccbsa\/wp-json\/wp\/v2\/categories?post=11641"},{"taxonomy":"post_tag","embeddable":true,"href":"https:\/\/centros.uepb.edu.br\/ccbsa\/wp-json\/wp\/v2\/tags?post=11641"}],"curies":[{"name":"wp","href":"https:\/\/api.w.org\/{rel}","templated":true}]}}