{"id":11637,"date":"2025-04-03T14:03:33","date_gmt":"2025-04-03T14:03:33","guid":{"rendered":"https:\/\/centros.uepb.edu.br\/ccbsa\/?p=11637"},"modified":"2025-04-03T14:03:33","modified_gmt":"2025-04-03T14:03:33","slug":"uepb-realiza-eventos-em-joao-pessoa-e-campina-grande-com-foco-na-inclusao-de-pessoas-com-deficiencia","status":"publish","type":"post","link":"https:\/\/centros.uepb.edu.br\/ccbsa\/uepb-realiza-eventos-em-joao-pessoa-e-campina-grande-com-foco-na-inclusao-de-pessoas-com-deficiencia\/","title":{"rendered":"UEPB realiza eventos em Jo\u00e3o Pessoa e Campina Grande com foco na inclus\u00e3o de pessoas com defici\u00eancia"},"content":{"rendered":"\n\t\t<style type=\"text\/css\">\n\t\t\t#gallery-1 {\n\t\t\t\tmargin: auto;\n\t\t\t}\n\t\t\t#gallery-1 .gallery-item {\n\t\t\t\tfloat: left;\n\t\t\t\tmargin-top: 10px;\n\t\t\t\ttext-align: center;\n\t\t\t\twidth: 33%;\n\t\t\t}\n\t\t\t#gallery-1 img {\n\t\t\t\tborder: 2px solid #cfcfcf;\n\t\t\t}\n\t\t\t#gallery-1 .gallery-caption {\n\t\t\t\tmargin-left: 0;\n\t\t\t}\n\t\t\t\/* see gallery_shortcode() in wp-includes\/media.php *\/\n\t\t<\/style>\n\t\t<div id='gallery-1' class='gallery galleryid-11637 gallery-columns-3 gallery-size-full'><dl class='gallery-item'>\n\t\t\t<dt class='gallery-icon landscape'>\n\t\t\t\t<a href='https:\/\/centros.uepb.edu.br\/ccbsa\/files\/2025\/04\/WhatsApp-Image-2025-04-03-at-08.43.42.jpeg'><img loading=\"lazy\" decoding=\"async\" width=\"1200\" height=\"680\" src=\"https:\/\/centros.uepb.edu.br\/ccbsa\/files\/2025\/04\/WhatsApp-Image-2025-04-03-at-08.43.42.jpeg\" class=\"attachment-full size-full\" alt=\"\" srcset=\"https:\/\/centros.uepb.edu.br\/ccbsa\/files\/2025\/04\/WhatsApp-Image-2025-04-03-at-08.43.42.jpeg 1200w, https:\/\/centros.uepb.edu.br\/ccbsa\/files\/2025\/04\/WhatsApp-Image-2025-04-03-at-08.43.42-300x170.jpeg 300w, https:\/\/centros.uepb.edu.br\/ccbsa\/files\/2025\/04\/WhatsApp-Image-2025-04-03-at-08.43.42-1120x635.jpeg 1120w\" sizes=\"auto, (max-width: 1200px) 100vw, 1200px\" \/><\/a>\n\t\t\t<\/dt><\/dl><dl class='gallery-item'>\n\t\t\t<dt class='gallery-icon landscape'>\n\t\t\t\t<a href='https:\/\/centros.uepb.edu.br\/ccbsa\/files\/2025\/04\/WhatsApp-Image-2025-04-03-at-08.43.03.jpeg'><img loading=\"lazy\" decoding=\"async\" width=\"1200\" height=\"680\" src=\"https:\/\/centros.uepb.edu.br\/ccbsa\/files\/2025\/04\/WhatsApp-Image-2025-04-03-at-08.43.03.jpeg\" class=\"attachment-full size-full\" alt=\"\" srcset=\"https:\/\/centros.uepb.edu.br\/ccbsa\/files\/2025\/04\/WhatsApp-Image-2025-04-03-at-08.43.03.jpeg 1200w, https:\/\/centros.uepb.edu.br\/ccbsa\/files\/2025\/04\/WhatsApp-Image-2025-04-03-at-08.43.03-300x170.jpeg 300w, https:\/\/centros.uepb.edu.br\/ccbsa\/files\/2025\/04\/WhatsApp-Image-2025-04-03-at-08.43.03-1120x635.jpeg 1120w\" sizes=\"auto, (max-width: 1200px) 100vw, 1200px\" \/><\/a>\n\t\t\t<\/dt><\/dl>\n\t\t\t<br style='clear: both' \/>\n\t\t<\/div>\n\n<p>A Comiss\u00e3o de Inclus\u00e3o e Acessibilidade em Ambientes das Bibliotecas:\u00a0trilhando caminhos para uma sociedade inclusiva (CIAAB) e o Mestrado profissional em Educa\u00e7\u00e3o Inclusiva (PROFEI) da Universidade Estadual da Para\u00edba (UEPB) realizaram, na manh\u00e3 da sexta-feira (28), a palestra &#8220;Caracter\u00edsticas da Forma\u00e7\u00e3o de Professores em Inclus\u00e3o Educacional: Pontes e Encruzilhadas Argentina-Brasil&#8221;.<\/p>\n<p>A atividade foi ministrada pela respons\u00e1vel pelo setor de Acessibilidade da Universidade de Lan\u00fas, mestranda em Investiga\u00e7\u00e3o Cient\u00edfica pela Universidade de Lan\u00fas e participante do Projeto Move la Am\u00e9rica da Capes, Barbara Soledad; pela respons\u00e1vel pelo setor de Acessibilidade da Universidade de Lan\u00fas e mestranda em Investiga\u00e7\u00e3o Cient\u00edfica na Universidade de Lan\u00fas &#8211; Argentina, Dafne Viegas, e pelo coordenador do PROFEI, professor Eduardo Gomes Onofre.<\/p>\n<p>Para a bibliotec\u00e1ria da UEPB, Ana L\u00facia Leite, a palestra contou com um importante debate, proporcionando aos participantes a oportunidade de conhecer e compartilhar experi\u00eancias sobre o processo de inclus\u00e3o de pessoas com defici\u00eancia nos dois pa\u00edses. &#8220;Iniciativas como essa nos motivam profundamente a seguir com essa discuss\u00e3o t\u00e3o relevante e enriquecedora, buscando solu\u00e7\u00f5es concretas para transformar a inclus\u00e3o em realidade&#8221;, avalia.<\/p>\n<p><a href=\"https:\/\/centros.uepb.edu.br\/ccbsa\/files\/2025\/04\/Card-I-Expo-Milena-Borges.jpeg\"><img loading=\"lazy\" decoding=\"async\" class=\"aligncenter size-full wp-image-11640 img-responsive\" src=\"https:\/\/centros.uepb.edu.br\/ccbsa\/files\/2025\/04\/Card-I-Expo-Milena-Borges.jpeg\" alt=\"\" width=\"1080\" height=\"1350\" \/><\/a><\/p>\n<p><strong>EXPOBRAILLE<\/strong><\/p>\n<p>Com a perspectiva de promo\u00e7\u00e3o de eventos com foco na inclus\u00e3o de pessoas com defici\u00eancia, os Projetos de Extens\u00e3o &#8220;Adapta\u00e7\u00e3o e Produ\u00e7\u00e3o de Materiais Informacionais Acess\u00edveis no Centro de Ci\u00eancias Biol\u00f3gicas e Sociais Aplicadas &#8211; Campus V &#8211; UEPB&#8221; e \u201cBraillevery\u201d, por meio da CIAAB promovem, no dia 8 de abril, \u00e0s 9h, no hall e audit\u00f3rio 3 da Central de Aulas Paulo Freire, em Campina Grande, o &#8220;I EXPOBRAILLE 2025: H\u00e1 200 anos promovendo Educa\u00e7\u00e3o e Inclus\u00e3o para pessoas com defici\u00eancia visual&#8221;.<\/p>\n<p>Integra a programa\u00e7\u00e3o desta iniciativa, \u00e0s 9h, a apresenta\u00e7\u00e3o do Grupo Rosas da Inclus\u00e3o (ICENO) e Instituto dos Cegos da Para\u00edba Adalgisa Cunha seguida da mesa Redonda \u201cO sistema Braille e os novos desafios no cen\u00e1rio atual\u201d, que conta com a participa\u00e7\u00e3o do Coordenador do PROFEI-UEPB, professor Eduardo Gomes Onofre; do vice-presidente do ICENO John Queiroz de Lima Oliveira e da estudante de pedagogia da UFCG, Brenda Feitosa. As inscri\u00e7\u00f5es para a mesa de di\u00e1logo devem ser realizadas via formul\u00e1rio eletr\u00f4nico: <a href=\"https:\/\/docs.google.com\/forms\/d\/e\/1FAIpQLScsNyd9g075l6EnTx5ht52qwXG0NL_WzKqjxMI25QwgR-WquQ\/viewform\">https:\/\/docs.google.com\/forms\/d\/e\/1FAIpQLScsNyd9g075l6EnTx5ht52qwXG0NL_WzKqjxMI25QwgR-WquQ\/viewform<\/a>.<\/p>\n<p>O evento, realizado em alus\u00e3o ao dia Nacional do Sistema Braille que \u00e9 celebrado em 8 de abril, tamb\u00e9m conta com exposi\u00e7\u00e3o sobre materiais informacionais em Braille e equipamentos Braille com participa\u00e7\u00e3o de stands da UEPB, UFCG, UFPB, Biblioteca Juarez da Gama (FUNESC\/PB), Instituto dos Cegos da Para\u00edba Adalgisa Cunha e Instituto dos Cegos de Campina Grande (ICENO), atra\u00e7\u00e3o cultural, empr\u00e9stimo de livros Braille.<\/p>\n<p><strong>Texto:<\/strong> Juliana Marques<\/p>\n","protected":false},"excerpt":{"rendered":"<p>A Comiss\u00e3o de Inclus\u00e3o e Acessibilidade em Ambientes das Bibliotecas:\u00a0trilhando caminhos para uma sociedade inclusiva (CIAAB) e o Mestrado profissional em Educa\u00e7\u00e3o Inclusiva (PROFEI) da Universidade Estadual da Para\u00edba (UEPB) realizaram, na manh\u00e3 da sexta-feira (28), a palestra &#8220;Caracter\u00edsticas da Forma\u00e7\u00e3o de Professores em Inclus\u00e3o Educacional: Pontes e Encruzilhadas Argentina-Brasil&#8221;. A atividade foi ministrada pela <a class=\"leiamais\" href=\"https:\/\/centros.uepb.edu.br\/ccbsa\/uepb-realiza-eventos-em-joao-pessoa-e-campina-grande-com-foco-na-inclusao-de-pessoas-com-deficiencia\/\">Leia Mais&#8230;<\/a><\/p>\n","protected":false},"author":8,"featured_media":11639,"comment_status":"closed","ping_status":"closed","sticky":false,"template":"","format":"standard","meta":{"footnotes":""},"categories":[3,11],"tags":[],"class_list":["post-11637","post","type-post","status-publish","format-standard","has-post-thumbnail","hentry","category-noticias","category-noticias-destaque-img"],"jetpack_featured_media_url":"https:\/\/centros.uepb.edu.br\/ccbsa\/files\/2025\/04\/WhatsApp-Image-2025-04-03-at-08.43.03.jpeg","_links":{"self":[{"href":"https:\/\/centros.uepb.edu.br\/ccbsa\/wp-json\/wp\/v2\/posts\/11637","targetHints":{"allow":["GET"]}}],"collection":[{"href":"https:\/\/centros.uepb.edu.br\/ccbsa\/wp-json\/wp\/v2\/posts"}],"about":[{"href":"https:\/\/centros.uepb.edu.br\/ccbsa\/wp-json\/wp\/v2\/types\/post"}],"author":[{"embeddable":true,"href":"https:\/\/centros.uepb.edu.br\/ccbsa\/wp-json\/wp\/v2\/users\/8"}],"replies":[{"embeddable":true,"href":"https:\/\/centros.uepb.edu.br\/ccbsa\/wp-json\/wp\/v2\/comments?post=11637"}],"version-history":[{"count":0,"href":"https:\/\/centros.uepb.edu.br\/ccbsa\/wp-json\/wp\/v2\/posts\/11637\/revisions"}],"wp:featuredmedia":[{"embeddable":true,"href":"https:\/\/centros.uepb.edu.br\/ccbsa\/wp-json\/wp\/v2\/media\/11639"}],"wp:attachment":[{"href":"https:\/\/centros.uepb.edu.br\/ccbsa\/wp-json\/wp\/v2\/media?parent=11637"}],"wp:term":[{"taxonomy":"category","embeddable":true,"href":"https:\/\/centros.uepb.edu.br\/ccbsa\/wp-json\/wp\/v2\/categories?post=11637"},{"taxonomy":"post_tag","embeddable":true,"href":"https:\/\/centros.uepb.edu.br\/ccbsa\/wp-json\/wp\/v2\/tags?post=11637"}],"curies":[{"name":"wp","href":"https:\/\/api.w.org\/{rel}","templated":true}]}}