{"id":11623,"date":"2025-03-27T12:14:38","date_gmt":"2025-03-27T12:14:38","guid":{"rendered":"https:\/\/centros.uepb.edu.br\/ccbsa\/?p=11623"},"modified":"2025-03-27T12:14:38","modified_gmt":"2025-03-27T12:14:38","slug":"evento-no-campus-v-reforca-a-importancia-de-dispositivos-legais-e-programas-educacionais-para-prevencao-da-violencia-de-genero","status":"publish","type":"post","link":"https:\/\/centros.uepb.edu.br\/ccbsa\/evento-no-campus-v-reforca-a-importancia-de-dispositivos-legais-e-programas-educacionais-para-prevencao-da-violencia-de-genero\/","title":{"rendered":"Evento no C\u00e2mpus V refor\u00e7a a import\u00e2ncia de dispositivos legais e programas educacionais para preven\u00e7\u00e3o da viol\u00eancia de g\u00eanero"},"content":{"rendered":"\n\t\t<style type=\"text\/css\">\n\t\t\t#gallery-1 {\n\t\t\t\tmargin: auto;\n\t\t\t}\n\t\t\t#gallery-1 .gallery-item {\n\t\t\t\tfloat: left;\n\t\t\t\tmargin-top: 10px;\n\t\t\t\ttext-align: center;\n\t\t\t\twidth: 33%;\n\t\t\t}\n\t\t\t#gallery-1 img {\n\t\t\t\tborder: 2px solid #cfcfcf;\n\t\t\t}\n\t\t\t#gallery-1 .gallery-caption {\n\t\t\t\tmargin-left: 0;\n\t\t\t}\n\t\t\t\/* see gallery_shortcode() in wp-includes\/media.php *\/\n\t\t<\/style>\n\t\t<div id='gallery-1' class='gallery galleryid-11623 gallery-columns-3 gallery-size-full'><dl class='gallery-item'>\n\t\t\t<dt class='gallery-icon landscape'>\n\t\t\t\t<a href='https:\/\/centros.uepb.edu.br\/ccbsa\/files\/2025\/03\/WhatsApp-Image-2025-03-26-at-13.41.44-1.jpeg'><img loading=\"lazy\" decoding=\"async\" width=\"1200\" height=\"680\" src=\"https:\/\/centros.uepb.edu.br\/ccbsa\/files\/2025\/03\/WhatsApp-Image-2025-03-26-at-13.41.44-1.jpeg\" class=\"attachment-full size-full\" alt=\"\" srcset=\"https:\/\/centros.uepb.edu.br\/ccbsa\/files\/2025\/03\/WhatsApp-Image-2025-03-26-at-13.41.44-1.jpeg 1200w, https:\/\/centros.uepb.edu.br\/ccbsa\/files\/2025\/03\/WhatsApp-Image-2025-03-26-at-13.41.44-1-300x170.jpeg 300w, https:\/\/centros.uepb.edu.br\/ccbsa\/files\/2025\/03\/WhatsApp-Image-2025-03-26-at-13.41.44-1-1120x635.jpeg 1120w\" sizes=\"auto, (max-width: 1200px) 100vw, 1200px\" \/><\/a>\n\t\t\t<\/dt><\/dl><dl class='gallery-item'>\n\t\t\t<dt class='gallery-icon landscape'>\n\t\t\t\t<a href='https:\/\/centros.uepb.edu.br\/ccbsa\/files\/2025\/03\/WhatsApp-Image-2025-03-26-at-13.41.43-1.jpeg'><img loading=\"lazy\" decoding=\"async\" width=\"1200\" height=\"680\" src=\"https:\/\/centros.uepb.edu.br\/ccbsa\/files\/2025\/03\/WhatsApp-Image-2025-03-26-at-13.41.43-1.jpeg\" class=\"attachment-full size-full\" alt=\"\" srcset=\"https:\/\/centros.uepb.edu.br\/ccbsa\/files\/2025\/03\/WhatsApp-Image-2025-03-26-at-13.41.43-1.jpeg 1200w, https:\/\/centros.uepb.edu.br\/ccbsa\/files\/2025\/03\/WhatsApp-Image-2025-03-26-at-13.41.43-1-300x170.jpeg 300w, https:\/\/centros.uepb.edu.br\/ccbsa\/files\/2025\/03\/WhatsApp-Image-2025-03-26-at-13.41.43-1-1120x635.jpeg 1120w\" sizes=\"auto, (max-width: 1200px) 100vw, 1200px\" \/><\/a>\n\t\t\t<\/dt><\/dl><dl class='gallery-item'>\n\t\t\t<dt class='gallery-icon landscape'>\n\t\t\t\t<a href='https:\/\/centros.uepb.edu.br\/ccbsa\/files\/2025\/03\/WhatsApp-Image-2025-03-26-at-13.41.45.png'><img loading=\"lazy\" decoding=\"async\" width=\"1200\" height=\"680\" src=\"https:\/\/centros.uepb.edu.br\/ccbsa\/files\/2025\/03\/WhatsApp-Image-2025-03-26-at-13.41.45.png\" class=\"attachment-full size-full\" alt=\"\" srcset=\"https:\/\/centros.uepb.edu.br\/ccbsa\/files\/2025\/03\/WhatsApp-Image-2025-03-26-at-13.41.45.png 1200w, https:\/\/centros.uepb.edu.br\/ccbsa\/files\/2025\/03\/WhatsApp-Image-2025-03-26-at-13.41.45-300x170.png 300w, https:\/\/centros.uepb.edu.br\/ccbsa\/files\/2025\/03\/WhatsApp-Image-2025-03-26-at-13.41.45-1120x635.png 1120w\" sizes=\"auto, (max-width: 1200px) 100vw, 1200px\" \/><\/a>\n\t\t\t<\/dt><\/dl><br style=\"clear: both\" \/><dl class='gallery-item'>\n\t\t\t<dt class='gallery-icon landscape'>\n\t\t\t\t<a href='https:\/\/centros.uepb.edu.br\/ccbsa\/files\/2025\/03\/WhatsApp-Image-2025-03-26-at-13.42.38-1.png'><img loading=\"lazy\" decoding=\"async\" width=\"1200\" height=\"680\" src=\"https:\/\/centros.uepb.edu.br\/ccbsa\/files\/2025\/03\/WhatsApp-Image-2025-03-26-at-13.42.38-1.png\" class=\"attachment-full size-full\" alt=\"\" srcset=\"https:\/\/centros.uepb.edu.br\/ccbsa\/files\/2025\/03\/WhatsApp-Image-2025-03-26-at-13.42.38-1.png 1200w, https:\/\/centros.uepb.edu.br\/ccbsa\/files\/2025\/03\/WhatsApp-Image-2025-03-26-at-13.42.38-1-300x170.png 300w, https:\/\/centros.uepb.edu.br\/ccbsa\/files\/2025\/03\/WhatsApp-Image-2025-03-26-at-13.42.38-1-1120x635.png 1120w\" sizes=\"auto, (max-width: 1200px) 100vw, 1200px\" \/><\/a>\n\t\t\t<\/dt><\/dl>\n\t\t\t<br style='clear: both' \/>\n\t\t<\/div>\n\n<p>O componente curricular \u201cDireitos Humanos\u201d do bacharelado em Rela\u00e7\u00f5es Internacionais da Universidade Estadual das Para\u00edba (UEPB), realizou na manh\u00e3 desta quarta-feira (26), no audit\u00f3rio Pioneiros, uma mesa de di\u00e1logo e a palestra com o tema \u201cA igualdade de g\u00eanero e o reflexo das decis\u00f5es de \u00f3rg\u00e3os pol\u00edticos internacionais\u201d. O evento, realizado em alus\u00e3o ao dia internacional das mulheres, contou com a abertura da Banda da Pol\u00edcia Militar.<\/p>\n<p>Na oportunidade, a coordenadora estadual do programa de combate \u00e0 viol\u00eancia contra a mulher, \u201cAntes que aconte\u00e7a\u201d, Camila Mariz Ribeiro fez uma apresenta\u00e7\u00e3o do referido dispositivo que, segundo ela, funciona refor\u00e7ando a rede de apoio j\u00e1 existente no combate \u00e0 viol\u00eancia dom\u00e9stica contra a mulher. \u201cQuando a academia e as institui\u00e7\u00f5es p\u00fablicas se unem com esse compromisso que estabelecemos por meio deste Programa o fruto \u00e9 muito positivo. Acreditamos que o que h\u00e1 de fundamental \u00e9 a educa\u00e7\u00e3o, ent\u00e3o a gente acredita nessa parceria, na import\u00e2ncia dessa constru\u00e7\u00e3o. O 8 de mar\u00e7o passou, mas, as mobiliza\u00e7\u00f5es acabaram sendo no m\u00eas de mar\u00e7o inteiro, com uma celebra\u00e7\u00e3o do direito da mulher de estar em todos os espa\u00e7os, conforme a escolha dela. Estamos, enquanto Programa, atuando em todas as linhas do ciclo de viol\u00eancia para que n\u00e3o se chegue ao grau mais alto que \u00e9 o feminic\u00eddio\u201d, declara Camila.<\/p>\n<p>A mestranda em Direito do Programa de P\u00f3s-gradua\u00e7\u00e3o em Direito da Universidade de Bras\u00edlia e servidora do Tribunal de Justi\u00e7a do Estado da Para\u00edba que foi a palestrante do evento, Ana Cristina Barbosa Guedes, apresentou os reflexos normativos de \u00f3rg\u00e3os pol\u00edticos internacionais na quest\u00e3o da igualdade de g\u00eanero no Brasil.<\/p>\n<p>\u201cTivemos duas decis\u00f5es importantes, condena\u00e7\u00f5es de cortes internacionais sobre viola\u00e7\u00f5es a direitos humanos no Brasil relacionadas a direitos das mulheres que s\u00e3o direitos tutelados que fazem parte de um dos objetivos de desenvolvimento sustent\u00e1vel da ONU, tamanha a import\u00e2ncia da quest\u00e3o da viol\u00eancia de g\u00eanero que foi tutelado esses dois casos foram julgados pela Comiss\u00e3o Interamericana de Direitos Humanos. E tivemos a ado\u00e7\u00e3o da Maria da Penha e do Protocolo de Julgamentos de Quest\u00f5es de G\u00eanero que refletiu positivamente na sociedade, na tutela do Direito das Mulheres na Preven\u00e7\u00e3o e erradica\u00e7\u00e3o da viol\u00eancia de g\u00eanero\u201d, explica Ana Cristina.<\/p>\n<p>Na ocasi\u00e3o, a bibliotec\u00e1ria Ana L\u00facia Leite apresentou um relato sobre como as dificuldades de ser mulher com defici\u00eancia no Brasil. As docentes Andrea Xavier e S\u00f4nia Maria Assis e a discente Marina Ribeiro, que tamb\u00e9m compuseram a mesa de debate tamb\u00e9m dialogaram com a tem\u00e1tica do evento, refor\u00e7ando o papel de cada uma na luta contra as diversas formas de viol\u00eancia. E o professor Cleber Salimon refor\u00e7ou a necessidade dos homens se engajarem dessa causa e desconstru\u00edrem comportamentos nocivos \u00e0 sociedade.<\/p>\n<p>Ao avaliar o Evento, a organizadora e professora do curso de Rela\u00e7\u00f5es Internacionais Adriana Torres, destaca que essa iniciativa em alus\u00e3o ao 8 de mar\u00e7o cumpriu a miss\u00e3o de informar e promover a educa\u00e7\u00e3o acerca da tem\u00e1tica de g\u00eanero e seus desdobramentos. \u201cA apresenta\u00e7\u00e3o do projeto \u2018Antes que aconte\u00e7a\u2019, a palestra e as falas das componentes das mesas tem\u00e1ticas oportunizaram a troca de experi\u00eancias articulando teoria e pr\u00e1tica para a plateia para fomentar transforma\u00e7\u00f5es\u201d, enfatiza.<\/p>\n<p><strong>Texto e fotos:<\/strong> Juliana Marques.<\/p>\n","protected":false},"excerpt":{"rendered":"<p>O componente curricular \u201cDireitos Humanos\u201d do bacharelado em Rela\u00e7\u00f5es Internacionais da Universidade Estadual das Para\u00edba (UEPB), realizou na manh\u00e3 desta quarta-feira (26), no audit\u00f3rio Pioneiros, uma mesa de di\u00e1logo e a palestra com o tema \u201cA igualdade de g\u00eanero e o reflexo das decis\u00f5es de \u00f3rg\u00e3os pol\u00edticos internacionais\u201d. O evento, realizado em alus\u00e3o ao dia <a class=\"leiamais\" href=\"https:\/\/centros.uepb.edu.br\/ccbsa\/evento-no-campus-v-reforca-a-importancia-de-dispositivos-legais-e-programas-educacionais-para-prevencao-da-violencia-de-genero\/\">Leia Mais&#8230;<\/a><\/p>\n","protected":false},"author":8,"featured_media":11624,"comment_status":"closed","ping_status":"closed","sticky":false,"template":"","format":"standard","meta":{"footnotes":""},"categories":[3,11],"tags":[],"class_list":["post-11623","post","type-post","status-publish","format-standard","has-post-thumbnail","hentry","category-noticias","category-noticias-destaque-img"],"jetpack_featured_media_url":"https:\/\/centros.uepb.edu.br\/ccbsa\/files\/2025\/03\/WhatsApp-Image-2025-03-26-at-13.41.44-1.jpeg","_links":{"self":[{"href":"https:\/\/centros.uepb.edu.br\/ccbsa\/wp-json\/wp\/v2\/posts\/11623","targetHints":{"allow":["GET"]}}],"collection":[{"href":"https:\/\/centros.uepb.edu.br\/ccbsa\/wp-json\/wp\/v2\/posts"}],"about":[{"href":"https:\/\/centros.uepb.edu.br\/ccbsa\/wp-json\/wp\/v2\/types\/post"}],"author":[{"embeddable":true,"href":"https:\/\/centros.uepb.edu.br\/ccbsa\/wp-json\/wp\/v2\/users\/8"}],"replies":[{"embeddable":true,"href":"https:\/\/centros.uepb.edu.br\/ccbsa\/wp-json\/wp\/v2\/comments?post=11623"}],"version-history":[{"count":0,"href":"https:\/\/centros.uepb.edu.br\/ccbsa\/wp-json\/wp\/v2\/posts\/11623\/revisions"}],"wp:featuredmedia":[{"embeddable":true,"href":"https:\/\/centros.uepb.edu.br\/ccbsa\/wp-json\/wp\/v2\/media\/11624"}],"wp:attachment":[{"href":"https:\/\/centros.uepb.edu.br\/ccbsa\/wp-json\/wp\/v2\/media?parent=11623"}],"wp:term":[{"taxonomy":"category","embeddable":true,"href":"https:\/\/centros.uepb.edu.br\/ccbsa\/wp-json\/wp\/v2\/categories?post=11623"},{"taxonomy":"post_tag","embeddable":true,"href":"https:\/\/centros.uepb.edu.br\/ccbsa\/wp-json\/wp\/v2\/tags?post=11623"}],"curies":[{"name":"wp","href":"https:\/\/api.w.org\/{rel}","templated":true}]}}