{"id":11602,"date":"2025-03-26T11:03:14","date_gmt":"2025-03-26T11:03:14","guid":{"rendered":"https:\/\/centros.uepb.edu.br\/ccbsa\/?p=11602"},"modified":"2025-03-27T12:11:27","modified_gmt":"2025-03-27T12:11:27","slug":"discentes-e-docentes-do-curso-de-ciencias-biologicas-realizam-1o-evento-de-ornitologia-no-campus-v","status":"publish","type":"post","link":"https:\/\/centros.uepb.edu.br\/ccbsa\/discentes-e-docentes-do-curso-de-ciencias-biologicas-realizam-1o-evento-de-ornitologia-no-campus-v\/","title":{"rendered":"Discentes e docentes do curso de Ci\u00eancias Biol\u00f3gicas realizam 1\u00ba Evento de Ornitologia\u00a0no C\u00e2mpus V"},"content":{"rendered":"\n\t\t<style type=\"text\/css\">\n\t\t\t#gallery-1 {\n\t\t\t\tmargin: auto;\n\t\t\t}\n\t\t\t#gallery-1 .gallery-item {\n\t\t\t\tfloat: left;\n\t\t\t\tmargin-top: 10px;\n\t\t\t\ttext-align: center;\n\t\t\t\twidth: 33%;\n\t\t\t}\n\t\t\t#gallery-1 img {\n\t\t\t\tborder: 2px solid #cfcfcf;\n\t\t\t}\n\t\t\t#gallery-1 .gallery-caption {\n\t\t\t\tmargin-left: 0;\n\t\t\t}\n\t\t\t\/* see gallery_shortcode() in wp-includes\/media.php *\/\n\t\t<\/style>\n\t\t<div id='gallery-1' class='gallery galleryid-11602 gallery-columns-3 gallery-size-full'><dl class='gallery-item'>\n\t\t\t<dt class='gallery-icon landscape'>\n\t\t\t\t<a href='https:\/\/centros.uepb.edu.br\/ccbsa\/files\/2025\/03\/WhatsApp-Image-2025-03-26-at-07.45.50.png'><img loading=\"lazy\" decoding=\"async\" width=\"1200\" height=\"680\" src=\"https:\/\/centros.uepb.edu.br\/ccbsa\/files\/2025\/03\/WhatsApp-Image-2025-03-26-at-07.45.50.png\" class=\"attachment-full size-full\" alt=\"\" srcset=\"https:\/\/centros.uepb.edu.br\/ccbsa\/files\/2025\/03\/WhatsApp-Image-2025-03-26-at-07.45.50.png 1200w, https:\/\/centros.uepb.edu.br\/ccbsa\/files\/2025\/03\/WhatsApp-Image-2025-03-26-at-07.45.50-300x170.png 300w, https:\/\/centros.uepb.edu.br\/ccbsa\/files\/2025\/03\/WhatsApp-Image-2025-03-26-at-07.45.50-1120x635.png 1120w\" sizes=\"auto, (max-width: 1200px) 100vw, 1200px\" \/><\/a>\n\t\t\t<\/dt><\/dl><dl class='gallery-item'>\n\t\t\t<dt class='gallery-icon landscape'>\n\t\t\t\t<a href='https:\/\/centros.uepb.edu.br\/ccbsa\/files\/2025\/03\/WhatsApp-Image-2025-03-26-at-07.45.55.jpeg'><img loading=\"lazy\" decoding=\"async\" width=\"1200\" height=\"680\" src=\"https:\/\/centros.uepb.edu.br\/ccbsa\/files\/2025\/03\/WhatsApp-Image-2025-03-26-at-07.45.55.jpeg\" class=\"attachment-full size-full\" alt=\"\" srcset=\"https:\/\/centros.uepb.edu.br\/ccbsa\/files\/2025\/03\/WhatsApp-Image-2025-03-26-at-07.45.55.jpeg 1200w, https:\/\/centros.uepb.edu.br\/ccbsa\/files\/2025\/03\/WhatsApp-Image-2025-03-26-at-07.45.55-300x170.jpeg 300w, https:\/\/centros.uepb.edu.br\/ccbsa\/files\/2025\/03\/WhatsApp-Image-2025-03-26-at-07.45.55-1120x635.jpeg 1120w\" sizes=\"auto, (max-width: 1200px) 100vw, 1200px\" \/><\/a>\n\t\t\t<\/dt><\/dl>\n\t\t\t<br style='clear: both' \/>\n\t\t<\/div>\n\n<p>Com a participa\u00e7\u00e3o de discentes, docentes e pesquisadores de Ci\u00eancias Biol\u00f3gicas e \u00e1reas afins, foi realizado entre os dias 18 e 21 de mar\u00e7o, no C\u00e2mpus V da Universidade Estadual da Para\u00edba (UEPB), localizado em Jo\u00e3o Pessoa o \u201c1\u00ba Evento de Ornitologia: do Ninho ao Ce\u0301u\u201d.<\/p>\n<p>O evento contou com\u00a0palestras e mesas de di\u00e1logo que dialogaram sobre o turismo de observa\u00e7\u00e3o de aves, o Plano nacional de conserva\u00e7\u00e3o de aves da Mata Atl\u00e2ntica, aves e paisagens sustent\u00e1veis na Caatinga, dentre outros temas. J\u00e1 os minicursos contemplaram tem\u00e1ticas como as t\u00e9cnicas para observa\u00e7\u00e3o e identifica\u00e7\u00e3o de aves em seus habitats, m\u00e9todos de pesquisa em ornitologia e experi\u00eancias imersivas que aprofundam o conhecimento sobre a avifauna.<\/p>\n<p>Uma das pesquisadoras ministrante de uma palestra no evento, a educadora ambiental com experi\u00eancia em projetos de sustentabilidade e metodologias cientificas que integra a Rede de Mulheres na Ornitologia e na Observa\u00e7\u00e3o de Aves \u2013 (OrnitoMulheres), Marilia Fanucchi, refor\u00e7ou a import\u00e2ncia desse Evento idealizado e realizado por estudantes uma vez que, segundo ela &#8220;o nosso futuro tem que ser com os jovens que precisam ter uma vis\u00e3o mais ampla da import\u00e2ncia da diversidade animal e de pensamento&#8221;. A pesquisadora acrescenta, ainda, que a diversidade de g\u00eanero na universidade sobre todos os temas, incluindo a ornitologia \u00e9 necess\u00e1ria e a OrnitoMulheres atua com esse objetivo.<\/p>\n<p>&#8220;O resgate do espa\u00e7o da mulher na sociedade \u00e9 fundamental, e o melhor \u00e9 na universidade empoderar mulher para que ela se valorize. Os homens n\u00e3o precisam validar o que as mulheres fazem, a gente precisa desconstruir isso, substituir uma ideia com conhecimento, empoderamento das mulheres na ci\u00eancia, na observa\u00e7\u00e3o de aves e em qualquer espa\u00e7o que a gente ocupe&#8221;, explica Mar\u00edlia.<\/p>\n<p>Tamb\u00e9m participaram do Evento o especialista em Ecologia, com foco na Amazo\u0302nia, ciclagem de carbono e ecossistemas do semia\u0301rido brasileiro, professor Cleber Ibraim Salimon (UEPB); a bio\u0301loga com doutorado em Ecologia, dedicada ao estudo do comportamento de beija-flores e divulga\u00e7\u00e3o cient\u00edfica em ornitologia, Natha\u0301lia Diniz Bastos e Silveira (Ornitomulheres); e o pesquisador em Biogeografia, Zoologia e Ecologia, atuante na conserva\u00e7\u00e3o de esp\u00e9cies amea\u00e7adas, professor Helder Farias Pereira de Arau\u0301jo (UFPB).<\/p>\n<p>&nbsp;<\/p>\n","protected":false},"excerpt":{"rendered":"<p>Com a participa\u00e7\u00e3o de discentes, docentes e pesquisadores de Ci\u00eancias Biol\u00f3gicas e \u00e1reas afins, foi realizado entre os dias 18 e 21 de mar\u00e7o, no C\u00e2mpus V da Universidade Estadual da Para\u00edba (UEPB), localizado em Jo\u00e3o Pessoa o \u201c1\u00ba Evento de Ornitologia: do Ninho ao Ce\u0301u\u201d. O evento contou com\u00a0palestras e mesas de di\u00e1logo que <a class=\"leiamais\" href=\"https:\/\/centros.uepb.edu.br\/ccbsa\/discentes-e-docentes-do-curso-de-ciencias-biologicas-realizam-1o-evento-de-ornitologia-no-campus-v\/\">Leia Mais&#8230;<\/a><\/p>\n","protected":false},"author":8,"featured_media":11620,"comment_status":"closed","ping_status":"closed","sticky":false,"template":"","format":"standard","meta":{"footnotes":""},"categories":[3,11],"tags":[],"class_list":["post-11602","post","type-post","status-publish","format-standard","has-post-thumbnail","hentry","category-noticias","category-noticias-destaque-img"],"jetpack_featured_media_url":"https:\/\/centros.uepb.edu.br\/ccbsa\/files\/2025\/03\/WhatsApp-Image-2025-03-26-at-07.45.50.png","_links":{"self":[{"href":"https:\/\/centros.uepb.edu.br\/ccbsa\/wp-json\/wp\/v2\/posts\/11602","targetHints":{"allow":["GET"]}}],"collection":[{"href":"https:\/\/centros.uepb.edu.br\/ccbsa\/wp-json\/wp\/v2\/posts"}],"about":[{"href":"https:\/\/centros.uepb.edu.br\/ccbsa\/wp-json\/wp\/v2\/types\/post"}],"author":[{"embeddable":true,"href":"https:\/\/centros.uepb.edu.br\/ccbsa\/wp-json\/wp\/v2\/users\/8"}],"replies":[{"embeddable":true,"href":"https:\/\/centros.uepb.edu.br\/ccbsa\/wp-json\/wp\/v2\/comments?post=11602"}],"version-history":[{"count":0,"href":"https:\/\/centros.uepb.edu.br\/ccbsa\/wp-json\/wp\/v2\/posts\/11602\/revisions"}],"wp:featuredmedia":[{"embeddable":true,"href":"https:\/\/centros.uepb.edu.br\/ccbsa\/wp-json\/wp\/v2\/media\/11620"}],"wp:attachment":[{"href":"https:\/\/centros.uepb.edu.br\/ccbsa\/wp-json\/wp\/v2\/media?parent=11602"}],"wp:term":[{"taxonomy":"category","embeddable":true,"href":"https:\/\/centros.uepb.edu.br\/ccbsa\/wp-json\/wp\/v2\/categories?post=11602"},{"taxonomy":"post_tag","embeddable":true,"href":"https:\/\/centros.uepb.edu.br\/ccbsa\/wp-json\/wp\/v2\/tags?post=11602"}],"curies":[{"name":"wp","href":"https:\/\/api.w.org\/{rel}","templated":true}]}}