{"id":11583,"date":"2025-03-17T19:35:09","date_gmt":"2025-03-17T19:35:09","guid":{"rendered":"https:\/\/centros.uepb.edu.br\/ccbsa\/?p=11583"},"modified":"2025-03-17T19:35:09","modified_gmt":"2025-03-17T19:35:09","slug":"curso-de-direito-do-campus-v-da-uepb-em-joao-pessoa-realiza-solenidade-de-instalacao-e-aula-magna","status":"publish","type":"post","link":"https:\/\/centros.uepb.edu.br\/ccbsa\/curso-de-direito-do-campus-v-da-uepb-em-joao-pessoa-realiza-solenidade-de-instalacao-e-aula-magna\/","title":{"rendered":"Curso de Direito do C\u00e2mpus V da UEPB em Jo\u00e3o Pessoa realiza solenidade de instala\u00e7\u00e3o e aula magna"},"content":{"rendered":"\n\t\t<style type=\"text\/css\">\n\t\t\t#gallery-1 {\n\t\t\t\tmargin: auto;\n\t\t\t}\n\t\t\t#gallery-1 .gallery-item {\n\t\t\t\tfloat: left;\n\t\t\t\tmargin-top: 10px;\n\t\t\t\ttext-align: center;\n\t\t\t\twidth: 33%;\n\t\t\t}\n\t\t\t#gallery-1 img {\n\t\t\t\tborder: 2px solid #cfcfcf;\n\t\t\t}\n\t\t\t#gallery-1 .gallery-caption {\n\t\t\t\tmargin-left: 0;\n\t\t\t}\n\t\t\t\/* see gallery_shortcode() in wp-includes\/media.php *\/\n\t\t<\/style>\n\t\t<div id='gallery-1' class='gallery galleryid-11583 gallery-columns-3 gallery-size-full'><dl class='gallery-item'>\n\t\t\t<dt class='gallery-icon landscape'>\n\t\t\t\t<a href='https:\/\/centros.uepb.edu.br\/ccbsa\/files\/2025\/03\/485028718_24640834088851486_7072558713866774621_n.jpg'><img loading=\"lazy\" decoding=\"async\" width=\"1200\" height=\"680\" src=\"https:\/\/centros.uepb.edu.br\/ccbsa\/files\/2025\/03\/485028718_24640834088851486_7072558713866774621_n.jpg\" class=\"attachment-full size-full\" alt=\"\" srcset=\"https:\/\/centros.uepb.edu.br\/ccbsa\/files\/2025\/03\/485028718_24640834088851486_7072558713866774621_n.jpg 1200w, https:\/\/centros.uepb.edu.br\/ccbsa\/files\/2025\/03\/485028718_24640834088851486_7072558713866774621_n-300x170.jpg 300w, https:\/\/centros.uepb.edu.br\/ccbsa\/files\/2025\/03\/485028718_24640834088851486_7072558713866774621_n-1120x635.jpg 1120w\" sizes=\"auto, (max-width: 1200px) 100vw, 1200px\" \/><\/a>\n\t\t\t<\/dt><\/dl><dl class='gallery-item'>\n\t\t\t<dt class='gallery-icon landscape'>\n\t\t\t\t<a href='https:\/\/centros.uepb.edu.br\/ccbsa\/files\/2025\/03\/484530983_24640834248851470_6283376598800947230_n.jpg'><img loading=\"lazy\" decoding=\"async\" width=\"1200\" height=\"680\" src=\"https:\/\/centros.uepb.edu.br\/ccbsa\/files\/2025\/03\/484530983_24640834248851470_6283376598800947230_n.jpg\" class=\"attachment-full size-full\" alt=\"\" srcset=\"https:\/\/centros.uepb.edu.br\/ccbsa\/files\/2025\/03\/484530983_24640834248851470_6283376598800947230_n.jpg 1200w, https:\/\/centros.uepb.edu.br\/ccbsa\/files\/2025\/03\/484530983_24640834248851470_6283376598800947230_n-300x170.jpg 300w, https:\/\/centros.uepb.edu.br\/ccbsa\/files\/2025\/03\/484530983_24640834248851470_6283376598800947230_n-1120x635.jpg 1120w\" sizes=\"auto, (max-width: 1200px) 100vw, 1200px\" \/><\/a>\n\t\t\t<\/dt><\/dl><dl class='gallery-item'>\n\t\t\t<dt class='gallery-icon landscape'>\n\t\t\t\t<a href='https:\/\/centros.uepb.edu.br\/ccbsa\/files\/2025\/03\/484896430_24640837402184488_7032582716344187165_n.jpg'><img loading=\"lazy\" decoding=\"async\" width=\"1200\" height=\"680\" src=\"https:\/\/centros.uepb.edu.br\/ccbsa\/files\/2025\/03\/484896430_24640837402184488_7032582716344187165_n.jpg\" class=\"attachment-full size-full\" alt=\"\" srcset=\"https:\/\/centros.uepb.edu.br\/ccbsa\/files\/2025\/03\/484896430_24640837402184488_7032582716344187165_n.jpg 1200w, https:\/\/centros.uepb.edu.br\/ccbsa\/files\/2025\/03\/484896430_24640837402184488_7032582716344187165_n-300x170.jpg 300w, https:\/\/centros.uepb.edu.br\/ccbsa\/files\/2025\/03\/484896430_24640837402184488_7032582716344187165_n-1120x635.jpg 1120w\" sizes=\"auto, (max-width: 1200px) 100vw, 1200px\" \/><\/a>\n\t\t\t<\/dt><\/dl><br style=\"clear: both\" \/><dl class='gallery-item'>\n\t\t\t<dt class='gallery-icon landscape'>\n\t\t\t\t<a href='https:\/\/centros.uepb.edu.br\/ccbsa\/files\/2025\/03\/484882947_24640835975517964_4174640560686730028_n.jpg'><img loading=\"lazy\" decoding=\"async\" width=\"1200\" height=\"680\" src=\"https:\/\/centros.uepb.edu.br\/ccbsa\/files\/2025\/03\/484882947_24640835975517964_4174640560686730028_n.jpg\" class=\"attachment-full size-full\" alt=\"\" srcset=\"https:\/\/centros.uepb.edu.br\/ccbsa\/files\/2025\/03\/484882947_24640835975517964_4174640560686730028_n.jpg 1200w, https:\/\/centros.uepb.edu.br\/ccbsa\/files\/2025\/03\/484882947_24640835975517964_4174640560686730028_n-300x170.jpg 300w, https:\/\/centros.uepb.edu.br\/ccbsa\/files\/2025\/03\/484882947_24640835975517964_4174640560686730028_n-1120x635.jpg 1120w\" sizes=\"auto, (max-width: 1200px) 100vw, 1200px\" \/><\/a>\n\t\t\t<\/dt><\/dl><dl class='gallery-item'>\n\t\t\t<dt class='gallery-icon landscape'>\n\t\t\t\t<a href='https:\/\/centros.uepb.edu.br\/ccbsa\/files\/2025\/03\/484339918_24640839078850987_7520921337150345166_n.jpg'><img loading=\"lazy\" decoding=\"async\" width=\"1200\" height=\"680\" src=\"https:\/\/centros.uepb.edu.br\/ccbsa\/files\/2025\/03\/484339918_24640839078850987_7520921337150345166_n.jpg\" class=\"attachment-full size-full\" alt=\"\" srcset=\"https:\/\/centros.uepb.edu.br\/ccbsa\/files\/2025\/03\/484339918_24640839078850987_7520921337150345166_n.jpg 1200w, https:\/\/centros.uepb.edu.br\/ccbsa\/files\/2025\/03\/484339918_24640839078850987_7520921337150345166_n-300x170.jpg 300w, https:\/\/centros.uepb.edu.br\/ccbsa\/files\/2025\/03\/484339918_24640839078850987_7520921337150345166_n-1120x635.jpg 1120w\" sizes=\"auto, (max-width: 1200px) 100vw, 1200px\" \/><\/a>\n\t\t\t<\/dt><\/dl><dl class='gallery-item'>\n\t\t\t<dt class='gallery-icon landscape'>\n\t\t\t\t<a href='https:\/\/centros.uepb.edu.br\/ccbsa\/files\/2025\/03\/484590727_24640836655517896_6777737026294029774_n.jpg'><img loading=\"lazy\" decoding=\"async\" width=\"1200\" height=\"680\" src=\"https:\/\/centros.uepb.edu.br\/ccbsa\/files\/2025\/03\/484590727_24640836655517896_6777737026294029774_n.jpg\" class=\"attachment-full size-full\" alt=\"\" srcset=\"https:\/\/centros.uepb.edu.br\/ccbsa\/files\/2025\/03\/484590727_24640836655517896_6777737026294029774_n.jpg 1200w, https:\/\/centros.uepb.edu.br\/ccbsa\/files\/2025\/03\/484590727_24640836655517896_6777737026294029774_n-300x170.jpg 300w, https:\/\/centros.uepb.edu.br\/ccbsa\/files\/2025\/03\/484590727_24640836655517896_6777737026294029774_n-1120x635.jpg 1120w\" sizes=\"auto, (max-width: 1200px) 100vw, 1200px\" \/><\/a>\n\t\t\t<\/dt><\/dl><br style=\"clear: both\" \/><dl class='gallery-item'>\n\t\t\t<dt class='gallery-icon landscape'>\n\t\t\t\t<a href='https:\/\/centros.uepb.edu.br\/ccbsa\/files\/2025\/03\/WhatsApp-Image-2025-03-17-at-15.25.17.jpeg'><img loading=\"lazy\" decoding=\"async\" width=\"1200\" height=\"680\" src=\"https:\/\/centros.uepb.edu.br\/ccbsa\/files\/2025\/03\/WhatsApp-Image-2025-03-17-at-15.25.17.jpeg\" class=\"attachment-full size-full\" alt=\"\" srcset=\"https:\/\/centros.uepb.edu.br\/ccbsa\/files\/2025\/03\/WhatsApp-Image-2025-03-17-at-15.25.17.jpeg 1200w, https:\/\/centros.uepb.edu.br\/ccbsa\/files\/2025\/03\/WhatsApp-Image-2025-03-17-at-15.25.17-300x170.jpeg 300w, https:\/\/centros.uepb.edu.br\/ccbsa\/files\/2025\/03\/WhatsApp-Image-2025-03-17-at-15.25.17-1120x635.jpeg 1120w\" sizes=\"auto, (max-width: 1200px) 100vw, 1200px\" \/><\/a>\n\t\t\t<\/dt><\/dl><dl class='gallery-item'>\n\t\t\t<dt class='gallery-icon landscape'>\n\t\t\t\t<a href='https:\/\/centros.uepb.edu.br\/ccbsa\/files\/2025\/03\/WhatsApp-Image-2025-03-17-at-15.23.15.png'><img loading=\"lazy\" decoding=\"async\" width=\"1200\" height=\"680\" src=\"https:\/\/centros.uepb.edu.br\/ccbsa\/files\/2025\/03\/WhatsApp-Image-2025-03-17-at-15.23.15.png\" class=\"attachment-full size-full\" alt=\"\" srcset=\"https:\/\/centros.uepb.edu.br\/ccbsa\/files\/2025\/03\/WhatsApp-Image-2025-03-17-at-15.23.15.png 1200w, https:\/\/centros.uepb.edu.br\/ccbsa\/files\/2025\/03\/WhatsApp-Image-2025-03-17-at-15.23.15-300x170.png 300w, https:\/\/centros.uepb.edu.br\/ccbsa\/files\/2025\/03\/WhatsApp-Image-2025-03-17-at-15.23.15-1120x635.png 1120w\" sizes=\"auto, (max-width: 1200px) 100vw, 1200px\" \/><\/a>\n\t\t\t<\/dt><\/dl>\n\t\t\t<br style='clear: both' \/>\n\t\t<\/div>\n\n<p>Com a participa\u00e7\u00e3o de estudantes, docentes, juristas, autoridades da Universidade Estadual da Para\u00edba (UEPB), Governo do Estado da Para\u00edba, Justi\u00e7a Federal, Justi\u00e7a Estadual, Minist\u00e9rio P\u00fablico, OAB\/PB, foi instalado oficialmente na manh\u00e3 desta segunda-feira (17) em solenidade realizada no audit\u00f3rio do Tribunal de Justi\u00e7a da Para\u00edba, o curso de bacharelado em Direito do C\u00e2mpus V da UEPB, em Jo\u00e3o Pessoa. Na ocasi\u00e3o tamb\u00e9m foi realizada a aula magna do per\u00edodo letivo 2025.1.<\/p>\n<p>Compuseram a mesa de honra do evento a Vice-Reitora da UEPB, professora Ivonildes da Silva Fonseca; o Vice-Governador do Estado da Para\u00edba, Lucas Ribeiro; o Secret\u00e1rio Estadual de Ci\u00eancia, Tecnologia e Inova\u00e7\u00e3o do Estado da Para\u00edba, professor Cl\u00e1udio Furtado; o Diretor do Foro da Justi\u00e7a Federal na Para\u00edba, Manuel Maia de Vasconcelos Neto; o representante da Justi\u00e7a Federal, o desembargador Rog\u00e9rio Menezes de Fialho Moreira; o Presidente da Ordem dos Advogados do Brasil, Seccional Para\u00edba (OAB-PB), Harrison Targino; a primeira Subprocuradora-Geral de Justi\u00e7a do Minist\u00e9rio P\u00fablico da Para\u00edba, Vasti Cl\u00e9a Marinho da Costa Lopes; a Pr\u00f3-Reitora Adjunta de Gradua\u00e7\u00e3o da Universidade Estadual da Para\u00edba (UEPB), N\u00edcia Estelita; o Diretor do Centro de Ci\u00eancias Biol\u00f3gicas e Sociais Aplicadas (CCBSA), professor Cl\u00e9ber Salimon, e o Coordenador do Curso de Direito do CCBSA, professor Ant\u00f4nio Germano Ramalho.<\/p>\n<p>Para a professora Ivonildes da Fonseca a instaura\u00e7\u00e3o do curso de Direito na UEPB \u00e9 um motivo de grande alegria, orgulho e esperan\u00e7a. \u201c\u00c9 um grande presente para a UEPB, que completa 59 anos e hoje ganha um curso novo que vem refor\u00e7ar o ensino p\u00fablico, gratuito e de qualidade que ofertamos. Diante de uma grande demanda que t\u00ednhamos, ap\u00f3s uma longa caminhada de docentes, t\u00e9cnicos e t\u00e9cnicas, gestores e de secretarias do governo do Estado, enfim conseguimos instalar esse curso t\u00e3o sonhado, ent\u00e3o s\u00f3 temos a agradecer\u201d, avalia.<\/p>\n<p>O vice-governador, Lucas Ribeiro, que rememorou o fato de ser egresso da UEPB, corrobora com as palavras da vice-reitora ao evidenciar que esta solenidade se trata de um momento hist\u00f3rico de expans\u00e3o da Universidade Estadual da Para\u00edba. \u201cA abertura de um novo curso leva desenvolvimento e oportunidades para outras cidades. Ela faz com que aquela cidade mude sua l\u00f3gica. Ent\u00e3o o impacto da expans\u00e3o da UEPB \u00e9 muito grande e n\u00f3s ficamos felizes porque essa \u00e9 mais uma oportunidade para que nossos estudantes possam ter acesso \u00e0 educa\u00e7\u00e3o p\u00fablica de qualidade\u201d, destaca.<\/p>\n<p>O Secret\u00e1rio Claudio Furtado, que acompanhou o processo de concep\u00e7\u00e3o do curso quando era secret\u00e1rio de educa\u00e7\u00e3o, tamb\u00e9m evidencia que essa solenidade \u00e9 um marco hist\u00f3rico e oferece \u00e0 Para\u00edba um curso que atende a uma demanda antiga, mas, com uma forma\u00e7\u00e3o atualizada as necessidades tecnol\u00f3gicas e contempor\u00e2neas. \u201cSe observarmos, existe uma oferta aqu\u00e9m aqui na grande Jo\u00e3o Pessoa na \u00e1rea de Direito, com poucos cursos gratuitos de universidades p\u00fablicas e muita demanda na rede privada. Com a instala\u00e7\u00e3o deste curso, a UEPB oferece uma resposta \u00e0 sociedade, atendendo a uma demanda de mercado que \u00e9 um profissional com uma forma\u00e7\u00e3o vinculada \u00e0 quest\u00e3o da tecnologia, a rela\u00e7\u00e3o entre direito e Internet. E tudo isso vem abrilhantar o nascimento desse curso\u201d, celebra o secret\u00e1rio.<\/p>\n<p>De acordo com o coordenador do Bacharelado em Direito, o professor Ant\u00f4nio Germano Ramalho, a luta por esse curso \u00e9 antiga, desde a gest\u00e3o da ex-reitora, professora Marlene Alves, e tem perdurado com o trabalho de uma comiss\u00e3o de docentes que tem se dedicado a ajustar a proposta at\u00e9 que o curso fosse aprovado, em setembro de 2024. \u201cA trajet\u00f3ria de cria\u00e7\u00e3o do curso de Direito em Jo\u00e3o Pessoa foi de luta. H\u00e1 uma demanda grande de uma juventude que n\u00e3o pode pagar pelos cursos de direito em faculdades privadas, e isso nos motivou a realizar esse trabalho a v\u00e1rias m\u00e3os at\u00e9 conseguirmos a aprova\u00e7\u00e3o. A perspectiva agora \u00e9 que, caso o campus cres\u00e7a fisicamente, possamos oferecer mais 80 vagas em 2026, com primeira e segunda entrada. Estamos entusiasmados com o n\u00edvel de forma\u00e7\u00e3o dos nossos professores, o alto n\u00edvel do nosso curso, j\u00e1 estamos trabalhando inclusive com a perspectiva de uma p\u00f3s-gradua\u00e7\u00e3o, tudo a depender da produ\u00e7\u00e3o e publica\u00e7\u00e3o\u201d, comemora.<\/p>\n<p>A estudante do 1\u00ba per\u00edodo de Direito do CCBSA, Sarah Fernandes, que sonha em seguir a carreira de magistrada no futuro, celebra a concretiza\u00e7\u00e3o de mais esse passo na vida estudantil. \u201cMinha expectativa para o curso \u00e9 a melhor, porque al\u00e9m de ser bom para minha forma\u00e7\u00e3o acad\u00eamica, \u00e9 bom para Jo\u00e3o Pessoa, para o crescimento e consolida\u00e7\u00e3o do C\u00e2mpus da UEPB, pode dar mais visibilidade ao c\u00e2mpus V. Al\u00e9m disso, achei a aula magna excepcional, pertinente aos temas que estamos estudando\u201d, declara.<\/p>\n<p><strong>Aula Magna<\/strong><\/p>\n<p>A aula magna do per\u00edodo 2025.1, proferida em sistema de videoconfer\u00eancia, foi ministrada pelo Professor Associado da Universidade de S\u00e3o Paulo (USP) Lucas Fucci Amato, e pelo Presidente do Superior Tribunal de Justi\u00e7a (STJ), o Ministro Ant\u00f4nio Herman de Vasconcelos e Benjamim.<\/p>\n<p>Em sua fala o ministro Ant\u00f4nio Herman trouxe o que ele denominou de \u201cpalavras de est\u00edmulo\u201d. Na oportunidade o jurista dissertou sobre a finalidade do direito, o poder de transforma\u00e7\u00e3o do Direito na vida dos estudantes e na sociedade, e dialogou sobre valores como a dignidade da pessoa humana, a prote\u00e7\u00e3o ao meio ambiente e a solidariedade.<\/p>\n<p>\u201cO direito \u00e9 feito para ter manifesta\u00e7\u00e3o precisa na vida das pessoas. Para assegurar a igualdade na vida das pessoas, para que cada um tenha acesso a um poder independente, \u00edntegro. E os alunos s\u00e3o o que h\u00e1 de mais importante numa academia. Deles esperamos muito. Que reconhe\u00e7am que cada minuto que passam na academia tem o suor do povo brasileiro. Que no futuro, quando se graduarem, n\u00e3o esque\u00e7am aqueles que pagaram com seu trabalho a educa\u00e7\u00e3o de qualidade que tiveram. O papel dos alunos de uma universidade p\u00fablica \u00e9 o reconhecimento que se d\u00e1 n\u00e3o apenas em discurso, mas, em atos, em compromisso com a \u00e9tica, den\u00fancia aos abusos. N\u00f3s n\u00e3o podemos como profissionais nos calar diante do abuso. Porque o ataque a um direito alheio \u00e9 o ataque ao direito de todos. E a sociedade dos privil\u00e9gios \u00e9 incompat\u00edvel com esse direito\u201d, declara o ministro Ant\u00f4nio Herman.<\/p>\n<p>O professor Lucas Amato tamb\u00e9m dialogou sobre diversas temas relevantes da \u00e1rea do direito e fez uma an\u00e1lise da evolu\u00e7\u00e3o desse campo do saber para atender novas demandas e desafios inerentes \u00e0 evolu\u00e7\u00e3o da sociedade. \u201cO direito d\u00e1 oportunidade para criarmos e inovarmos. E n\u00f3s presenciamos a evolu\u00e7\u00e3o dessa \u00e1rea, com a cria\u00e7\u00e3o do direito do trabalho, direito administrativo, direito econ\u00f4mico, articulando \u00e0s novas fases que o direito avan\u00e7a para contemplar novos problemas, novos temas, novas \u00e1reas. Formas pelas quais o direito se inova e inova a sociedade. E \u00e9 preciso que, a partir desse processo de transforma\u00e7\u00e3o da sociedade cujo foco deixa de ser exclusivamente industrial e passa ser tecnol\u00f3gico, que passamos por crises diversas, que o direito possa enxergar nisso oportunidades de se reinventar\u201d, avalia o docente.<\/p>\n<p>O curso de Direito do CCBSA \u00e9 o terceiro na \u00e1rea ofertado pela Universidade Estadual da Para\u00edba. A Institui\u00e7\u00e3o j\u00e1 oferece essa forma\u00e7\u00e3o superior nos c\u00e2mpus de Campina Grande e Guarabira, com o Centro de Ci\u00eancias Jur\u00eddicas (CCJ) e Centro de Humanidades, respectivamente. Ambos os cursos s\u00e3o refer\u00eancia na \u00e1rea, possuindo o Selo de Qualidade OAB Recomenda, ofertado pela Ordem dos Advogados do Brasil (OAB), uma vez que em 2024 ficaram entre os 198 melhores cursos de Direito do Brasil.<\/p>\n<p><strong>Texto:<\/strong> <em>Juliana Marques.<\/em><br \/>\n<strong>Fotos:<\/strong> <em>Paizinha Lemos.<\/em><\/p>\n","protected":false},"excerpt":{"rendered":"<p>Com a participa\u00e7\u00e3o de estudantes, docentes, juristas, autoridades da Universidade Estadual da Para\u00edba (UEPB), Governo do Estado da Para\u00edba, Justi\u00e7a Federal, Justi\u00e7a Estadual, Minist\u00e9rio P\u00fablico, OAB\/PB, foi instalado oficialmente na manh\u00e3 desta segunda-feira (17) em solenidade realizada no audit\u00f3rio do Tribunal de Justi\u00e7a da Para\u00edba, o curso de bacharelado em Direito do C\u00e2mpus V da <a class=\"leiamais\" href=\"https:\/\/centros.uepb.edu.br\/ccbsa\/curso-de-direito-do-campus-v-da-uepb-em-joao-pessoa-realiza-solenidade-de-instalacao-e-aula-magna\/\">Leia Mais&#8230;<\/a><\/p>\n","protected":false},"author":8,"featured_media":11584,"comment_status":"closed","ping_status":"closed","sticky":false,"template":"","format":"standard","meta":{"footnotes":""},"categories":[3,11],"tags":[],"class_list":["post-11583","post","type-post","status-publish","format-standard","has-post-thumbnail","hentry","category-noticias","category-noticias-destaque-img"],"jetpack_featured_media_url":"https:\/\/centros.uepb.edu.br\/ccbsa\/files\/2025\/03\/485028718_24640834088851486_7072558713866774621_n.jpg","_links":{"self":[{"href":"https:\/\/centros.uepb.edu.br\/ccbsa\/wp-json\/wp\/v2\/posts\/11583","targetHints":{"allow":["GET"]}}],"collection":[{"href":"https:\/\/centros.uepb.edu.br\/ccbsa\/wp-json\/wp\/v2\/posts"}],"about":[{"href":"https:\/\/centros.uepb.edu.br\/ccbsa\/wp-json\/wp\/v2\/types\/post"}],"author":[{"embeddable":true,"href":"https:\/\/centros.uepb.edu.br\/ccbsa\/wp-json\/wp\/v2\/users\/8"}],"replies":[{"embeddable":true,"href":"https:\/\/centros.uepb.edu.br\/ccbsa\/wp-json\/wp\/v2\/comments?post=11583"}],"version-history":[{"count":0,"href":"https:\/\/centros.uepb.edu.br\/ccbsa\/wp-json\/wp\/v2\/posts\/11583\/revisions"}],"wp:featuredmedia":[{"embeddable":true,"href":"https:\/\/centros.uepb.edu.br\/ccbsa\/wp-json\/wp\/v2\/media\/11584"}],"wp:attachment":[{"href":"https:\/\/centros.uepb.edu.br\/ccbsa\/wp-json\/wp\/v2\/media?parent=11583"}],"wp:term":[{"taxonomy":"category","embeddable":true,"href":"https:\/\/centros.uepb.edu.br\/ccbsa\/wp-json\/wp\/v2\/categories?post=11583"},{"taxonomy":"post_tag","embeddable":true,"href":"https:\/\/centros.uepb.edu.br\/ccbsa\/wp-json\/wp\/v2\/tags?post=11583"}],"curies":[{"name":"wp","href":"https:\/\/api.w.org\/{rel}","templated":true}]}}