{"id":11515,"date":"2025-02-20T13:10:39","date_gmt":"2025-02-20T13:10:39","guid":{"rendered":"https:\/\/centros.uepb.edu.br\/ccbsa\/?p=11515"},"modified":"2025-02-20T14:14:16","modified_gmt":"2025-02-20T14:14:16","slug":"reitoras-visitam-obras-da-biblioteca-do-campus-v-e-nica-realizam-reuniao-com-representantes-de-centros-academicos","status":"publish","type":"post","link":"https:\/\/centros.uepb.edu.br\/ccbsa\/reitoras-visitam-obras-da-biblioteca-do-campus-v-e-nica-realizam-reuniao-com-representantes-de-centros-academicos\/","title":{"rendered":"Reitoras realizam reuni\u00e3o com representantes de centros acad\u00eamicos e visitam obras da biblioteca do C\u00e2mpus V e NICA"},"content":{"rendered":"\n\t\t<style type=\"text\/css\">\n\t\t\t#gallery-1 {\n\t\t\t\tmargin: auto;\n\t\t\t}\n\t\t\t#gallery-1 .gallery-item {\n\t\t\t\tfloat: left;\n\t\t\t\tmargin-top: 10px;\n\t\t\t\ttext-align: center;\n\t\t\t\twidth: 33%;\n\t\t\t}\n\t\t\t#gallery-1 img {\n\t\t\t\tborder: 2px solid #cfcfcf;\n\t\t\t}\n\t\t\t#gallery-1 .gallery-caption {\n\t\t\t\tmargin-left: 0;\n\t\t\t}\n\t\t\t\/* see gallery_shortcode() in wp-includes\/media.php *\/\n\t\t<\/style>\n\t\t<div id='gallery-1' class='gallery galleryid-11515 gallery-columns-3 gallery-size-full'><dl class='gallery-item'>\n\t\t\t<dt class='gallery-icon landscape'>\n\t\t\t\t<a href='https:\/\/centros.uepb.edu.br\/ccbsa\/files\/2025\/02\/WhatsApp-Image-2025-02-20-at-09.14.40.jpeg'><img loading=\"lazy\" decoding=\"async\" width=\"1200\" height=\"680\" src=\"https:\/\/centros.uepb.edu.br\/ccbsa\/files\/2025\/02\/WhatsApp-Image-2025-02-20-at-09.14.40.jpeg\" class=\"attachment-full size-full\" alt=\"\" srcset=\"https:\/\/centros.uepb.edu.br\/ccbsa\/files\/2025\/02\/WhatsApp-Image-2025-02-20-at-09.14.40.jpeg 1200w, https:\/\/centros.uepb.edu.br\/ccbsa\/files\/2025\/02\/WhatsApp-Image-2025-02-20-at-09.14.40-300x170.jpeg 300w, https:\/\/centros.uepb.edu.br\/ccbsa\/files\/2025\/02\/WhatsApp-Image-2025-02-20-at-09.14.40-1120x635.jpeg 1120w\" sizes=\"auto, (max-width: 1200px) 100vw, 1200px\" \/><\/a>\n\t\t\t<\/dt><\/dl><dl class='gallery-item'>\n\t\t\t<dt class='gallery-icon landscape'>\n\t\t\t\t<a href='https:\/\/centros.uepb.edu.br\/ccbsa\/files\/2025\/02\/WhatsApp-Image-2025-02-19-at-14.45.05.jpeg'><img loading=\"lazy\" decoding=\"async\" width=\"1200\" height=\"680\" src=\"https:\/\/centros.uepb.edu.br\/ccbsa\/files\/2025\/02\/WhatsApp-Image-2025-02-19-at-14.45.05.jpeg\" class=\"attachment-full size-full\" alt=\"\" srcset=\"https:\/\/centros.uepb.edu.br\/ccbsa\/files\/2025\/02\/WhatsApp-Image-2025-02-19-at-14.45.05.jpeg 1200w, https:\/\/centros.uepb.edu.br\/ccbsa\/files\/2025\/02\/WhatsApp-Image-2025-02-19-at-14.45.05-300x170.jpeg 300w, https:\/\/centros.uepb.edu.br\/ccbsa\/files\/2025\/02\/WhatsApp-Image-2025-02-19-at-14.45.05-1120x635.jpeg 1120w\" sizes=\"auto, (max-width: 1200px) 100vw, 1200px\" \/><\/a>\n\t\t\t<\/dt><\/dl><dl class='gallery-item'>\n\t\t\t<dt class='gallery-icon landscape'>\n\t\t\t\t<a href='https:\/\/centros.uepb.edu.br\/ccbsa\/files\/2025\/02\/WhatsApp-Image-2025-02-19-at-14.44.56.jpeg'><img loading=\"lazy\" decoding=\"async\" width=\"1200\" height=\"680\" src=\"https:\/\/centros.uepb.edu.br\/ccbsa\/files\/2025\/02\/WhatsApp-Image-2025-02-19-at-14.44.56.jpeg\" class=\"attachment-full size-full\" alt=\"\" srcset=\"https:\/\/centros.uepb.edu.br\/ccbsa\/files\/2025\/02\/WhatsApp-Image-2025-02-19-at-14.44.56.jpeg 1200w, https:\/\/centros.uepb.edu.br\/ccbsa\/files\/2025\/02\/WhatsApp-Image-2025-02-19-at-14.44.56-300x170.jpeg 300w, https:\/\/centros.uepb.edu.br\/ccbsa\/files\/2025\/02\/WhatsApp-Image-2025-02-19-at-14.44.56-1120x635.jpeg 1120w\" sizes=\"auto, (max-width: 1200px) 100vw, 1200px\" \/><\/a>\n\t\t\t<\/dt><\/dl><br style=\"clear: both\" \/>\n\t\t<\/div>\n\n<p>Com o objetivo de acompanhar as obras da nova biblioteca setorial do C\u00e2mpus V e N\u00facleo de Inclus\u00e3o, Cultura e Artes (NICA), iniciadas em janeiro de 2025, e realizar uma reuni\u00e3o com representantes de centros acad\u00eamicos dos cursos de Rela\u00e7\u00f5es Internacionais e Ci\u00eancias Biol\u00f3gicas do Centro de Ci\u00eancias Biol\u00f3gicas e Sociais Aplicadas (CCBSA), a reitora da UEPB, professora C\u00e9lia Regina Diniz e a vice-reitora, Ivonildes Fonseca, estiveram nesta quarta-feira (20) nas instala\u00e7\u00f5es do C\u00e2mpus de Jo\u00e3o Pessoa.<\/p>\n<p>Estiveram presentes, ainda, o pro-reitor de Planejamento da UEPB, professor Ricardo Soares; a diretora adjunta do CCBSA, Lucila Vilhena; a assessora de reitoria, professora Martha Simone Amorim; o assessor de gabinete \u00cdtalo Vilarim; a fiscal e gestora do contrato pela Suplan, Gabriella Lima; o engenheiro respons\u00e1vel pela obra da Construtora Coplanar, Ildney Mangueira; o engenheiro residente, Ricardo Henrique; o mestre de obras da UEPB, Kayo Coutinho; e uma comiss\u00e3o de bibliotec\u00e1rias do CCBSA.<\/p>\n<p>Durante a reuni\u00e3o com os centros acad\u00eamicos foram dialogadas quest\u00f5es pontuais relacionadas ao apoio da gest\u00e3o para a realiza\u00e7\u00e3o do Encontro Nacional dos Estudantes de Rela\u00e7\u00f5es Internacionais (ENERI), que ocorrera em 2026 em Jo\u00e3o Pessoa, com organiza\u00e7\u00e3o do Centro Acad\u00eamico de RI da UEPB. Tamb\u00e9m foram esclarecidas d\u00favidas sobre o refeit\u00f3rio universit\u00e1rio, bolsa-evento, dentre outras demandas estudantis.<\/p>\n<p><strong>Obras da biblioteca setorial e NICA<\/strong><\/p>\n<p>Ap\u00f3s a reuni\u00e3o, foi realizada a visita ao canteiro de obras da biblioteca setorial do CCBSA e N\u00facleo de Inclus\u00e3o, Cultura e Artes (NICA), que est\u00e1 na fase de funda\u00e7\u00e3o. A constru\u00e7\u00e3o, que \u00e9 financiada com recursos do Governo do Estado, via Superintend\u00eancia de Obras do Plano de Desenvolvimento do Estado da Para\u00edba (Suplan), conta com investimento de mais de 5 milh\u00f5es de reais. Com um espa\u00e7o de 2 mil m\u00b2, o local abrigar\u00e1 o acervo da biblioteca do CCBSA, miniaudit\u00f3rio, salas para estudo individual e em grupo, ambientes administrativos, miniaudit\u00f3rio, entre outros espa\u00e7os.<\/p>\n<p>A perspectiva \u00e9 que o NICA possa atuar no fortalecimento de projetos j\u00e1 desenvolvidos no C\u00e2mpus V no CCBSA voltados \u00e0 inclus\u00e3o e acessibilidade, tais como: o projeto de extens\u00e3o \u201cRede de produ\u00e7\u00e3o e adapta\u00e7\u00e3o de materiais informacionais\u201d, por meio do Sistema Integrado de Biblioteca Acess\u00edvel (SIB-ACESS\u00cdVEL); o projeto Braillevery; a participa\u00e7\u00e3o na Rede Brasileira de Estudos e Conte\u00fados Adaptados (REBECA), \u201cBiologia: Um olhar para a Trissomia do 21\u201d, dentre outros. A iniciativa tamb\u00e9m prev\u00ea a parceria com a Funda\u00e7\u00e3o Casa de Jos\u00e9 Am\u00e9rico, FUNAD, Instituto Primeiro Olhar, o Projeto Acesso Cidad\u00e3o ao Lazer, Esporte, Arte e Cultura, dentre outras a\u00e7\u00f5es que buscam incluir pessoas com defici\u00eancia f\u00edsica, intelectual, sensorial.<\/p>\n<p>De acordo com a professora C\u00e9lia Regina Diniz a constru\u00e7\u00e3o da Biblioteca e do NICA no CCBSA est\u00e1 relacionada a disponibilidade de um espa\u00e7o com acessibilidade, confort\u00e1vel ambientalmente e que ofere\u00e7a um leque de recursos acad\u00eamicos, incluindo livros, peri\u00f3dicos, teses e bases de dados, que s\u00e3o essenciais para o ensino, a pesquisa, a extens\u00e3o e a inova\u00e7\u00e3o, oferecendo acesso a informa\u00e7\u00f5es atualizadas.<\/p>\n<p>\u201cEste espa\u00e7o promover\u00e1 a cultura da leitura e do aprendizado cont\u00ednuo, incentivando estudantes, docentes, t\u00e9cnicas e t\u00e9cnicos a explorarem novos conhecimentos, servindo como ambientes de estudo individual e em grupo, proporcionando ambientes adequados para reuni\u00f5es, discuss\u00f5es e trabalho colaborativo. Por outro lado, a instala\u00e7\u00e3o do NICA garantir\u00e1 que estudantes e comunidade possam acessar recursos acess\u00edveis de aprendizagem num ambiente mais inclusivo, onde todas as pessoas t\u00eam a oportunidade de participar plenamente da vida acad\u00eamica, facilitando o acesso \u00e0s informa\u00e7\u00f5es e recursos reduzindo as barreiras que pessoas com defici\u00eancia podem enfrentar, assegurando que elas tenham as mesmas oportunidades de aprender e se desenvolver. Vale destacar que esta constru\u00e7\u00e3o \u00e9 resultado da parceria entre a Universidade Estadual da Para\u00edba, Governo do Estado, SUPLAN e Funda\u00e7\u00e3o Casa de Jos\u00e9 Am\u00e9rico\u201d, avalia a reitora.<\/p>\n<p>Este equipamento acess\u00edvel, oferecer\u00e1 uma variedade de formatos de material, como livros em braille, audiolivros e recursos digitais compat\u00edveis com leitores de tela. Al\u00e9m disso, no local ser\u00e3o desenvolvidos cursos de aperfei\u00e7oamento em educa\u00e7\u00e3o inclusiva, atividades l\u00fadicas para crian\u00e7as e adultos, saraus liter\u00e1rios, sess\u00f5es de cinema e a\u00e7\u00f5es voltadas para m\u00e3es at\u00edpicas.<\/p>\n<p>Para a professora Martha Simone, que tem acompanhado o projeto do NICA desde a concep\u00e7\u00e3o, o N\u00facleo \u00e9 um importante investimento do Governo do Estado que fortalecer\u00e1 a pol\u00edtica da atual gest\u00e3o da UEPB de tornar a Institui\u00e7\u00e3o mais forte e inclusiva. O N\u00facleo, cuja aprova\u00e7\u00e3o foi realizada em reuni\u00e3o do Conselho de Centro em dezembro de 2024, foi idealizado em detalhes para atuar em v\u00e1rias \u00e1reas, atendendo n\u00e3o s\u00f3 a comunidade acad\u00eamica mas, a popula\u00e7\u00e3o paraibana, em especiais \u00e0s pessoas com defici\u00eancia, Transtorno do Espectro Autista e neurodivergentes.<\/p>\n<p><strong>Texto e fotos:<\/strong><em> Juliana Marques<\/em><\/p>\n","protected":false},"excerpt":{"rendered":"<p>Com o objetivo de acompanhar as obras da nova biblioteca setorial do C\u00e2mpus V e N\u00facleo de Inclus\u00e3o, Cultura e Artes (NICA), iniciadas em janeiro de 2025, e realizar uma reuni\u00e3o com representantes de centros acad\u00eamicos dos cursos de Rela\u00e7\u00f5es Internacionais e Ci\u00eancias Biol\u00f3gicas do Centro de Ci\u00eancias Biol\u00f3gicas e Sociais Aplicadas (CCBSA), a reitora <a class=\"leiamais\" href=\"https:\/\/centros.uepb.edu.br\/ccbsa\/reitoras-visitam-obras-da-biblioteca-do-campus-v-e-nica-realizam-reuniao-com-representantes-de-centros-academicos\/\">Leia Mais&#8230;<\/a><\/p>\n","protected":false},"author":8,"featured_media":11516,"comment_status":"closed","ping_status":"closed","sticky":false,"template":"","format":"standard","meta":{"footnotes":""},"categories":[3,11],"tags":[],"class_list":["post-11515","post","type-post","status-publish","format-standard","has-post-thumbnail","hentry","category-noticias","category-noticias-destaque-img"],"jetpack_featured_media_url":"https:\/\/centros.uepb.edu.br\/ccbsa\/files\/2025\/02\/WhatsApp-Image-2025-02-19-at-14.45.05.jpeg","_links":{"self":[{"href":"https:\/\/centros.uepb.edu.br\/ccbsa\/wp-json\/wp\/v2\/posts\/11515","targetHints":{"allow":["GET"]}}],"collection":[{"href":"https:\/\/centros.uepb.edu.br\/ccbsa\/wp-json\/wp\/v2\/posts"}],"about":[{"href":"https:\/\/centros.uepb.edu.br\/ccbsa\/wp-json\/wp\/v2\/types\/post"}],"author":[{"embeddable":true,"href":"https:\/\/centros.uepb.edu.br\/ccbsa\/wp-json\/wp\/v2\/users\/8"}],"replies":[{"embeddable":true,"href":"https:\/\/centros.uepb.edu.br\/ccbsa\/wp-json\/wp\/v2\/comments?post=11515"}],"version-history":[{"count":0,"href":"https:\/\/centros.uepb.edu.br\/ccbsa\/wp-json\/wp\/v2\/posts\/11515\/revisions"}],"wp:featuredmedia":[{"embeddable":true,"href":"https:\/\/centros.uepb.edu.br\/ccbsa\/wp-json\/wp\/v2\/media\/11516"}],"wp:attachment":[{"href":"https:\/\/centros.uepb.edu.br\/ccbsa\/wp-json\/wp\/v2\/media?parent=11515"}],"wp:term":[{"taxonomy":"category","embeddable":true,"href":"https:\/\/centros.uepb.edu.br\/ccbsa\/wp-json\/wp\/v2\/categories?post=11515"},{"taxonomy":"post_tag","embeddable":true,"href":"https:\/\/centros.uepb.edu.br\/ccbsa\/wp-json\/wp\/v2\/tags?post=11515"}],"curies":[{"name":"wp","href":"https:\/\/api.w.org\/{rel}","templated":true}]}}