{"id":11489,"date":"2025-02-13T17:41:47","date_gmt":"2025-02-13T17:41:47","guid":{"rendered":"https:\/\/centros.uepb.edu.br\/ccbsa\/?p=11489"},"modified":"2025-02-13T17:41:47","modified_gmt":"2025-02-13T17:41:47","slug":"central-multiusuario-de-analise-e-caracterizacao-quimico-biologica-da-uepb-sera-inaugurada-no-dia-25-de-fevereiro","status":"publish","type":"post","link":"https:\/\/centros.uepb.edu.br\/ccbsa\/central-multiusuario-de-analise-e-caracterizacao-quimico-biologica-da-uepb-sera-inaugurada-no-dia-25-de-fevereiro\/","title":{"rendered":"Central Multiusu\u00e1rio de An\u00e1lise e Caracteriza\u00e7\u00e3o Qu\u00edmico-Biol\u00f3gica da UEPB ser\u00e1 inaugurada no dia 25 de fevereiro"},"content":{"rendered":"\n\t\t<style type=\"text\/css\">\n\t\t\t#gallery-1 {\n\t\t\t\tmargin: auto;\n\t\t\t}\n\t\t\t#gallery-1 .gallery-item {\n\t\t\t\tfloat: left;\n\t\t\t\tmargin-top: 10px;\n\t\t\t\ttext-align: center;\n\t\t\t\twidth: 33%;\n\t\t\t}\n\t\t\t#gallery-1 img {\n\t\t\t\tborder: 2px solid #cfcfcf;\n\t\t\t}\n\t\t\t#gallery-1 .gallery-caption {\n\t\t\t\tmargin-left: 0;\n\t\t\t}\n\t\t\t\/* see gallery_shortcode() in wp-includes\/media.php *\/\n\t\t<\/style>\n\t\t<div id='gallery-1' class='gallery galleryid-11489 gallery-columns-3 gallery-size-full'><dl class='gallery-item'>\n\t\t\t<dt class='gallery-icon landscape'>\n\t\t\t\t<a href='https:\/\/centros.uepb.edu.br\/ccbsa\/files\/2025\/02\/WhatsApp-Image-2025-02-13-at-14.19.55.jpeg'><img loading=\"lazy\" decoding=\"async\" width=\"1200\" height=\"680\" src=\"https:\/\/centros.uepb.edu.br\/ccbsa\/files\/2025\/02\/WhatsApp-Image-2025-02-13-at-14.19.55.jpeg\" class=\"attachment-full size-full\" alt=\"\" srcset=\"https:\/\/centros.uepb.edu.br\/ccbsa\/files\/2025\/02\/WhatsApp-Image-2025-02-13-at-14.19.55.jpeg 1200w, https:\/\/centros.uepb.edu.br\/ccbsa\/files\/2025\/02\/WhatsApp-Image-2025-02-13-at-14.19.55-300x170.jpeg 300w, https:\/\/centros.uepb.edu.br\/ccbsa\/files\/2025\/02\/WhatsApp-Image-2025-02-13-at-14.19.55-1120x635.jpeg 1120w\" sizes=\"auto, (max-width: 1200px) 100vw, 1200px\" \/><\/a>\n\t\t\t<\/dt><\/dl><dl class='gallery-item'>\n\t\t\t<dt class='gallery-icon portrait'>\n\t\t\t\t<a href='https:\/\/centros.uepb.edu.br\/ccbsa\/files\/2025\/02\/WhatsApp-Image-2025-02-13-at-14.19.40-scaled.jpeg'><img loading=\"lazy\" decoding=\"async\" width=\"1920\" height=\"2560\" src=\"https:\/\/centros.uepb.edu.br\/ccbsa\/files\/2025\/02\/WhatsApp-Image-2025-02-13-at-14.19.40-scaled.jpeg\" class=\"attachment-full size-full\" alt=\"\" srcset=\"https:\/\/centros.uepb.edu.br\/ccbsa\/files\/2025\/02\/WhatsApp-Image-2025-02-13-at-14.19.40-scaled.jpeg 1920w, https:\/\/centros.uepb.edu.br\/ccbsa\/files\/2025\/02\/WhatsApp-Image-2025-02-13-at-14.19.40-225x300.jpeg 225w, https:\/\/centros.uepb.edu.br\/ccbsa\/files\/2025\/02\/WhatsApp-Image-2025-02-13-at-14.19.40-1152x1536.jpeg 1152w, https:\/\/centros.uepb.edu.br\/ccbsa\/files\/2025\/02\/WhatsApp-Image-2025-02-13-at-14.19.40-1536x2048.jpeg 1536w, https:\/\/centros.uepb.edu.br\/ccbsa\/files\/2025\/02\/WhatsApp-Image-2025-02-13-at-14.19.40-597x796.jpeg 597w\" sizes=\"auto, (max-width: 1920px) 100vw, 1920px\" \/><\/a>\n\t\t\t<\/dt><\/dl>\n\t\t\t<br style='clear: both' \/>\n\t\t<\/div>\n\n<p>Fruto do trabalho desempenhado por pesquisadores da Universidade Estadual da Para\u00edba (UEPB) com o financiamento da Secretaria de Estado da Ci\u00eancia, Tecnologia, Inova\u00e7\u00e3o e Ensino Superior (Secties) por meio de editais da Funda\u00e7\u00e3o de Apoio \u00e0 Pesquisa da Para\u00edba (Fapesq) que estimulavam a Cria\u00e7\u00e3o de Centros Estaduais de Infraestrutura Cient\u00edfica e Tecnol\u00f3gica de Car\u00e1cter Multiusu\u00e1rio, a Central Multiusu\u00e1rio de An\u00e1lise e Caracteriza\u00e7\u00e3o Qu\u00edmico-Biol\u00f3gica da UEPB (CM-ACQuimBio) \u00e9 mais um instrumento de suporte nas pesquisas desenvolvidas no Estado que ser\u00e1 inaugurada no dia 25 de fevereiro, \u00e0s 10h, em solenidade a ser realizada no audit\u00f3rio do C\u00e2mpus V da UEPB.<\/p>\n<p>Com equipamentos de ponta, a exemplo do primeiro microsc\u00f3pio acoplado a um espectr\u00f4metro de infravermelho e RAMAN da Am\u00e9rica Latina, e o 19\u00b0 instalado no mundo, o Espectr\u00f4metro de Emiss\u00e3o \u00d3tica com Plasma induzida por Laser (LIBS), que \u00e9 uma tecnologia usada, por exemplo, no rob\u00f4 Curiosity, da NASA, que est\u00e1 explorando a superf\u00edcie do planeta Marte, dentre outros, a CM-ACQuimBio torna-se um espa\u00e7o para que pesquisadores da UEPB e de outras institui\u00e7\u00f5es parceiras possam identificar e caracterizar diversos tipos de materiais e amostras, atendendo a demandas da comunidade acad\u00eamica e de empresas.<\/p>\n<p>Durante a inaugura\u00e7\u00e3o ser\u00e3o apresentadas as aplica\u00e7\u00f5es dos equipamentos, assim como os canais de comunica\u00e7\u00e3o da Central com a sociedade (site, cadastro em plataformas nacionais, entre outros).<\/p>\n<p>Outras informa\u00e7\u00f5es sobre a CM-ACQuimBio:\u00a0<a href=\"https:\/\/laboratorios.uepb.edu.br\/cm-acquimbio\/\">https:\/\/laboratorios.uepb.edu.br\/cm-acquimbio\/<\/a>.<\/p>\n<p><strong>Texto e fotos:<\/strong><em> Juliana Marques.<\/em><\/p>\n","protected":false},"excerpt":{"rendered":"<p>Fruto do trabalho desempenhado por pesquisadores da Universidade Estadual da Para\u00edba (UEPB) com o financiamento da Secretaria de Estado da Ci\u00eancia, Tecnologia, Inova\u00e7\u00e3o e Ensino Superior (Secties) por meio de editais da Funda\u00e7\u00e3o de Apoio \u00e0 Pesquisa da Para\u00edba (Fapesq) que estimulavam a Cria\u00e7\u00e3o de Centros Estaduais de Infraestrutura Cient\u00edfica e Tecnol\u00f3gica de Car\u00e1cter Multiusu\u00e1rio, <a class=\"leiamais\" href=\"https:\/\/centros.uepb.edu.br\/ccbsa\/central-multiusuario-de-analise-e-caracterizacao-quimico-biologica-da-uepb-sera-inaugurada-no-dia-25-de-fevereiro\/\">Leia Mais&#8230;<\/a><\/p>\n","protected":false},"author":8,"featured_media":11490,"comment_status":"closed","ping_status":"closed","sticky":false,"template":"","format":"standard","meta":{"footnotes":""},"categories":[3,11],"tags":[],"class_list":["post-11489","post","type-post","status-publish","format-standard","has-post-thumbnail","hentry","category-noticias","category-noticias-destaque-img"],"jetpack_featured_media_url":"https:\/\/centros.uepb.edu.br\/ccbsa\/files\/2025\/02\/WhatsApp-Image-2025-02-13-at-14.19.55.jpeg","_links":{"self":[{"href":"https:\/\/centros.uepb.edu.br\/ccbsa\/wp-json\/wp\/v2\/posts\/11489","targetHints":{"allow":["GET"]}}],"collection":[{"href":"https:\/\/centros.uepb.edu.br\/ccbsa\/wp-json\/wp\/v2\/posts"}],"about":[{"href":"https:\/\/centros.uepb.edu.br\/ccbsa\/wp-json\/wp\/v2\/types\/post"}],"author":[{"embeddable":true,"href":"https:\/\/centros.uepb.edu.br\/ccbsa\/wp-json\/wp\/v2\/users\/8"}],"replies":[{"embeddable":true,"href":"https:\/\/centros.uepb.edu.br\/ccbsa\/wp-json\/wp\/v2\/comments?post=11489"}],"version-history":[{"count":0,"href":"https:\/\/centros.uepb.edu.br\/ccbsa\/wp-json\/wp\/v2\/posts\/11489\/revisions"}],"wp:featuredmedia":[{"embeddable":true,"href":"https:\/\/centros.uepb.edu.br\/ccbsa\/wp-json\/wp\/v2\/media\/11490"}],"wp:attachment":[{"href":"https:\/\/centros.uepb.edu.br\/ccbsa\/wp-json\/wp\/v2\/media?parent=11489"}],"wp:term":[{"taxonomy":"category","embeddable":true,"href":"https:\/\/centros.uepb.edu.br\/ccbsa\/wp-json\/wp\/v2\/categories?post=11489"},{"taxonomy":"post_tag","embeddable":true,"href":"https:\/\/centros.uepb.edu.br\/ccbsa\/wp-json\/wp\/v2\/tags?post=11489"}],"curies":[{"name":"wp","href":"https:\/\/api.w.org\/{rel}","templated":true}]}}