{"id":11477,"date":"2025-02-12T15:13:14","date_gmt":"2025-02-12T15:13:14","guid":{"rendered":"https:\/\/centros.uepb.edu.br\/ccbsa\/?p=11477"},"modified":"2025-02-12T15:13:14","modified_gmt":"2025-02-12T15:13:14","slug":"feras-do-ccbsa-participam-de-programacao-de-recepcao-do-periodo-letivo-2025-1","status":"publish","type":"post","link":"https:\/\/centros.uepb.edu.br\/ccbsa\/feras-do-ccbsa-participam-de-programacao-de-recepcao-do-periodo-letivo-2025-1\/","title":{"rendered":"Feras do CCBSA participam de programa\u00e7\u00e3o de recep\u00e7\u00e3o do per\u00edodo letivo 2025.1"},"content":{"rendered":"\n\t\t<style type=\"text\/css\">\n\t\t\t#gallery-1 {\n\t\t\t\tmargin: auto;\n\t\t\t}\n\t\t\t#gallery-1 .gallery-item {\n\t\t\t\tfloat: left;\n\t\t\t\tmargin-top: 10px;\n\t\t\t\ttext-align: center;\n\t\t\t\twidth: 33%;\n\t\t\t}\n\t\t\t#gallery-1 img {\n\t\t\t\tborder: 2px solid #cfcfcf;\n\t\t\t}\n\t\t\t#gallery-1 .gallery-caption {\n\t\t\t\tmargin-left: 0;\n\t\t\t}\n\t\t\t\/* see gallery_shortcode() in wp-includes\/media.php *\/\n\t\t<\/style>\n\t\t<div id='gallery-1' class='gallery galleryid-11477 gallery-columns-3 gallery-size-full'><dl class='gallery-item'>\n\t\t\t<dt class='gallery-icon landscape'>\n\t\t\t\t<a href='https:\/\/centros.uepb.edu.br\/ccbsa\/files\/2025\/02\/WhatsApp-Image-2025-02-12-at-10.52.57-1.jpeg'><img loading=\"lazy\" decoding=\"async\" width=\"1200\" height=\"680\" src=\"https:\/\/centros.uepb.edu.br\/ccbsa\/files\/2025\/02\/WhatsApp-Image-2025-02-12-at-10.52.57-1.jpeg\" class=\"attachment-full size-full\" alt=\"\" srcset=\"https:\/\/centros.uepb.edu.br\/ccbsa\/files\/2025\/02\/WhatsApp-Image-2025-02-12-at-10.52.57-1.jpeg 1200w, https:\/\/centros.uepb.edu.br\/ccbsa\/files\/2025\/02\/WhatsApp-Image-2025-02-12-at-10.52.57-1-300x170.jpeg 300w, https:\/\/centros.uepb.edu.br\/ccbsa\/files\/2025\/02\/WhatsApp-Image-2025-02-12-at-10.52.57-1-1120x635.jpeg 1120w\" sizes=\"auto, (max-width: 1200px) 100vw, 1200px\" \/><\/a>\n\t\t\t<\/dt><\/dl><dl class='gallery-item'>\n\t\t\t<dt class='gallery-icon landscape'>\n\t\t\t\t<a href='https:\/\/centros.uepb.edu.br\/ccbsa\/files\/2025\/02\/WhatsApp-Image-2025-02-12-at-10.52.58.jpeg'><img loading=\"lazy\" decoding=\"async\" width=\"1200\" height=\"680\" src=\"https:\/\/centros.uepb.edu.br\/ccbsa\/files\/2025\/02\/WhatsApp-Image-2025-02-12-at-10.52.58.jpeg\" class=\"attachment-full size-full\" alt=\"\" srcset=\"https:\/\/centros.uepb.edu.br\/ccbsa\/files\/2025\/02\/WhatsApp-Image-2025-02-12-at-10.52.58.jpeg 1200w, https:\/\/centros.uepb.edu.br\/ccbsa\/files\/2025\/02\/WhatsApp-Image-2025-02-12-at-10.52.58-300x170.jpeg 300w, https:\/\/centros.uepb.edu.br\/ccbsa\/files\/2025\/02\/WhatsApp-Image-2025-02-12-at-10.52.58-1120x635.jpeg 1120w\" sizes=\"auto, (max-width: 1200px) 100vw, 1200px\" \/><\/a>\n\t\t\t<\/dt><\/dl>\n\t\t\t<br style='clear: both' \/>\n\t\t<\/div>\n\n<p>Com a participa\u00e7\u00e3o de discentes, docentes e t\u00e9cnicos-administrativos do C\u00e2mpus V da Universidade Estadual da Para\u00edba (UEPB) foi realizada nesta quarta-feira (12) no audit\u00f3rio Pioneiros a programa\u00e7\u00e3o de recep\u00e7\u00e3o aos calouros do per\u00edodo 2025.1 dos cursos de Arquivologia, An\u00e1lise e Desenvolvimento de Sistemas (ADS), Ci\u00eancias Biol\u00f3gicas, Ci\u00eancia de Dados, Direito e Rela\u00e7\u00f5es Internacionais.<\/p>\n<p>Compuseram a solenidade de abertura o diretor do CCSA, professor Cl\u00e9ber Salimon; a pr\u00f3-reitora estudantil, professora Nubia Nascimento; o coordenador do curso de Arquivologia, professor Rams\u00e9s Nunes; o coordenador adjunto do curso de ADS e representante do Limite do Vis\u00edvel, professor Jos\u00e9 Wilker; a coordenadora do curso de Ci\u00eancias Biol\u00f3gicas, professora Br\u00edgida Lucena; o coordenador do bacharelado em Direito, professor Germano Ramalho; o coordenador da gradua\u00e7\u00e3o em Rela\u00e7\u00f5es Internacionais, professor Filipe Reis; a coordenadora do N\u00facleo de L\u00ednguas do Campus V, Janaine Rolim; a bibliotec\u00e1ria Liliane Braga Holanda; a representante da Pro-reitoria de Extens\u00e3o, Thamara Alencar; o coordenador de esporte e lazer da PROEST, Eug\u00eanio Moura, e a integrante da Comiss\u00e3o de Inclus\u00e3o e Acessibilidade em Ambientes das Bibliotecas (CIAAB), a bibliotec\u00e1ria Milena Borges.<\/p>\n<p>Na oportunidade, os coordenadores de curso desejaram boas vindas e aconselharam os estudantes sobre a jornada acad\u00eamica. A representante da PROEX apresentou as oportunidades de bolsas e engajamento em projetos de extens\u00e3o. E a coordenadora do N\u00facleo de L\u00ednguas lembrou da abertura de inscri\u00e7\u00f5es para os cursos de idiomas ofertados no local.<\/p>\n<p>A pr\u00f3-reitora estudantil comunicou sobre a cria\u00e7\u00e3o de um setor espec\u00edfico na PROEST destinado ao acompanhamento dos cotistas. A professora Nubia apresentou os tipos de assist\u00eancia dispon\u00edveis, servi\u00e7os oferecidos pela pr\u00f3-reitoria, como o atendimento psicol\u00f3gico, dentre outros. O professor Eug\u00eanio Moura apresentou as possibilidades de esporte e lazer para estudantes da UEPB.<\/p>\n<p>A bibliotec\u00e1ria Liliane Braga dialogou sobre o atendimento a usu\u00e1rios e usu\u00e1rias da biblioteca e prestou esclarecimentos sobre as demandas relacionadas ao setor. E a bibliotec\u00e1ria Milena informou sobre o funcionamento do CIAAB e as possibilidades de assist\u00eancia a pessoas com defici\u00eancia.<\/p>\n<p>Ap\u00f3s as falas os estudantes puderam esclarecer as d\u00favidas referentes aos setores e servi\u00e7os apresentados. E durante toda a semana, cada curso contar\u00e1 com uma programa\u00e7\u00e3o especial alusiva ao in\u00edcio de semestre, que inclui rodas de conversas, visitas guiadas e atividades culturais.<\/p>\n","protected":false},"excerpt":{"rendered":"<p>Com a participa\u00e7\u00e3o de discentes, docentes e t\u00e9cnicos-administrativos do C\u00e2mpus V da Universidade Estadual da Para\u00edba (UEPB) foi realizada nesta quarta-feira (12) no audit\u00f3rio Pioneiros a programa\u00e7\u00e3o de recep\u00e7\u00e3o aos calouros do per\u00edodo 2025.1 dos cursos de Arquivologia, An\u00e1lise e Desenvolvimento de Sistemas (ADS), Ci\u00eancias Biol\u00f3gicas, Ci\u00eancia de Dados, Direito e Rela\u00e7\u00f5es Internacionais. Compuseram a <a class=\"leiamais\" href=\"https:\/\/centros.uepb.edu.br\/ccbsa\/feras-do-ccbsa-participam-de-programacao-de-recepcao-do-periodo-letivo-2025-1\/\">Leia Mais&#8230;<\/a><\/p>\n","protected":false},"author":8,"featured_media":11478,"comment_status":"closed","ping_status":"closed","sticky":false,"template":"","format":"standard","meta":{"footnotes":""},"categories":[3,11],"tags":[],"class_list":["post-11477","post","type-post","status-publish","format-standard","has-post-thumbnail","hentry","category-noticias","category-noticias-destaque-img"],"jetpack_featured_media_url":"https:\/\/centros.uepb.edu.br\/ccbsa\/files\/2025\/02\/WhatsApp-Image-2025-02-12-at-10.52.57.jpeg","_links":{"self":[{"href":"https:\/\/centros.uepb.edu.br\/ccbsa\/wp-json\/wp\/v2\/posts\/11477","targetHints":{"allow":["GET"]}}],"collection":[{"href":"https:\/\/centros.uepb.edu.br\/ccbsa\/wp-json\/wp\/v2\/posts"}],"about":[{"href":"https:\/\/centros.uepb.edu.br\/ccbsa\/wp-json\/wp\/v2\/types\/post"}],"author":[{"embeddable":true,"href":"https:\/\/centros.uepb.edu.br\/ccbsa\/wp-json\/wp\/v2\/users\/8"}],"replies":[{"embeddable":true,"href":"https:\/\/centros.uepb.edu.br\/ccbsa\/wp-json\/wp\/v2\/comments?post=11477"}],"version-history":[{"count":0,"href":"https:\/\/centros.uepb.edu.br\/ccbsa\/wp-json\/wp\/v2\/posts\/11477\/revisions"}],"wp:featuredmedia":[{"embeddable":true,"href":"https:\/\/centros.uepb.edu.br\/ccbsa\/wp-json\/wp\/v2\/media\/11478"}],"wp:attachment":[{"href":"https:\/\/centros.uepb.edu.br\/ccbsa\/wp-json\/wp\/v2\/media?parent=11477"}],"wp:term":[{"taxonomy":"category","embeddable":true,"href":"https:\/\/centros.uepb.edu.br\/ccbsa\/wp-json\/wp\/v2\/categories?post=11477"},{"taxonomy":"post_tag","embeddable":true,"href":"https:\/\/centros.uepb.edu.br\/ccbsa\/wp-json\/wp\/v2\/tags?post=11477"}],"curies":[{"name":"wp","href":"https:\/\/api.w.org\/{rel}","templated":true}]}}