{"id":11422,"date":"2024-12-19T17:31:03","date_gmt":"2024-12-19T17:31:03","guid":{"rendered":"https:\/\/centros.uepb.edu.br\/ccbsa\/?p=11422"},"modified":"2024-12-19T17:31:03","modified_gmt":"2024-12-19T17:31:03","slug":"solenidade-de-colacao-de-grau-do-semestre-2024-2-do-ccbsa-marca-a-formatura-de-60-novos-profissionais","status":"publish","type":"post","link":"https:\/\/centros.uepb.edu.br\/ccbsa\/solenidade-de-colacao-de-grau-do-semestre-2024-2-do-ccbsa-marca-a-formatura-de-60-novos-profissionais\/","title":{"rendered":"Solenidade de Cola\u00e7\u00e3o de Grau do semestre 2024.2 do CCBSA marca a formatura de 60 novos profissionais"},"content":{"rendered":"\n\t\t<style type=\"text\/css\">\n\t\t\t#gallery-1 {\n\t\t\t\tmargin: auto;\n\t\t\t}\n\t\t\t#gallery-1 .gallery-item {\n\t\t\t\tfloat: left;\n\t\t\t\tmargin-top: 10px;\n\t\t\t\ttext-align: center;\n\t\t\t\twidth: 33%;\n\t\t\t}\n\t\t\t#gallery-1 img {\n\t\t\t\tborder: 2px solid #cfcfcf;\n\t\t\t}\n\t\t\t#gallery-1 .gallery-caption {\n\t\t\t\tmargin-left: 0;\n\t\t\t}\n\t\t\t\/* see gallery_shortcode() in wp-includes\/media.php *\/\n\t\t<\/style>\n\t\t<div id='gallery-1' class='gallery galleryid-11422 gallery-columns-3 gallery-size-full'><dl class='gallery-item'>\n\t\t\t<dt class='gallery-icon landscape'>\n\t\t\t\t<a href='https:\/\/centros.uepb.edu.br\/ccbsa\/files\/2024\/12\/unnamed-6.png'><img loading=\"lazy\" decoding=\"async\" width=\"1200\" height=\"680\" src=\"https:\/\/centros.uepb.edu.br\/ccbsa\/files\/2024\/12\/unnamed-6.png\" class=\"attachment-full size-full\" alt=\"\" srcset=\"https:\/\/centros.uepb.edu.br\/ccbsa\/files\/2024\/12\/unnamed-6.png 1200w, https:\/\/centros.uepb.edu.br\/ccbsa\/files\/2024\/12\/unnamed-6-300x170.png 300w, https:\/\/centros.uepb.edu.br\/ccbsa\/files\/2024\/12\/unnamed-6-1120x635.png 1120w\" sizes=\"auto, (max-width: 1200px) 100vw, 1200px\" \/><\/a>\n\t\t\t<\/dt><\/dl><dl class='gallery-item'>\n\t\t\t<dt class='gallery-icon landscape'>\n\t\t\t\t<a href='https:\/\/centros.uepb.edu.br\/ccbsa\/files\/2024\/12\/470776616_24069956679272566_4668054679197331984_n.jpg'><img loading=\"lazy\" decoding=\"async\" width=\"1200\" height=\"680\" src=\"https:\/\/centros.uepb.edu.br\/ccbsa\/files\/2024\/12\/470776616_24069956679272566_4668054679197331984_n.jpg\" class=\"attachment-full size-full\" alt=\"\" srcset=\"https:\/\/centros.uepb.edu.br\/ccbsa\/files\/2024\/12\/470776616_24069956679272566_4668054679197331984_n.jpg 1200w, https:\/\/centros.uepb.edu.br\/ccbsa\/files\/2024\/12\/470776616_24069956679272566_4668054679197331984_n-300x170.jpg 300w, https:\/\/centros.uepb.edu.br\/ccbsa\/files\/2024\/12\/470776616_24069956679272566_4668054679197331984_n-1120x635.jpg 1120w\" sizes=\"auto, (max-width: 1200px) 100vw, 1200px\" \/><\/a>\n\t\t\t<\/dt><\/dl><dl class='gallery-item'>\n\t\t\t<dt class='gallery-icon landscape'>\n\t\t\t\t<a href='https:\/\/centros.uepb.edu.br\/ccbsa\/files\/2024\/12\/470688353_24069956752605892_4291733165929539314_n.jpg'><img loading=\"lazy\" decoding=\"async\" width=\"1200\" height=\"680\" src=\"https:\/\/centros.uepb.edu.br\/ccbsa\/files\/2024\/12\/470688353_24069956752605892_4291733165929539314_n.jpg\" class=\"attachment-full size-full\" alt=\"\" srcset=\"https:\/\/centros.uepb.edu.br\/ccbsa\/files\/2024\/12\/470688353_24069956752605892_4291733165929539314_n.jpg 1200w, https:\/\/centros.uepb.edu.br\/ccbsa\/files\/2024\/12\/470688353_24069956752605892_4291733165929539314_n-300x170.jpg 300w, https:\/\/centros.uepb.edu.br\/ccbsa\/files\/2024\/12\/470688353_24069956752605892_4291733165929539314_n-1120x635.jpg 1120w\" sizes=\"auto, (max-width: 1200px) 100vw, 1200px\" \/><\/a>\n\t\t\t<\/dt><\/dl><br style=\"clear: both\" \/><dl class='gallery-item'>\n\t\t\t<dt class='gallery-icon landscape'>\n\t\t\t\t<a href='https:\/\/centros.uepb.edu.br\/ccbsa\/files\/2024\/12\/470587882_24069956795939221_8406096526901836051_n.jpg'><img loading=\"lazy\" decoding=\"async\" width=\"1200\" height=\"680\" src=\"https:\/\/centros.uepb.edu.br\/ccbsa\/files\/2024\/12\/470587882_24069956795939221_8406096526901836051_n.jpg\" class=\"attachment-full size-full\" alt=\"\" srcset=\"https:\/\/centros.uepb.edu.br\/ccbsa\/files\/2024\/12\/470587882_24069956795939221_8406096526901836051_n.jpg 1200w, https:\/\/centros.uepb.edu.br\/ccbsa\/files\/2024\/12\/470587882_24069956795939221_8406096526901836051_n-300x170.jpg 300w, https:\/\/centros.uepb.edu.br\/ccbsa\/files\/2024\/12\/470587882_24069956795939221_8406096526901836051_n-1120x635.jpg 1120w\" sizes=\"auto, (max-width: 1200px) 100vw, 1200px\" \/><\/a>\n\t\t\t<\/dt><\/dl><dl class='gallery-item'>\n\t\t\t<dt class='gallery-icon landscape'>\n\t\t\t\t<a href='https:\/\/centros.uepb.edu.br\/ccbsa\/files\/2024\/12\/470666512_24069957335939167_8769319833005039299_n.jpg'><img loading=\"lazy\" decoding=\"async\" width=\"1200\" height=\"680\" src=\"https:\/\/centros.uepb.edu.br\/ccbsa\/files\/2024\/12\/470666512_24069957335939167_8769319833005039299_n.jpg\" class=\"attachment-full size-full\" alt=\"\" srcset=\"https:\/\/centros.uepb.edu.br\/ccbsa\/files\/2024\/12\/470666512_24069957335939167_8769319833005039299_n.jpg 1200w, https:\/\/centros.uepb.edu.br\/ccbsa\/files\/2024\/12\/470666512_24069957335939167_8769319833005039299_n-300x170.jpg 300w, https:\/\/centros.uepb.edu.br\/ccbsa\/files\/2024\/12\/470666512_24069957335939167_8769319833005039299_n-1120x635.jpg 1120w\" sizes=\"auto, (max-width: 1200px) 100vw, 1200px\" \/><\/a>\n\t\t\t<\/dt><\/dl><dl class='gallery-item'>\n\t\t\t<dt class='gallery-icon landscape'>\n\t\t\t\t<a href='https:\/\/centros.uepb.edu.br\/ccbsa\/files\/2024\/12\/IMG_3617.jpeg'><img loading=\"lazy\" decoding=\"async\" width=\"1200\" height=\"680\" src=\"https:\/\/centros.uepb.edu.br\/ccbsa\/files\/2024\/12\/IMG_3617.jpeg\" class=\"attachment-full size-full\" alt=\"\" srcset=\"https:\/\/centros.uepb.edu.br\/ccbsa\/files\/2024\/12\/IMG_3617.jpeg 1200w, https:\/\/centros.uepb.edu.br\/ccbsa\/files\/2024\/12\/IMG_3617-300x170.jpeg 300w, https:\/\/centros.uepb.edu.br\/ccbsa\/files\/2024\/12\/IMG_3617-1120x635.jpeg 1120w\" sizes=\"auto, (max-width: 1200px) 100vw, 1200px\" \/><\/a>\n\t\t\t<\/dt><\/dl><br style=\"clear: both\" \/><dl class='gallery-item'>\n\t\t\t<dt class='gallery-icon landscape'>\n\t\t\t\t<a href='https:\/\/centros.uepb.edu.br\/ccbsa\/files\/2024\/12\/unnamed-7.jpg'><img loading=\"lazy\" decoding=\"async\" width=\"1200\" height=\"680\" src=\"https:\/\/centros.uepb.edu.br\/ccbsa\/files\/2024\/12\/unnamed-7.jpg\" class=\"attachment-full size-full\" alt=\"\" srcset=\"https:\/\/centros.uepb.edu.br\/ccbsa\/files\/2024\/12\/unnamed-7.jpg 1200w, https:\/\/centros.uepb.edu.br\/ccbsa\/files\/2024\/12\/unnamed-7-300x170.jpg 300w, https:\/\/centros.uepb.edu.br\/ccbsa\/files\/2024\/12\/unnamed-7-1120x635.jpg 1120w\" sizes=\"auto, (max-width: 1200px) 100vw, 1200px\" \/><\/a>\n\t\t\t<\/dt><\/dl>\n\t\t\t<br style='clear: both' \/>\n\t\t<\/div>\n\n<p>Transforma\u00e7\u00e3o, empatia, coragem, sonhos, foram alguns dos termos utilizados nos discursos que marcaram a cerim\u00f4nia de Cola\u00e7\u00e3o de Grau do per\u00edodo 2024.2 do Centro de Ci\u00eancias Biol\u00f3gicas e Sociais Aplicadas (CCBSA) da Universidade Estadual da Para\u00edba (UEPB). A solenidade, realizada nesta quarta-feira (18), no audit\u00f3rio do Centro de Forma\u00e7\u00e3o de Professores do Governo do Estado da Para\u00edba, em Jo\u00e3o Pessoa, contou com a participa\u00e7\u00e3o de 60 concluintes dos cursos de Bacharelado em Arquivologia, Ci\u00eancias Biol\u00f3gicas, Rela\u00e7\u00f5es Internacionais e Geografia e Licenciatura em Ci\u00eancias Biol\u00f3gicas.<\/p>\n<p>Na oportunidade, a reitora da UEPB, professora C\u00e9lia Regina Diniz, parabenizou as formandas e os formandos, e enalteceu a contribui\u00e7\u00e3o das fam\u00edlias para oferecer a cada concluinte a orienta\u00e7\u00e3o, o amor e o apoio durante a gradua\u00e7\u00e3o. A reitora evidenciou tamb\u00e9m o trabalho de docentes, t\u00e9cnicas e t\u00e9cnicos-administrativos, para formar pessoas que, segundo ela, seriam mais que profissionais, seriam l\u00edderes com disposi\u00e7\u00e3o para contribuir com um mundo mais justo.<\/p>\n<p>\u201cDestacamos a import\u00e2ncia da nossa institui\u00e7\u00e3o que \u00e9 p\u00fablica, gratuita e que desempenha um papel fundamental na promo\u00e7\u00e3o do conhecimento, na pesquisa e inclus\u00e3o social, buscando formar n\u00e3o s\u00f3 excelentes profissionais mas, cidad\u00e3os e cidad\u00e3s com consci\u00eancia do seu papel na sociedade na busca por um futuro melhor, mais \u00e9tico e mais sustent\u00e1vel. Que voc\u00eas honrem sempre a nossa UEPB. Levem consigo os valores que cultivamos aqui: o respeito, a solidariedade e o compromisso de um mundo melhor\u201d, declara a reitora.<\/p>\n<p>Conduzida pelas formandas Nat\u00e1lia Mariano da Costa (Arquivologia); Dayana Almeida de Souza (Bacharelado em Ci\u00eancias Biol\u00f3gicas); Scarlet Ferreira de Lima (licenciatura em Ci\u00eancias Biol\u00f3gicas) e Virginia Santos da Silva (Rela\u00e7\u00f5es Internacionais), a professora do curso de Ci\u00eancias Biol\u00f3gicas do C\u00e2mpus V, Nyedja Fialho, paraninfa das turmas concluintes, participou da solenidade com um discurso emocionado. Egressa da gradua\u00e7\u00e3o em Ci\u00eancias Biol\u00f3gicas do C\u00e2mpus I da UEPB a docente evidenciou o crescimento e amadurecimento de cada discente e, por meio da m\u00fasica &#8211; ao apresentar a can\u00e7\u00e3o mais uma vez de Renato Russo &#8211; destacou o valor do sonho e da cren\u00e7a no pr\u00f3prio potencial.<\/p>\n<p>\u201cAo sa\u00edrem daqui hoje, levem convosco n\u00e3o s\u00f3 t\u00edtulo de gradua\u00e7\u00e3o, mas a confian\u00e7a de quem passou por provas de conhecimento e experi\u00eancia. Voc\u00eas est\u00e3o preparados para enfrentar o mundo, com a coragem e a certeza de que podem fazer a diferen\u00e7a. Lembrem-se: o sucesso n\u00e3o \u00e9 medido apenas pelo que conquistamos, mas pelo impacto que causamos na vida dos outros. Sejam \u00e9ticos, compassivos e determinados. Busquem sempre aprender, pois o conhecimento \u00e9 um rio que nunca seca. Concluintes, o mundo \u00e9 agora seu palco. Voem alto! Mas nunca percam sua verdadeira ess\u00eancia! Nunca se esque\u00e7am quem s\u00e3o voc\u00eas e de onde voc\u00eas sa\u00edram! Brilhem intensamente, inspirem outras pessoas e nunca parem de sonhar\u201d, declarou a paraninfa.<br \/>\nEm um discurso cujo fio condutor foi a tem\u00e1tica das transforma\u00e7\u00f5es, a oradora das turmas concluintes, formanda do curso de bacharelado em Ci\u00eancias Biol\u00f3gicas, Ellen Cristina Silva, trouxe ensinamentos de Clarice Lispector e Paulo Freire para celebrar as conquistas, agradecer, enaltecer a constru\u00e7\u00e3o coletiva que os permite amadurecer.<\/p>\n<p>Hoje, n\u00e3o estamos apenas celebrando uma formatura, mas, acima de tudo, uma jornada de transforma\u00e7\u00e3o. Uma jornada que n\u00e3o pode ser resumida a livros lidos ou provas passadas, mas que se reflete em cada um de n\u00f3s, na maneira como nos tornamos pessoas mais plenas, mais conscientes e mais preparadas para os desafios do futuro. Chegamos at\u00e9 aqui porque, mais do que adquirir conhecimento, aprendemos a mudar, a nos encontrar, a aprender uns com os outros. (&#8230;) Em um mundo que muda constantemente, no qual as profiss\u00f5es do amanh\u00e3 ainda n\u00e3o foram inventadas, os professores t\u00eam o papel essencial de formar n\u00e3o apenas profissionais, mas cidad\u00e3os cr\u00edticos, emp\u00e1ticos e capazes de fazer a diferen\u00e7a\u201d, avalia a formanda.<\/p>\n<p>A pr\u00f3-reitora de Gradua\u00e7\u00e3o, professora Vagda Rocha, lembrou que no ato de Cola\u00e7\u00e3o Grau do per\u00edodo 2024.2 a UEPB disponibiliza \u00e0 sociedade profissionais comprometidos com o desenvolvimento do Estado. A docente ainda apresentou preocupa\u00e7\u00f5es globais como as guerras, viol\u00eancia, inseguran\u00e7a e o papel de cada profissional no enfrentamento a esses desafios do mundo contempor\u00e2neo.<\/p>\n<p>\u201cVivemos neste momento um avan\u00e7o no conhecimento que n\u00e3o significa melhorar nossas condi\u00e7\u00f5es de vida. Embora tenhamos avan\u00e7ado muito nos \u00faltimos anos, com tecnologias aplicadas para as \u00e1reas de sa\u00fade, vacina\u00e7\u00e3o, pavimenta\u00e7\u00e3o, transporte, trabalhos dom\u00e9sticos, mas, urge que usemos esses recursos tecnol\u00f3gicos para beneficiar a ra\u00e7a humana\u201d, aconselha a pr\u00f3-reitora.<\/p>\n<p>O diretor do CCBSA, professor Cleber Salimon, lembrou que a solenidade de Cola\u00e7\u00e3o de Grau do per\u00edodo letivo 2024.2 seria sua \u00faltima participa\u00e7\u00e3o neste evento enquanto diretor, visto que o mesmo encontra-se no fim do seu mandato como gestor do C\u00e2mpus V. O docente tamb\u00e9m apresentou reflex\u00f5es a respeito de tem\u00e1ticas como o uso desenfreado da IA e as mudan\u00e7as clim\u00e1ticas enfrentadas pela sociedade.<\/p>\n<p>\u201cAo finalizar essa etapa na vida de voc\u00eas eu gostaria falar um pouco sobre futuro. E para vislumbrar o futuro a gente tem que estar atento ao presente. Atentem-se ao presente e percebam o mundo ao redor de voc\u00eas. Nesse sentido, estejam abertos \u00e0s oportunidades que surgirem, n\u00e3o concedam o trabalho intelectual de voc\u00eas para a Intelig\u00eancia Artificial, n\u00e3o cedam \u00e0 procrastina\u00e7\u00e3o das redes sociais, acompanhem esse momento que estamos vivendo de mudan\u00e7as clim\u00e1ticas. Na profiss\u00e3o de voc\u00eas \u00e9 importante ter vis\u00e3o mais ampla do mundo ao redor\u201d, recomenda o diretor.<\/p>\n<p><strong>Grau acad\u00eamico<\/strong><\/p>\n<p>Colaram grau representando os demais concluintes: Saulo de Tarso Gomes (Arquivologia. Gabriela Gomes dos Santos (Bacharelado em Ci\u00eancias Biol\u00f3gicas), Thalia Andrade Silva (Licenciatura em Ci\u00eancias Biol\u00f3gicas), Kamilla Gutieres Sonehora (Bacharelado em Rela\u00e7\u00f5es Internacionais) e Sebasti\u00e3o Luiz Mesquita (Licenciatura em Geografia). O concluinte de rela\u00e7\u00f5es internacionais Murilo Arag\u00e3o foi o juramentista.<\/p>\n<p>Tamb\u00e9m participaram da solenidade a vice-reitora Ivonildes Fonseca; o coordenador do curso de Arquivologia, professor Rams\u00e9s Nunes; a coordenadora do bacharelado e da licenciatura em Ci\u00eancias Biol\u00f3gicas, professora Brigida Lucena; o coordenador-adjunto da gradua\u00e7\u00e3o em Rela\u00e7\u00f5es Internacionais, professor Filipe Reis; a coordenadora do Polo EAD do C\u00e2mpus V, Maria Suely Mesquita e a pro-reitora de planejamento da UEPB, Pollyana Xavier.<\/p>\n<p><strong>Texto:<\/strong> <em>Juliana Marques<\/em><\/p>\n<p><strong>Fotos:<\/strong> <em>Paizinha Lemos e Juliana Marques<\/em><\/p>\n","protected":false},"excerpt":{"rendered":"<p>Transforma\u00e7\u00e3o, empatia, coragem, sonhos, foram alguns dos termos utilizados nos discursos que marcaram a cerim\u00f4nia de Cola\u00e7\u00e3o de Grau do per\u00edodo 2024.2 do Centro de Ci\u00eancias Biol\u00f3gicas e Sociais Aplicadas (CCBSA) da Universidade Estadual da Para\u00edba (UEPB). A solenidade, realizada nesta quarta-feira (18), no audit\u00f3rio do Centro de Forma\u00e7\u00e3o de Professores do Governo do Estado <a class=\"leiamais\" href=\"https:\/\/centros.uepb.edu.br\/ccbsa\/solenidade-de-colacao-de-grau-do-semestre-2024-2-do-ccbsa-marca-a-formatura-de-60-novos-profissionais\/\">Leia Mais&#8230;<\/a><\/p>\n","protected":false},"author":8,"featured_media":11427,"comment_status":"closed","ping_status":"closed","sticky":false,"template":"","format":"standard","meta":{"footnotes":""},"categories":[3,11],"tags":[],"class_list":["post-11422","post","type-post","status-publish","format-standard","has-post-thumbnail","hentry","category-noticias","category-noticias-destaque-img"],"jetpack_featured_media_url":"https:\/\/centros.uepb.edu.br\/ccbsa\/files\/2024\/12\/unnamed-6.png","_links":{"self":[{"href":"https:\/\/centros.uepb.edu.br\/ccbsa\/wp-json\/wp\/v2\/posts\/11422","targetHints":{"allow":["GET"]}}],"collection":[{"href":"https:\/\/centros.uepb.edu.br\/ccbsa\/wp-json\/wp\/v2\/posts"}],"about":[{"href":"https:\/\/centros.uepb.edu.br\/ccbsa\/wp-json\/wp\/v2\/types\/post"}],"author":[{"embeddable":true,"href":"https:\/\/centros.uepb.edu.br\/ccbsa\/wp-json\/wp\/v2\/users\/8"}],"replies":[{"embeddable":true,"href":"https:\/\/centros.uepb.edu.br\/ccbsa\/wp-json\/wp\/v2\/comments?post=11422"}],"version-history":[{"count":0,"href":"https:\/\/centros.uepb.edu.br\/ccbsa\/wp-json\/wp\/v2\/posts\/11422\/revisions"}],"wp:featuredmedia":[{"embeddable":true,"href":"https:\/\/centros.uepb.edu.br\/ccbsa\/wp-json\/wp\/v2\/media\/11427"}],"wp:attachment":[{"href":"https:\/\/centros.uepb.edu.br\/ccbsa\/wp-json\/wp\/v2\/media?parent=11422"}],"wp:term":[{"taxonomy":"category","embeddable":true,"href":"https:\/\/centros.uepb.edu.br\/ccbsa\/wp-json\/wp\/v2\/categories?post=11422"},{"taxonomy":"post_tag","embeddable":true,"href":"https:\/\/centros.uepb.edu.br\/ccbsa\/wp-json\/wp\/v2\/tags?post=11422"}],"curies":[{"name":"wp","href":"https:\/\/api.w.org\/{rel}","templated":true}]}}