{"id":11405,"date":"2024-12-12T13:02:18","date_gmt":"2024-12-12T13:02:18","guid":{"rendered":"https:\/\/centros.uepb.edu.br\/ccbsa\/?p=11405"},"modified":"2024-12-12T13:27:28","modified_gmt":"2024-12-12T13:27:28","slug":"ppgdarq-promove-seminario-de-planejamento-estrategico-e-recebe-visita-de-coordenador-de-area-da-capes","status":"publish","type":"post","link":"https:\/\/centros.uepb.edu.br\/ccbsa\/ppgdarq-promove-seminario-de-planejamento-estrategico-e-recebe-visita-de-coordenador-de-area-da-capes\/","title":{"rendered":"PPGDARQ promove Semin\u00e1rio de Planejamento Estrat\u00e9gico e recebe visita de coordenador de \u00e1rea da Capes"},"content":{"rendered":"\n\t\t<style type=\"text\/css\">\n\t\t\t#gallery-1 {\n\t\t\t\tmargin: auto;\n\t\t\t}\n\t\t\t#gallery-1 .gallery-item {\n\t\t\t\tfloat: left;\n\t\t\t\tmargin-top: 10px;\n\t\t\t\ttext-align: center;\n\t\t\t\twidth: 33%;\n\t\t\t}\n\t\t\t#gallery-1 img {\n\t\t\t\tborder: 2px solid #cfcfcf;\n\t\t\t}\n\t\t\t#gallery-1 .gallery-caption {\n\t\t\t\tmargin-left: 0;\n\t\t\t}\n\t\t\t\/* see gallery_shortcode() in wp-includes\/media.php *\/\n\t\t<\/style>\n\t\t<div id='gallery-1' class='gallery galleryid-11405 gallery-columns-3 gallery-size-full'><dl class='gallery-item'>\n\t\t\t<dt class='gallery-icon landscape'>\n\t\t\t\t<a href='https:\/\/centros.uepb.edu.br\/ccbsa\/files\/2024\/12\/WhatsApp-Image-2024-12-10-at-10.18.22.png'><img loading=\"lazy\" decoding=\"async\" width=\"1200\" height=\"680\" src=\"https:\/\/centros.uepb.edu.br\/ccbsa\/files\/2024\/12\/WhatsApp-Image-2024-12-10-at-10.18.22.png\" class=\"attachment-full size-full\" alt=\"\" srcset=\"https:\/\/centros.uepb.edu.br\/ccbsa\/files\/2024\/12\/WhatsApp-Image-2024-12-10-at-10.18.22.png 1200w, https:\/\/centros.uepb.edu.br\/ccbsa\/files\/2024\/12\/WhatsApp-Image-2024-12-10-at-10.18.22-300x170.png 300w, https:\/\/centros.uepb.edu.br\/ccbsa\/files\/2024\/12\/WhatsApp-Image-2024-12-10-at-10.18.22-1120x635.png 1120w\" sizes=\"auto, (max-width: 1200px) 100vw, 1200px\" \/><\/a>\n\t\t\t<\/dt><\/dl><dl class='gallery-item'>\n\t\t\t<dt class='gallery-icon landscape'>\n\t\t\t\t<a href='https:\/\/centros.uepb.edu.br\/ccbsa\/files\/2024\/12\/WhatsApp-Image-2024-12-12-at-10.22.40.png'><img loading=\"lazy\" decoding=\"async\" width=\"1200\" height=\"680\" src=\"https:\/\/centros.uepb.edu.br\/ccbsa\/files\/2024\/12\/WhatsApp-Image-2024-12-12-at-10.22.40.png\" class=\"attachment-full size-full\" alt=\"\" srcset=\"https:\/\/centros.uepb.edu.br\/ccbsa\/files\/2024\/12\/WhatsApp-Image-2024-12-12-at-10.22.40.png 1200w, https:\/\/centros.uepb.edu.br\/ccbsa\/files\/2024\/12\/WhatsApp-Image-2024-12-12-at-10.22.40-300x170.png 300w, https:\/\/centros.uepb.edu.br\/ccbsa\/files\/2024\/12\/WhatsApp-Image-2024-12-12-at-10.22.40-1120x635.png 1120w\" sizes=\"auto, (max-width: 1200px) 100vw, 1200px\" \/><\/a>\n\t\t\t<\/dt><\/dl>\n\t\t\t<br style='clear: both' \/>\n\t\t<\/div>\n\n<p>O Programa de P\u00f3s-gradua\u00e7\u00e3o em Gest\u00e3o de Documentos e Governan\u00e7a Arquiv\u00edstica (PPGDARQ), oferecido de forma associativa entre a Universidade Estadual da Para\u00edba (UEPB) e a Universidade Federal da Para\u00edba (UFPB) realizou, nos dias 5 e 6 de dezembro, o Semin\u00e1rio de Planejamento Estrat\u00e9gico.<\/p>\n<p>O primeiro dia de evento contou com palestras \u201cA modalidade profissional da \u00e1rea de comunica\u00e7\u00e3o, informa\u00e7\u00e3o e museologia\u201d, ministrada pelo Coordenador dos Programas Profissionais da \u00e1rea de Comunica\u00e7\u00e3o, Informa\u00e7\u00e3o e Museologia na Coordena\u00e7\u00e3o de Aperfei\u00e7oamento de Pessoal de N\u00edvel Superior (CAPES), professor Eliezer Pires da Silva; e \u201cPr\u00e1tica de implementa\u00e7\u00e3o associada em um PPG: um case de sucesso\u201d, que teve como ministrante o professor da UFPB, Giorvan Alves. Essas atividades foram realizadas no audit\u00f3rio 211, do Centro de Ci\u00eancias Sociais Aplicadas (CCSA) da Universidade Federal da Para\u00edba (UFPB), em Jo\u00e3o Pessoa.<\/p>\n<p>Tamb\u00e9m foram realizadas visitas t\u00e9cnicas do professor Eliezer Pires ao Bloco de P\u00f3s-Gradua\u00e7\u00e3o da UFPB e do C\u00e2mpus V da UEPB, seguida de reuni\u00e3o com o corpo docente do PPGDARQ. Na oportunidade, o docente conheceu os laborat\u00f3rios, ambientes administrativos e salas de aula utilizados pelo referido Programa.<\/p>\n<p>De acordo com a coordenadora do PPGDARQ, professora Eliete Santos, o Evento buscou promover a troca de conhecimentos enfatizando quest\u00f5es como a necessidade de organiza\u00e7\u00e3o para a elabora\u00e7\u00e3o e submiss\u00e3o dos relat\u00f3rios na plataforma Sucupira. Al\u00e9m disso, foram realizadas visitas t\u00e9cnicas na UFPB e UEPB, assim como reuni\u00f5es com os corpos docentes dessas institui\u00e7\u00f5es, promovendo a integra\u00e7\u00e3o acad\u00eamica e alinhando os objetivos estrat\u00e9gicos das duas universidades. &#8220;A atividade contribuiu para o aprimoramento das estrat\u00e9gias acad\u00eamicas na \u00e1rea, visando um fortalecimento cont\u00ednuo da qualidade do PPGDARQ\u201d, avalia.<\/p>\n<p>Para a coordenadora adjunta do PPGDARQ, professora Meriane Vieira, essas atividades s\u00e3o relevantes para fortalecer o planejamento estrat\u00e9gico do programa e promover a integra\u00e7\u00e3o acad\u00eamica, em alinhamento com os objetivos das duas institui\u00e7\u00f5es. O professor Eliezer evidencia que a vinda \u00e0 Para\u00edba foi uma oportunidade valiosa de conhecer o potencial do PPGDARQ e contribuir com o avan\u00e7o da Arquivologia Brasileira, especialmente na forma\u00e7\u00e3o de recursos humanos de excel\u00eancia e na produ\u00e7\u00e3o de pesquisas de alto impacto.<\/p>\n<p>\u201cDestaco a qualidade da infraestrutura f\u00edsica, al\u00e9m da mobiliza\u00e7\u00e3o dos docentes e a relevante demanda atendida pelo Programa. Atualmente, Para\u00edba e Rio de Janeiro compartilham um papel de lideran\u00e7a e protagonismo para a pesquisa em Arquivologia no pa\u00eds, consolidando a import\u00e2ncia estrat\u00e9gica dessas regi\u00f5es no fortalecimento da \u00e1rea\u201d, declara Eliezer.<\/p>\n<p>Idealizado desde 2014, o PPGDARQ foi aprovado em 2023 com a miss\u00e3o de gerar e difundir conhecimentos de governan\u00e7a e gest\u00e3o arquiv\u00edstica por meio do ensino, da pesquisa e da inova\u00e7\u00e3o cont\u00ednua para contribuir com o desenvolvimento sustent\u00e1vel, educacional e sociocultural do Pa\u00eds, particularmente no Estado da Para\u00edba ao formar cidad\u00e3os \u00e9ticos para o exerc\u00edcio da profiss\u00e3o. Atuando de forma associativa entre UEPB e UFPB, o programa conta com duas linhas de pesquisa: \u201cArquivologia e suas dimens\u00f5es interdisciplinares\u201d e \u201cSaberes e Fazeres Arquiv\u00edsticos para a Governan\u00e7a\u201d.<\/p>\n<p>Texto: Juliana Marques.<\/p>\n","protected":false},"excerpt":{"rendered":"<p>O Programa de P\u00f3s-gradua\u00e7\u00e3o em Gest\u00e3o de Documentos e Governan\u00e7a Arquiv\u00edstica (PPGDARQ), oferecido de forma associativa entre a Universidade Estadual da Para\u00edba (UEPB) e a Universidade Federal da Para\u00edba (UFPB) realizou, nos dias 5 e 6 de dezembro, o Semin\u00e1rio de Planejamento Estrat\u00e9gico. O primeiro dia de evento contou com palestras \u201cA modalidade profissional da <a class=\"leiamais\" href=\"https:\/\/centros.uepb.edu.br\/ccbsa\/ppgdarq-promove-seminario-de-planejamento-estrategico-e-recebe-visita-de-coordenador-de-area-da-capes\/\">Leia Mais&#8230;<\/a><\/p>\n","protected":false},"author":8,"featured_media":11407,"comment_status":"closed","ping_status":"closed","sticky":false,"template":"","format":"standard","meta":{"footnotes":""},"categories":[3,11],"tags":[],"class_list":["post-11405","post","type-post","status-publish","format-standard","has-post-thumbnail","hentry","category-noticias","category-noticias-destaque-img"],"jetpack_featured_media_url":"https:\/\/centros.uepb.edu.br\/ccbsa\/files\/2024\/12\/WhatsApp-Image-2024-12-10-at-10.18.22.png","_links":{"self":[{"href":"https:\/\/centros.uepb.edu.br\/ccbsa\/wp-json\/wp\/v2\/posts\/11405","targetHints":{"allow":["GET"]}}],"collection":[{"href":"https:\/\/centros.uepb.edu.br\/ccbsa\/wp-json\/wp\/v2\/posts"}],"about":[{"href":"https:\/\/centros.uepb.edu.br\/ccbsa\/wp-json\/wp\/v2\/types\/post"}],"author":[{"embeddable":true,"href":"https:\/\/centros.uepb.edu.br\/ccbsa\/wp-json\/wp\/v2\/users\/8"}],"replies":[{"embeddable":true,"href":"https:\/\/centros.uepb.edu.br\/ccbsa\/wp-json\/wp\/v2\/comments?post=11405"}],"version-history":[{"count":0,"href":"https:\/\/centros.uepb.edu.br\/ccbsa\/wp-json\/wp\/v2\/posts\/11405\/revisions"}],"wp:featuredmedia":[{"embeddable":true,"href":"https:\/\/centros.uepb.edu.br\/ccbsa\/wp-json\/wp\/v2\/media\/11407"}],"wp:attachment":[{"href":"https:\/\/centros.uepb.edu.br\/ccbsa\/wp-json\/wp\/v2\/media?parent=11405"}],"wp:term":[{"taxonomy":"category","embeddable":true,"href":"https:\/\/centros.uepb.edu.br\/ccbsa\/wp-json\/wp\/v2\/categories?post=11405"},{"taxonomy":"post_tag","embeddable":true,"href":"https:\/\/centros.uepb.edu.br\/ccbsa\/wp-json\/wp\/v2\/tags?post=11405"}],"curies":[{"name":"wp","href":"https:\/\/api.w.org\/{rel}","templated":true}]}}