{"id":11376,"date":"2024-11-21T12:32:03","date_gmt":"2024-11-21T12:32:03","guid":{"rendered":"https:\/\/centros.uepb.edu.br\/ccbsa\/?p=11376"},"modified":"2024-11-21T12:32:03","modified_gmt":"2024-11-21T12:32:03","slug":"mestrado-em-gestao-de-documentos-e-governanca-arquivistica-promove-forum-de-pesquisa-com-discentes-do-curso","status":"publish","type":"post","link":"https:\/\/centros.uepb.edu.br\/ccbsa\/mestrado-em-gestao-de-documentos-e-governanca-arquivistica-promove-forum-de-pesquisa-com-discentes-do-curso\/","title":{"rendered":"Mestrado em Gest\u00e3o de Documentos e Governan\u00e7a Arquiv\u00edstica promove F\u00f3rum de Pesquisa com discentes do curso"},"content":{"rendered":"<p><a href=\"https:\/\/centros.uepb.edu.br\/ccbsa\/files\/2024\/11\/WhatsApp-Image-2024-11-21-at-09.22.54.jpeg\"><img loading=\"lazy\" decoding=\"async\" class=\"aligncenter size-full wp-image-11377 img-responsive\" src=\"https:\/\/centros.uepb.edu.br\/ccbsa\/files\/2024\/11\/WhatsApp-Image-2024-11-21-at-09.22.54.jpeg\" alt=\"\" width=\"1200\" height=\"680\" srcset=\"https:\/\/centros.uepb.edu.br\/ccbsa\/files\/2024\/11\/WhatsApp-Image-2024-11-21-at-09.22.54.jpeg 1200w, https:\/\/centros.uepb.edu.br\/ccbsa\/files\/2024\/11\/WhatsApp-Image-2024-11-21-at-09.22.54-300x170.jpeg 300w, https:\/\/centros.uepb.edu.br\/ccbsa\/files\/2024\/11\/WhatsApp-Image-2024-11-21-at-09.22.54-1120x635.jpeg 1120w\" sizes=\"auto, (max-width: 1200px) 100vw, 1200px\" \/><\/a><\/p>\n<p>Com o objetivo de avaliar a consist\u00eancia te\u00f3rico-metodol\u00f3gica dos Projetos de Pesquisa de discentes, o Programa de P\u00f3s-Gradua\u00e7\u00e3o em Gest\u00e3o de Documentos e Governan\u00e7a Arquiv\u00edstica (PPGDARQ \u2013 UEPB\/UFPB) promove, nesta quinta e sexta-feira (22), das 8h \u00e0s 20h30min, no C\u00e2mpus V da Universidade Estadual da Para\u00edba (UEPB) e no C\u00e2mpus I da Universidade Federal da Para\u00edba (UFPB), o I F\u00f3rum de Pesquisa do PPGDARQ.<\/p>\n<p>Durante o evento, est\u00e3o ocorrendo apresenta\u00e7\u00f5es das pesquisas desenvolvidas por discentes do Programa com um momento de argui\u00e7\u00e3o da banca perfazendo um total de 40 minutos para cada explana\u00e7\u00e3o.<\/p>\n<p>A abertura do evento ocorre no nesta quinta-feira, 21 de novembro, \u00e0s 19h, no audit\u00f3rio 211 do Centro de Ci\u00eancias Sociais Aplicadas da UFPB, com a palestra \u201cA pesquisa e a inova\u00e7\u00e3o no Estado da Para\u00edba\u201d, que ser\u00e1 ministrada pelo secret\u00e1rio de Estado de Ci\u00eancia, Tecnologia e Ensino Superior da Para\u00edba, professor Cl\u00e1udio Furtado. A mesa ser\u00e1 mediada pelo pr\u00f3-reitor de p\u00f3s-gradua\u00e7\u00e3o e pesquisa da UEPB, professor Francisco Jaime, e pelo professor do Departamento de Finan\u00e7as e Contabilidade da UFPB, Alu\u00edsio Souto.<\/p>\n<p>Tamb\u00e9m ir\u00e1 compor a programa\u00e7\u00e3o do Evento a mesa \u201cAbordagens antr\u00f3picas nas disciplinas de Ci\u00eancia de Informa\u00e7\u00e3o\u201d, a ser realizada nesta sexta-feira, 22 de novembro, \u00e0s 19, no audit\u00f3rio do C\u00e2mpus V da UEPB, com a participa\u00e7\u00e3o do professor do Programa de P\u00f3s-gradua\u00e7\u00e3o em Ci\u00eancia da Informa\u00e7\u00e3o da UFPE, Marcos Galindo Lima, e media\u00e7\u00e3o das professoras do PPGDARQ, Meriane Rocha e Tha\u00eds Helen Santos.<\/p>\n<p>Al\u00e9m de discentes do PPGDARQ, demais pessoas interessadas podem participar das atividades como ouvintes, sendo necess\u00e1ria a efetiva\u00e7\u00e3o de inscri\u00e7\u00f5es pr\u00e9vias via formul\u00e1rio eletr\u00f4nico: https:\/\/forms.gle\/856ExpYN1jd7trMF7. Para consulta a programa\u00e7\u00e3o do encontro, clique aqui.<\/p>\n<p><strong>Texto:<\/strong><em> Juliana Marques.<\/em><\/p>\n","protected":false},"excerpt":{"rendered":"<p>Com o objetivo de avaliar a consist\u00eancia te\u00f3rico-metodol\u00f3gica dos Projetos de Pesquisa de discentes, o Programa de P\u00f3s-Gradua\u00e7\u00e3o em Gest\u00e3o de Documentos e Governan\u00e7a Arquiv\u00edstica (PPGDARQ \u2013 UEPB\/UFPB) promove, nesta quinta e sexta-feira (22), das 8h \u00e0s 20h30min, no C\u00e2mpus V da Universidade Estadual da Para\u00edba (UEPB) e no C\u00e2mpus I da Universidade Federal da <a class=\"leiamais\" href=\"https:\/\/centros.uepb.edu.br\/ccbsa\/mestrado-em-gestao-de-documentos-e-governanca-arquivistica-promove-forum-de-pesquisa-com-discentes-do-curso\/\">Leia Mais&#8230;<\/a><\/p>\n","protected":false},"author":8,"featured_media":11377,"comment_status":"closed","ping_status":"closed","sticky":false,"template":"","format":"standard","meta":{"footnotes":""},"categories":[3,11],"tags":[],"class_list":["post-11376","post","type-post","status-publish","format-standard","has-post-thumbnail","hentry","category-noticias","category-noticias-destaque-img"],"jetpack_featured_media_url":"https:\/\/centros.uepb.edu.br\/ccbsa\/files\/2024\/11\/WhatsApp-Image-2024-11-21-at-09.22.54.jpeg","_links":{"self":[{"href":"https:\/\/centros.uepb.edu.br\/ccbsa\/wp-json\/wp\/v2\/posts\/11376","targetHints":{"allow":["GET"]}}],"collection":[{"href":"https:\/\/centros.uepb.edu.br\/ccbsa\/wp-json\/wp\/v2\/posts"}],"about":[{"href":"https:\/\/centros.uepb.edu.br\/ccbsa\/wp-json\/wp\/v2\/types\/post"}],"author":[{"embeddable":true,"href":"https:\/\/centros.uepb.edu.br\/ccbsa\/wp-json\/wp\/v2\/users\/8"}],"replies":[{"embeddable":true,"href":"https:\/\/centros.uepb.edu.br\/ccbsa\/wp-json\/wp\/v2\/comments?post=11376"}],"version-history":[{"count":0,"href":"https:\/\/centros.uepb.edu.br\/ccbsa\/wp-json\/wp\/v2\/posts\/11376\/revisions"}],"wp:featuredmedia":[{"embeddable":true,"href":"https:\/\/centros.uepb.edu.br\/ccbsa\/wp-json\/wp\/v2\/media\/11377"}],"wp:attachment":[{"href":"https:\/\/centros.uepb.edu.br\/ccbsa\/wp-json\/wp\/v2\/media?parent=11376"}],"wp:term":[{"taxonomy":"category","embeddable":true,"href":"https:\/\/centros.uepb.edu.br\/ccbsa\/wp-json\/wp\/v2\/categories?post=11376"},{"taxonomy":"post_tag","embeddable":true,"href":"https:\/\/centros.uepb.edu.br\/ccbsa\/wp-json\/wp\/v2\/tags?post=11376"}],"curies":[{"name":"wp","href":"https:\/\/api.w.org\/{rel}","templated":true}]}}