{"id":11364,"date":"2024-11-11T13:19:50","date_gmt":"2024-11-11T13:19:50","guid":{"rendered":"https:\/\/centros.uepb.edu.br\/ccbsa\/?p=11364"},"modified":"2024-11-11T13:19:50","modified_gmt":"2024-11-11T13:19:50","slug":"congresso-universitario-e-realizado-no-campus-v-com-diversas-atividades-voltadas-a-comunidade-universitaria-e-de-escolas-do-entorno","status":"publish","type":"post","link":"https:\/\/centros.uepb.edu.br\/ccbsa\/congresso-universitario-e-realizado-no-campus-v-com-diversas-atividades-voltadas-a-comunidade-universitaria-e-de-escolas-do-entorno\/","title":{"rendered":"Congresso Universit\u00e1rio \u00e9 realizado no C\u00e2mpus V com diversas atividades voltadas \u00e0 comunidade universit\u00e1ria e de escolas do entorno"},"content":{"rendered":"\n\t\t<style type=\"text\/css\">\n\t\t\t#gallery-1 {\n\t\t\t\tmargin: auto;\n\t\t\t}\n\t\t\t#gallery-1 .gallery-item {\n\t\t\t\tfloat: left;\n\t\t\t\tmargin-top: 10px;\n\t\t\t\ttext-align: center;\n\t\t\t\twidth: 33%;\n\t\t\t}\n\t\t\t#gallery-1 img {\n\t\t\t\tborder: 2px solid #cfcfcf;\n\t\t\t}\n\t\t\t#gallery-1 .gallery-caption {\n\t\t\t\tmargin-left: 0;\n\t\t\t}\n\t\t\t\/* see gallery_shortcode() in wp-includes\/media.php *\/\n\t\t<\/style>\n\t\t<div id='gallery-1' class='gallery galleryid-11364 gallery-columns-3 gallery-size-full'><dl class='gallery-item'>\n\t\t\t<dt class='gallery-icon landscape'>\n\t\t\t\t<a href='https:\/\/centros.uepb.edu.br\/ccbsa\/files\/2024\/11\/IMG_2674ok.png'><img loading=\"lazy\" decoding=\"async\" width=\"1200\" height=\"680\" src=\"https:\/\/centros.uepb.edu.br\/ccbsa\/files\/2024\/11\/IMG_2674ok.png\" class=\"attachment-full size-full\" alt=\"\" srcset=\"https:\/\/centros.uepb.edu.br\/ccbsa\/files\/2024\/11\/IMG_2674ok.png 1200w, https:\/\/centros.uepb.edu.br\/ccbsa\/files\/2024\/11\/IMG_2674ok-300x170.png 300w, https:\/\/centros.uepb.edu.br\/ccbsa\/files\/2024\/11\/IMG_2674ok-1120x635.png 1120w\" sizes=\"auto, (max-width: 1200px) 100vw, 1200px\" \/><\/a>\n\t\t\t<\/dt><\/dl><dl class='gallery-item'>\n\t\t\t<dt class='gallery-icon landscape'>\n\t\t\t\t<a href='https:\/\/centros.uepb.edu.br\/ccbsa\/files\/2024\/11\/IMG_2661ok.png'><img loading=\"lazy\" decoding=\"async\" width=\"1200\" height=\"680\" src=\"https:\/\/centros.uepb.edu.br\/ccbsa\/files\/2024\/11\/IMG_2661ok.png\" class=\"attachment-full size-full\" alt=\"\" srcset=\"https:\/\/centros.uepb.edu.br\/ccbsa\/files\/2024\/11\/IMG_2661ok.png 1200w, https:\/\/centros.uepb.edu.br\/ccbsa\/files\/2024\/11\/IMG_2661ok-300x170.png 300w, https:\/\/centros.uepb.edu.br\/ccbsa\/files\/2024\/11\/IMG_2661ok-1120x635.png 1120w\" sizes=\"auto, (max-width: 1200px) 100vw, 1200px\" \/><\/a>\n\t\t\t<\/dt><\/dl><dl class='gallery-item'>\n\t\t\t<dt class='gallery-icon landscape'>\n\t\t\t\t<a href='https:\/\/centros.uepb.edu.br\/ccbsa\/files\/2024\/11\/IMG_2740OK.png'><img loading=\"lazy\" decoding=\"async\" width=\"1200\" height=\"680\" src=\"https:\/\/centros.uepb.edu.br\/ccbsa\/files\/2024\/11\/IMG_2740OK.png\" class=\"attachment-full size-full\" alt=\"\" srcset=\"https:\/\/centros.uepb.edu.br\/ccbsa\/files\/2024\/11\/IMG_2740OK.png 1200w, https:\/\/centros.uepb.edu.br\/ccbsa\/files\/2024\/11\/IMG_2740OK-300x170.png 300w, https:\/\/centros.uepb.edu.br\/ccbsa\/files\/2024\/11\/IMG_2740OK-1120x635.png 1120w\" sizes=\"auto, (max-width: 1200px) 100vw, 1200px\" \/><\/a>\n\t\t\t<\/dt><\/dl><br style=\"clear: both\" \/><dl class='gallery-item'>\n\t\t\t<dt class='gallery-icon landscape'>\n\t\t\t\t<a href='https:\/\/centros.uepb.edu.br\/ccbsa\/files\/2024\/11\/IMG_2680OK.png'><img loading=\"lazy\" decoding=\"async\" width=\"1200\" height=\"680\" src=\"https:\/\/centros.uepb.edu.br\/ccbsa\/files\/2024\/11\/IMG_2680OK.png\" class=\"attachment-full size-full\" alt=\"\" srcset=\"https:\/\/centros.uepb.edu.br\/ccbsa\/files\/2024\/11\/IMG_2680OK.png 1200w, https:\/\/centros.uepb.edu.br\/ccbsa\/files\/2024\/11\/IMG_2680OK-300x170.png 300w, https:\/\/centros.uepb.edu.br\/ccbsa\/files\/2024\/11\/IMG_2680OK-1120x635.png 1120w\" sizes=\"auto, (max-width: 1200px) 100vw, 1200px\" \/><\/a>\n\t\t\t<\/dt><\/dl><dl class='gallery-item'>\n\t\t\t<dt class='gallery-icon landscape'>\n\t\t\t\t<a href='https:\/\/centros.uepb.edu.br\/ccbsa\/files\/2024\/11\/IMG_2716ok.png'><img loading=\"lazy\" decoding=\"async\" width=\"1200\" height=\"680\" src=\"https:\/\/centros.uepb.edu.br\/ccbsa\/files\/2024\/11\/IMG_2716ok.png\" class=\"attachment-full size-full\" alt=\"\" srcset=\"https:\/\/centros.uepb.edu.br\/ccbsa\/files\/2024\/11\/IMG_2716ok.png 1200w, https:\/\/centros.uepb.edu.br\/ccbsa\/files\/2024\/11\/IMG_2716ok-300x170.png 300w, https:\/\/centros.uepb.edu.br\/ccbsa\/files\/2024\/11\/IMG_2716ok-1120x635.png 1120w\" sizes=\"auto, (max-width: 1200px) 100vw, 1200px\" \/><\/a>\n\t\t\t<\/dt><\/dl><dl class='gallery-item'>\n\t\t\t<dt class='gallery-icon landscape'>\n\t\t\t\t<a href='https:\/\/centros.uepb.edu.br\/ccbsa\/files\/2024\/11\/IMG_2722ok.png'><img loading=\"lazy\" decoding=\"async\" width=\"1200\" height=\"680\" src=\"https:\/\/centros.uepb.edu.br\/ccbsa\/files\/2024\/11\/IMG_2722ok.png\" class=\"attachment-full size-full\" alt=\"\" srcset=\"https:\/\/centros.uepb.edu.br\/ccbsa\/files\/2024\/11\/IMG_2722ok.png 1200w, https:\/\/centros.uepb.edu.br\/ccbsa\/files\/2024\/11\/IMG_2722ok-300x170.png 300w, https:\/\/centros.uepb.edu.br\/ccbsa\/files\/2024\/11\/IMG_2722ok-1120x635.png 1120w\" sizes=\"auto, (max-width: 1200px) 100vw, 1200px\" \/><\/a>\n\t\t\t<\/dt><\/dl><br style=\"clear: both\" \/><dl class='gallery-item'>\n\t\t\t<dt class='gallery-icon landscape'>\n\t\t\t\t<a href='https:\/\/centros.uepb.edu.br\/ccbsa\/files\/2024\/11\/IMG_2752ok.png'><img loading=\"lazy\" decoding=\"async\" width=\"1200\" height=\"680\" src=\"https:\/\/centros.uepb.edu.br\/ccbsa\/files\/2024\/11\/IMG_2752ok.png\" class=\"attachment-full size-full\" alt=\"\" srcset=\"https:\/\/centros.uepb.edu.br\/ccbsa\/files\/2024\/11\/IMG_2752ok.png 1200w, https:\/\/centros.uepb.edu.br\/ccbsa\/files\/2024\/11\/IMG_2752ok-300x170.png 300w, https:\/\/centros.uepb.edu.br\/ccbsa\/files\/2024\/11\/IMG_2752ok-1120x635.png 1120w\" sizes=\"auto, (max-width: 1200px) 100vw, 1200px\" \/><\/a>\n\t\t\t<\/dt><\/dl>\n\t\t\t<br style='clear: both' \/>\n\t\t<\/div>\n\n<p>Com a tem\u00e1tica \u201cInova\u00e7\u00e3o e Transforma\u00e7\u00e3o: a agenda 2030\u201d, o 4\u00ba Congresso Universit\u00e1rio da Universidade Estadual da Para\u00edba (UEPB) foi realizado, de 6 a 8 de novembro, no C\u00e2mpus V da UEPB, com uma vasta programa\u00e7\u00e3o de atividades cient\u00edficas e culturais voltadas \u00e0 comunidade acad\u00eamica e p\u00fablico de escolas localizadas no entorno ao Centro de Ci\u00eancias Biol\u00f3gicas e Sociais Aplicadas (CCBSA).<\/p>\n<p>O primeiro dia de evento contou com a Feira das Profiss\u00f5es, realizada no hall do bloco de salas de aula do CCBSA, com stands dos cursos de gradua\u00e7\u00e3o em Arquivologia, Ci\u00eancias Biol\u00f3gicas (licenciatura e bacharelado), Rela\u00e7\u00f5es Internacionais, e dos tecn\u00f3logos de Ci\u00eancia de Dados e An\u00e1lise de Desenvolvimento de Sistemas (ADS), vinculados ao Projeto Limite do Vis\u00edvel.<\/p>\n<p>Para a estudante do 3\u00ba per\u00edodo de ADS, Geovana Andrade, egressa da rede p\u00fablica estadual, que apresentava o Curso para os estudantes de escolas que visitaram a Feira, integrar o Congresso da UEPB e poder demonstrar para quem visitava o local as possibilidades de crescimento e as oportunidades na \u00e1rea de Tecnologia da Informa\u00e7\u00e3o, foi gratificante.<\/p>\n<p>\u201cO curso foi uma grande oportunidade que surgiu para mim e eu espero poder passar para as pessoas que visitam a feira como pode ser uma experi\u00eancia gratificante desenvolver esses novos conhecimentos numa \u00e1rea t\u00e3o vasta. De minha parte, pretendo atuar na \u00e1rea de desenvolvimento de softwares, desenvolver c\u00f3digos, projetar, programar, criar um site do come\u00e7o ao fim. E fico muito grata de poder compartilhar essa minha viv\u00eancia com estudantes que t\u00eam curiosidade de saber como \u00e9 o curso\u201d, avalia Geovana.<\/p>\n<p>Tamb\u00e9m no primeiro dia de Congresso, nos turnos da manh\u00e3, tarde e noite, ocorreu o Festival de Artes e Participa\u00e7\u00e3o Social (FARPAS), que nessa 8\u00aa edi\u00e7\u00e3o foi promovido nos dias 5 e 6 de novembro, em concomit\u00e2ncia com o Congresso da UEPB, e contou com oficinas, rodas de conversa e apresenta\u00e7\u00f5es musicais em torno da tem\u00e1tica \u201cSer sustent\u00e1vel \u00e9 urGENTE\u201d. As atividades envolveram estudantes de escolas do bairro do Cristo e entorno, como a Escola Padre Pedro Serr\u00e3o, Liliosa Paiva Leite e Orlando Cavalcanti Gomes.<\/p>\n<p>O evento contou com a participa\u00e7\u00e3o das atra\u00e7\u00f5es culturais VexDJ, Claudinha Summer, Digzin, Margaridas em F\u00faria, Jumento Morte e Tra\u00e7a de Arquivo. Tamb\u00e9m durante o Farpas, foi realizada uma apresenta\u00e7\u00e3o do corpo coreogr\u00e1fico e grupo de teatro Kair\u00f3s, da Escola Padre Pedro Serr\u00e3o, encenando o espet\u00e1culo \u201cMinhas Marias\u201d.<\/p>\n<p>Integraram a programa\u00e7\u00e3o do Congresso, ainda, o 31\u00ba Encontro de Inicia\u00e7\u00e3o Cient\u00edfica (ENIC), que contou com apresenta\u00e7\u00e3o de pesquisas de discentes do CCBSA ocorrendo de forma presencial e remota, e a 8\u00aa edi\u00e7\u00e3o do Semin\u00e1rio de Extens\u00e3o (SEMEX), que ocorreu de forma remota com a apresenta\u00e7\u00e3o de projetos e programas de extens\u00e3o.<\/p>\n<p>Al\u00e9m disso, foram realizadas sess\u00f5es do Cineclube, caf\u00e9 liter\u00e1rio, uma exposi\u00e7\u00e3o interativa acess\u00edvel e as mostras \u201cMoradores de rua: um grito em \u2018clicks\u2019 por Visibilidade, Cidadania e Mem\u00f3ria\u201d e \u201cPap\u00e9is da vida: Arquivologia na trilha dos documentos de moradores de rua da cidade de Jo\u00e3o Pessoa&#8221;.<\/p>\n<p>Durante o Evento tamb\u00e9m ocorrem as oficinas \u201cDesinforma\u00e7\u00e3o: pensar, agir, intervir\u201d; \u201cDesvendando o mundo das plantas atrav\u00e9s da mobgrafia\u201d; \u201cEmpreendedorismo para formalizar neg\u00f3cios\u201d e \u201cIntrodu\u00e7\u00e3o \u00e0 paleografia\u201d; a palestra \u201cViv\u00eancias em foco: a cultura organizacional na arquivologia\u201d, e o ciclo de debates \u201cM\u00faltiplos olhares sobre quest\u00f5es ambientais nas rela\u00e7\u00f5es internacionais\u201d.<\/p>\n<p><strong>Texto e fotos:<\/strong> Juliana Marques<\/p>\n","protected":false},"excerpt":{"rendered":"<p>Com a tem\u00e1tica \u201cInova\u00e7\u00e3o e Transforma\u00e7\u00e3o: a agenda 2030\u201d, o 4\u00ba Congresso Universit\u00e1rio da Universidade Estadual da Para\u00edba (UEPB) foi realizado, de 6 a 8 de novembro, no C\u00e2mpus V da UEPB, com uma vasta programa\u00e7\u00e3o de atividades cient\u00edficas e culturais voltadas \u00e0 comunidade acad\u00eamica e p\u00fablico de escolas localizadas no entorno ao Centro de <a class=\"leiamais\" href=\"https:\/\/centros.uepb.edu.br\/ccbsa\/congresso-universitario-e-realizado-no-campus-v-com-diversas-atividades-voltadas-a-comunidade-universitaria-e-de-escolas-do-entorno\/\">Leia Mais&#8230;<\/a><\/p>\n","protected":false},"author":8,"featured_media":11371,"comment_status":"closed","ping_status":"closed","sticky":false,"template":"","format":"standard","meta":{"footnotes":""},"categories":[3,11],"tags":[],"class_list":["post-11364","post","type-post","status-publish","format-standard","has-post-thumbnail","hentry","category-noticias","category-noticias-destaque-img"],"jetpack_featured_media_url":"https:\/\/centros.uepb.edu.br\/ccbsa\/files\/2024\/11\/IMG_2752ok.png","_links":{"self":[{"href":"https:\/\/centros.uepb.edu.br\/ccbsa\/wp-json\/wp\/v2\/posts\/11364","targetHints":{"allow":["GET"]}}],"collection":[{"href":"https:\/\/centros.uepb.edu.br\/ccbsa\/wp-json\/wp\/v2\/posts"}],"about":[{"href":"https:\/\/centros.uepb.edu.br\/ccbsa\/wp-json\/wp\/v2\/types\/post"}],"author":[{"embeddable":true,"href":"https:\/\/centros.uepb.edu.br\/ccbsa\/wp-json\/wp\/v2\/users\/8"}],"replies":[{"embeddable":true,"href":"https:\/\/centros.uepb.edu.br\/ccbsa\/wp-json\/wp\/v2\/comments?post=11364"}],"version-history":[{"count":0,"href":"https:\/\/centros.uepb.edu.br\/ccbsa\/wp-json\/wp\/v2\/posts\/11364\/revisions"}],"wp:featuredmedia":[{"embeddable":true,"href":"https:\/\/centros.uepb.edu.br\/ccbsa\/wp-json\/wp\/v2\/media\/11371"}],"wp:attachment":[{"href":"https:\/\/centros.uepb.edu.br\/ccbsa\/wp-json\/wp\/v2\/media?parent=11364"}],"wp:term":[{"taxonomy":"category","embeddable":true,"href":"https:\/\/centros.uepb.edu.br\/ccbsa\/wp-json\/wp\/v2\/categories?post=11364"},{"taxonomy":"post_tag","embeddable":true,"href":"https:\/\/centros.uepb.edu.br\/ccbsa\/wp-json\/wp\/v2\/tags?post=11364"}],"curies":[{"name":"wp","href":"https:\/\/api.w.org\/{rel}","templated":true}]}}