{"id":11342,"date":"2024-11-05T14:37:38","date_gmt":"2024-11-05T14:37:38","guid":{"rendered":"https:\/\/centros.uepb.edu.br\/ccbsa\/?p=11342"},"modified":"2024-11-05T14:37:38","modified_gmt":"2024-11-05T14:37:38","slug":"congresso-universitario-inicia-nesta-quarta-feira-6-no-campus-v-com-feira-das-profissoes-e-uma-vasta-programacao","status":"publish","type":"post","link":"https:\/\/centros.uepb.edu.br\/ccbsa\/congresso-universitario-inicia-nesta-quarta-feira-6-no-campus-v-com-feira-das-profissoes-e-uma-vasta-programacao\/","title":{"rendered":"Congresso Universit\u00e1rio inicia nesta quarta-feira (6) no C\u00e2mpus V com Feira das Profiss\u00f5es e uma vasta programa\u00e7\u00e3o"},"content":{"rendered":"<p><a href=\"https:\/\/centros.uepb.edu.br\/ccbsa\/files\/2024\/11\/Congresso-Universitario-2024-Logo.jpeg\"><img loading=\"lazy\" decoding=\"async\" class=\"aligncenter size-full wp-image-11343 img-responsive\" src=\"https:\/\/centros.uepb.edu.br\/ccbsa\/files\/2024\/11\/Congresso-Universitario-2024-Logo.jpeg\" alt=\"\" width=\"1200\" height=\"680\" srcset=\"https:\/\/centros.uepb.edu.br\/ccbsa\/files\/2024\/11\/Congresso-Universitario-2024-Logo.jpeg 1200w, https:\/\/centros.uepb.edu.br\/ccbsa\/files\/2024\/11\/Congresso-Universitario-2024-Logo-300x170.jpeg 300w, https:\/\/centros.uepb.edu.br\/ccbsa\/files\/2024\/11\/Congresso-Universitario-2024-Logo-1120x635.jpeg 1120w\" sizes=\"auto, (max-width: 1200px) 100vw, 1200px\" \/><\/a><\/p>\n<p>&nbsp;<\/p>\n<p>Com a tem\u00e1tica \u201cInova\u00e7\u00e3o e Transforma\u00e7\u00e3o: a agenda 2030\u201d, o 4\u00ba Congresso Universit\u00e1rio da Universidade Estadual da Para\u00edba (UEPB) deve reunir, de 6 a 8 de novembro, no C\u00e2mpus V da UEPB, uma vasta programa\u00e7\u00e3o de atividades cient\u00edficas e culturais voltadas \u00e0 comunidade acad\u00eamica e p\u00fablico de escolas localizadas no entorno ao Centro de Ci\u00eancias Biol\u00f3gicas e Sociais Aplicadas (CCBSA).<\/p>\n<p>O primeiro dia de evento conta com a Feira das Profiss\u00f5es, que ser\u00e1 realizada no hall do bloco de salas de aula do CCBSA, das 8 \u00e0s 17h, e contar\u00e1 com stand dos cursos de gradua\u00e7\u00e3o em Arquivologia, Ci\u00eancias Biol\u00f3gicas (licenciatura e bacharelado), Rela\u00e7\u00f5es Internacionais, e os tecn\u00f3logos de ci\u00eancia de dados e an\u00e1lise de desenvolvimento de sistemas, vinculados ao Projeto Limite do Vis\u00edvel.<\/p>\n<p>Tamb\u00e9m no primeiro dia de Congresso, nos turnos da manh\u00e3, tarde e noite, ser\u00e1 realizado o FARPAS, que nessa 8\u00aa edi\u00e7\u00e3o ocorre nos dias 5 e 6 de novembro, em concomit\u00e2ncia com o Congresso da UEPB, e conta com oficinas, rodas de conversa e apresenta\u00e7\u00f5es musicais em torno da tem\u00e1tica \u201cSer sustent\u00e1vel \u00e9 urGENTE\u201d. Deve integrar as atividades estudantes de escolas do bairro do Cristo e entorno, como a Escola Padre Pedro Serr\u00e3o, Liliosa Paiva Leite e Orlando Cavalcanti Gomes.<\/p>\n<p>Integra a programa\u00e7\u00e3o do Congresso, ainda, o 31\u00ba Encontro de Inicia\u00e7\u00e3o Cient\u00edfica (ENIC), que conta com apresenta\u00e7\u00e3o de pesquisas de discentes do CCBSA ocorrendo de forma presencial e remota, e a 8\u00aa edi\u00e7\u00e3o do Semin\u00e1rio de Extens\u00e3o (SEMEX), que ocorrer\u00e1 de forma remota com a apresenta\u00e7\u00e3o de projetos e programas de extens\u00e3o. Al\u00e9m disso, ser\u00e3o realizados sess\u00f5es do cineclube, caf\u00e9 liter\u00e1rio, uma exposi\u00e7\u00e3o interativa acess\u00edvel e as mostras \u201cMoradores de rua: um grito em \u2018clicks\u2019 por Visibilidade, Cidadania e Mem\u00f3ria\u201d e \u201cPAP\u00c9IS DA VIDA: ARQUIVOLOGIA NA TRILHA DOS DOCUMENTOS DE MORADORES DE RUA DA CIDADE DE JO\u00c3O PESSOA\u201d.<\/p>\n<p>Durante o Evento tamb\u00e9m ocorrem as oficinas \u201cDesinforma\u00e7\u00e3o: pensar, agir, intervir\u201d; \u201cDesvendando o mundo das plantas atrav\u00e9s da mobgrafia\u201d; \u201cEmpreendedorismo para formalizar neg\u00f3cios\u201d e \u201cIntrodu\u00e7\u00e3o \u00e0 paleografia\u201d; a palestra \u201cViv\u00eancias em foco: a cultura organizacional na arquivologia\u201d, e o ciclo de debates \u201cM\u00faltiplos olhares sobre quest\u00f5es ambientais nas rela\u00e7\u00f5es internacionais\u201d.<\/p>\n<p><strong>Texto:<\/strong> Juliana Marques<\/p>\n","protected":false},"excerpt":{"rendered":"<p>&nbsp; Com a tem\u00e1tica \u201cInova\u00e7\u00e3o e Transforma\u00e7\u00e3o: a agenda 2030\u201d, o 4\u00ba Congresso Universit\u00e1rio da Universidade Estadual da Para\u00edba (UEPB) deve reunir, de 6 a 8 de novembro, no C\u00e2mpus V da UEPB, uma vasta programa\u00e7\u00e3o de atividades cient\u00edficas e culturais voltadas \u00e0 comunidade acad\u00eamica e p\u00fablico de escolas localizadas no entorno ao Centro de <a class=\"leiamais\" href=\"https:\/\/centros.uepb.edu.br\/ccbsa\/congresso-universitario-inicia-nesta-quarta-feira-6-no-campus-v-com-feira-das-profissoes-e-uma-vasta-programacao\/\">Leia Mais&#8230;<\/a><\/p>\n","protected":false},"author":8,"featured_media":11343,"comment_status":"closed","ping_status":"closed","sticky":false,"template":"","format":"standard","meta":{"footnotes":""},"categories":[3,11],"tags":[],"class_list":["post-11342","post","type-post","status-publish","format-standard","has-post-thumbnail","hentry","category-noticias","category-noticias-destaque-img"],"jetpack_featured_media_url":"https:\/\/centros.uepb.edu.br\/ccbsa\/files\/2024\/11\/Congresso-Universitario-2024-Logo.jpeg","_links":{"self":[{"href":"https:\/\/centros.uepb.edu.br\/ccbsa\/wp-json\/wp\/v2\/posts\/11342","targetHints":{"allow":["GET"]}}],"collection":[{"href":"https:\/\/centros.uepb.edu.br\/ccbsa\/wp-json\/wp\/v2\/posts"}],"about":[{"href":"https:\/\/centros.uepb.edu.br\/ccbsa\/wp-json\/wp\/v2\/types\/post"}],"author":[{"embeddable":true,"href":"https:\/\/centros.uepb.edu.br\/ccbsa\/wp-json\/wp\/v2\/users\/8"}],"replies":[{"embeddable":true,"href":"https:\/\/centros.uepb.edu.br\/ccbsa\/wp-json\/wp\/v2\/comments?post=11342"}],"version-history":[{"count":0,"href":"https:\/\/centros.uepb.edu.br\/ccbsa\/wp-json\/wp\/v2\/posts\/11342\/revisions"}],"wp:featuredmedia":[{"embeddable":true,"href":"https:\/\/centros.uepb.edu.br\/ccbsa\/wp-json\/wp\/v2\/media\/11343"}],"wp:attachment":[{"href":"https:\/\/centros.uepb.edu.br\/ccbsa\/wp-json\/wp\/v2\/media?parent=11342"}],"wp:term":[{"taxonomy":"category","embeddable":true,"href":"https:\/\/centros.uepb.edu.br\/ccbsa\/wp-json\/wp\/v2\/categories?post=11342"},{"taxonomy":"post_tag","embeddable":true,"href":"https:\/\/centros.uepb.edu.br\/ccbsa\/wp-json\/wp\/v2\/tags?post=11342"}],"curies":[{"name":"wp","href":"https:\/\/api.w.org\/{rel}","templated":true}]}}