{"id":11311,"date":"2024-11-04T16:44:22","date_gmt":"2024-11-04T16:44:22","guid":{"rendered":"https:\/\/centros.uepb.edu.br\/ccbsa\/?p=11311"},"modified":"2024-11-04T16:44:22","modified_gmt":"2024-11-04T16:44:22","slug":"8a-edicao-do-festival-de-artes-e-participacao-social-sera-realizada-nos-dias-5-e-6-de-novembro-no-campus-v-da-uepb","status":"publish","type":"post","link":"https:\/\/centros.uepb.edu.br\/ccbsa\/8a-edicao-do-festival-de-artes-e-participacao-social-sera-realizada-nos-dias-5-e-6-de-novembro-no-campus-v-da-uepb\/","title":{"rendered":"8\u00aa edi\u00e7\u00e3o do Festival de Artes e Participa\u00e7\u00e3o Social ser\u00e1 realizada nos dias 5 e 6 de novembro no C\u00e2mpus V da UEPB"},"content":{"rendered":"\n\t\t<style type=\"text\/css\">\n\t\t\t#gallery-1 {\n\t\t\t\tmargin: auto;\n\t\t\t}\n\t\t\t#gallery-1 .gallery-item {\n\t\t\t\tfloat: left;\n\t\t\t\tmargin-top: 10px;\n\t\t\t\ttext-align: center;\n\t\t\t\twidth: 33%;\n\t\t\t}\n\t\t\t#gallery-1 img {\n\t\t\t\tborder: 2px solid #cfcfcf;\n\t\t\t}\n\t\t\t#gallery-1 .gallery-caption {\n\t\t\t\tmargin-left: 0;\n\t\t\t}\n\t\t\t\/* see gallery_shortcode() in wp-includes\/media.php *\/\n\t\t<\/style>\n\t\t<div id='gallery-1' class='gallery galleryid-11311 gallery-columns-3 gallery-size-full'><dl class='gallery-item'>\n\t\t\t<dt class='gallery-icon landscape'>\n\t\t\t\t<a href='https:\/\/centros.uepb.edu.br\/ccbsa\/files\/2024\/11\/WhatsApp-Image-2024-11-04-at-08.38.57-1.jpeg'><img loading=\"lazy\" decoding=\"async\" width=\"1080\" height=\"1080\" src=\"https:\/\/centros.uepb.edu.br\/ccbsa\/files\/2024\/11\/WhatsApp-Image-2024-11-04-at-08.38.57-1.jpeg\" class=\"attachment-full size-full\" alt=\"\" srcset=\"https:\/\/centros.uepb.edu.br\/ccbsa\/files\/2024\/11\/WhatsApp-Image-2024-11-04-at-08.38.57-1.jpeg 1080w, https:\/\/centros.uepb.edu.br\/ccbsa\/files\/2024\/11\/WhatsApp-Image-2024-11-04-at-08.38.57-1-300x300.jpeg 300w, https:\/\/centros.uepb.edu.br\/ccbsa\/files\/2024\/11\/WhatsApp-Image-2024-11-04-at-08.38.57-1-796x796.jpeg 796w\" sizes=\"auto, (max-width: 1080px) 100vw, 1080px\" \/><\/a>\n\t\t\t<\/dt><\/dl><dl class='gallery-item'>\n\t\t\t<dt class='gallery-icon portrait'>\n\t\t\t\t<a href='https:\/\/centros.uepb.edu.br\/ccbsa\/files\/2024\/11\/WhatsApp-Image-2024-11-04-at-08.38.58.jpeg'><img loading=\"lazy\" decoding=\"async\" width=\"1024\" height=\"1280\" src=\"https:\/\/centros.uepb.edu.br\/ccbsa\/files\/2024\/11\/WhatsApp-Image-2024-11-04-at-08.38.58.jpeg\" class=\"attachment-full size-full\" alt=\"\" srcset=\"https:\/\/centros.uepb.edu.br\/ccbsa\/files\/2024\/11\/WhatsApp-Image-2024-11-04-at-08.38.58.jpeg 1024w, https:\/\/centros.uepb.edu.br\/ccbsa\/files\/2024\/11\/WhatsApp-Image-2024-11-04-at-08.38.58-240x300.jpeg 240w, https:\/\/centros.uepb.edu.br\/ccbsa\/files\/2024\/11\/WhatsApp-Image-2024-11-04-at-08.38.58-637x796.jpeg 637w\" sizes=\"auto, (max-width: 1024px) 100vw, 1024px\" \/><\/a>\n\t\t\t<\/dt><\/dl>\n\t\t\t<br style='clear: both' \/>\n\t\t<\/div>\n\n<p>Com o tema &#8220;Ser sustent\u00e1vel \u00e9 urGENTE&#8221; a 8\u00aa edi\u00e7\u00e3o do Festival de Artes e Participa\u00e7\u00e3o Social (FARPAS) da Universidade Estadual da Para\u00edba (UEPB) deve reunir diversas atividades, nos dias 5 e 6 de novembro, no C\u00e2mpus V da UEPB com o objetivo de possibilitar di\u00e1logos, reflex\u00f5es e proposituras sobre novas maneiras de viver de forma mais consciente e respons\u00e1vel. A programa\u00e7\u00e3o, que ocorrer\u00e1 nos turnos da manh\u00e3, tarde e noite, conta com rodas de conversas, oficina, cineclube, shows musicais, lan\u00e7amentos de livros e apresenta\u00e7\u00f5es art\u00edsticas. Todas as atividades s\u00e3o gratuitas e com certificado.<\/p>\n<p>De acordo com o organizador geral do evento, professor Henrique Fran\u00e7a, o objetivo do Farpas esse ano \u00e9 aprofundar a discuss\u00e3o sobre sustentabilidade em rela\u00e7\u00e3o ao meio ambiente e as suas conex\u00f5es com educa\u00e7\u00e3o, sa\u00fade, economia, justi\u00e7a social e cultura, refletindo em prol de um futuro mais consciente e respons\u00e1vel.<\/p>\n<p>\u201cEste ano, o FARPAS traz uma reflex\u00e3o essencial e direta: \u2018Ser sustent\u00e1vel \u00e9 urGENTE\u2019. Mas saibam que queremos ir al\u00e9m das quest\u00f5es ambientais ou ecol\u00f3gicas. A sustentabilidade que queremos discutir respira a mata, se banha nos rios e abra\u00e7a as pessoas. Ela se conecta com aspectos do nosso cotidiano e da sociedade, nossas rela\u00e7\u00f5es e intera\u00e7\u00f5es. Ser sustent\u00e1vel envolve como nos relacionamos uns com os outros, como consumimos, como trabalhamos, e como cuidamos do bem-estar coletivo. A sustentabilidade precisa ser uma prioridade agora, na urg\u00eancia de sermos n\u00f3s, essa GENTE, causa e consequ\u00eancia. O FARPAS ser\u00e1 um espa\u00e7o para refletir sobre nosso impacto no mundo e na vida das pessoas ao nosso redor, propondo solu\u00e7\u00f5es que sejam ambientais, comportamentais e sociais. Nossa chamada \u00e9 para repensarmos o presente e construirmos um futuro mais justo, equilibrado e inclusivo\u201d, destaca Henrique.<\/p>\n<p>Para participar de algumas atividades espec\u00edficas (rodas, oficinas e cineclube) e receber certificado de participa\u00e7\u00e3o \u00e9 necess\u00e1ria a realiza\u00e7\u00e3o de inscri\u00e7\u00e3o pr\u00e9via via formul\u00e1rio eletr\u00f4nico (https:\/\/www.even3.com.br\/farpas-2024\/). Est\u00e3o sendo oferecidas forma\u00e7\u00f5es sobre cria\u00e7\u00e3o de Podcast, k-pop, macram\u00ea, reaproveitamento alimentar, relacionamentos t\u00f3xicos, dentre outras. Al\u00e9m disso, o Evento conta com uma vasta programa\u00e7\u00e3o cultural com exibi\u00e7\u00e3o de filmes no Cineclube e shows de teatro, dan\u00e7a e bandas de rock, reggae e Djs. Nesta edi\u00e7\u00e3o, o encerramento do Farpas integra as a\u00e7\u00f5es do primeiro dia do 4\u00ba Congresso Universit\u00e1rio da UEPB.<\/p>\n<p><strong>Outras informa\u00e7\u00f5es:<\/strong> @farpas.uepb (Instagram)<\/p>\n","protected":false},"excerpt":{"rendered":"<p>Com o tema &#8220;Ser sustent\u00e1vel \u00e9 urGENTE&#8221; a 8\u00aa edi\u00e7\u00e3o do Festival de Artes e Participa\u00e7\u00e3o Social (FARPAS) da Universidade Estadual da Para\u00edba (UEPB) deve reunir diversas atividades, nos dias 5 e 6 de novembro, no C\u00e2mpus V da UEPB com o objetivo de possibilitar di\u00e1logos, reflex\u00f5es e proposituras sobre novas maneiras de viver de <a class=\"leiamais\" href=\"https:\/\/centros.uepb.edu.br\/ccbsa\/8a-edicao-do-festival-de-artes-e-participacao-social-sera-realizada-nos-dias-5-e-6-de-novembro-no-campus-v-da-uepb\/\">Leia Mais&#8230;<\/a><\/p>\n","protected":false},"author":8,"featured_media":11314,"comment_status":"closed","ping_status":"closed","sticky":false,"template":"","format":"standard","meta":{"footnotes":""},"categories":[3,11],"tags":[],"class_list":["post-11311","post","type-post","status-publish","format-standard","has-post-thumbnail","hentry","category-noticias","category-noticias-destaque-img"],"jetpack_featured_media_url":"https:\/\/centros.uepb.edu.br\/ccbsa\/files\/2024\/11\/WhatsApp-Image-2024-11-04-at-08.38.57.jpeg","_links":{"self":[{"href":"https:\/\/centros.uepb.edu.br\/ccbsa\/wp-json\/wp\/v2\/posts\/11311","targetHints":{"allow":["GET"]}}],"collection":[{"href":"https:\/\/centros.uepb.edu.br\/ccbsa\/wp-json\/wp\/v2\/posts"}],"about":[{"href":"https:\/\/centros.uepb.edu.br\/ccbsa\/wp-json\/wp\/v2\/types\/post"}],"author":[{"embeddable":true,"href":"https:\/\/centros.uepb.edu.br\/ccbsa\/wp-json\/wp\/v2\/users\/8"}],"replies":[{"embeddable":true,"href":"https:\/\/centros.uepb.edu.br\/ccbsa\/wp-json\/wp\/v2\/comments?post=11311"}],"version-history":[{"count":0,"href":"https:\/\/centros.uepb.edu.br\/ccbsa\/wp-json\/wp\/v2\/posts\/11311\/revisions"}],"wp:featuredmedia":[{"embeddable":true,"href":"https:\/\/centros.uepb.edu.br\/ccbsa\/wp-json\/wp\/v2\/media\/11314"}],"wp:attachment":[{"href":"https:\/\/centros.uepb.edu.br\/ccbsa\/wp-json\/wp\/v2\/media?parent=11311"}],"wp:term":[{"taxonomy":"category","embeddable":true,"href":"https:\/\/centros.uepb.edu.br\/ccbsa\/wp-json\/wp\/v2\/categories?post=11311"},{"taxonomy":"post_tag","embeddable":true,"href":"https:\/\/centros.uepb.edu.br\/ccbsa\/wp-json\/wp\/v2\/tags?post=11311"}],"curies":[{"name":"wp","href":"https:\/\/api.w.org\/{rel}","templated":true}]}}