{"id":1127,"date":"2013-11-01T15:23:53","date_gmt":"2013-11-01T15:23:53","guid":{"rendered":"\/ccbsa\/?p=1127"},"modified":"2013-11-04T13:36:51","modified_gmt":"2013-11-04T13:36:51","slug":"docentes-do-curso-de-arquivologia-ministram-palestra-e-realizam-lancamento-de-livro-em-portugal","status":"publish","type":"post","link":"https:\/\/centros.uepb.edu.br\/ccbsa\/docentes-do-curso-de-arquivologia-ministram-palestra-e-realizam-lancamento-de-livro-em-portugal\/","title":{"rendered":"Docentes do curso de Arquivologia ministram palestras e realizam lan\u00e7amento de livro em Portugal"},"content":{"rendered":"<p><a href=\"http:\/\/centros.ascom.uepb.edu.br\/ccbsa\/files\/2013\/11\/IMG_3241.jpg\"><img loading=\"lazy\" decoding=\"async\" class=\"alignleft size-thumbnail wp-image-1129 img-responsive\" alt=\"IMG_3241\" src=\"http:\/\/centros.ascom.uepb.edu.br\/ccbsa\/files\/2013\/11\/IMG_3241-150x150.jpg\" width=\"150\" height=\"150\" \/><\/a>As docentes do bacharelado em Arquivologia da Universidade Estadual da Para\u00edba, Eliete Correia Santos e Francinete Fernandes, estiveram recentemente nas cidades do Porto e Coimbra, em Portugal, apresentando palestras, discutindo futuras parcerias\u00a0e realizando o lan\u00e7amento do livro \u201cSemin\u00e1rios de saberes arquiv\u00edsticos: Pr\u00e1ticas de Leitura e Escrita na Universidade\u201d, com textos de discentes do curso de Arquivologia da UEPB orientados pelas professoras.<\/p>\n<p>Com a participa\u00e7\u00e3o efetiva de docentes e discentes do Instituto Polit\u00e9cnico do Porto as professoras da UEPB apresentaram tem\u00e1ticas ligadas \u00e0 forma\u00e7\u00e3o arquiv\u00edstica\u00a0 durante o semin\u00e1rio da Licenciatura em Ci\u00eancias e Tecnologias da Documenta\u00e7\u00e3o e Informa\u00e7\u00e3o, realizado na \u00faltima quarta-feira (30).<\/p>\n<p>Na oportunidade a professora Eliete Correia discutiu \u201cA forma\u00e7\u00e3o acad\u00eamica em Arquivologia: Relato da experi\u00eancia do Projeto SESA\u201d, e a professora Francinete Fernantes abordou o tema \u201cA forma\u00e7\u00e3o do arquivista: transdisciplinariedade, desafios de hoje, projetos futuros\u201d. As docentes tamb\u00e9m ministraram uma palestra que teve uma\u00a0grande repercuss\u00e3o entre os estudantes e professores da Universidade de Coimbra, discutindo a experi\u00eancia do Projeto SESA.<\/p>\n<p>Al\u00e9m das palestras, as docentes da UEPB realizaram, no Porto e em Coimbra,\u00a0 o lan\u00e7amento internacional do livro \u201cSemin\u00e1rios de saberes arquiv\u00edsticos: Pr\u00e1ticas de Leitura e Escrita na Universidade\u201d, <a href=\"http:\/\/centros.ascom.uepb.edu.br\/ccbsa\/files\/2013\/11\/IMG_3252.jpg\"><img loading=\"lazy\" decoding=\"async\" class=\"alignright size-thumbnail wp-image-1130 img-responsive\" alt=\"IMG_3252\" src=\"http:\/\/centros.ascom.uepb.edu.br\/ccbsa\/files\/2013\/11\/IMG_3252-150x150.jpg\" width=\"150\" height=\"150\" \/><\/a>que re\u00fane textos produzidos por discentes do curso de Arquivologia organizados pelas professoras da UEPB e que contou com a colabora\u00e7\u00e3o de pesquisadores portugueses, a exemplo da professora Fernanda Ribeiro, da Universidade do Porto.<\/p>\n<p>O pr\u00e9-lan\u00e7amento da obra ocorreu durante as festividades de sete anos do Campus V da UEPB, em 28 de agosto e, em 24 de setembro, foi realizado o lan\u00e7amento oficial do livro, em Jo\u00e3o Pessoa, durante a \u201cMostra Mem\u00f3ria do IFPB\u201d. Este \u00e9 o primeiro volume da colet\u00e2nea \u201cInterfaces do aprendizado na Universidade\u201d, da Editora Appris, e re\u00fane textos, produzidos de 2007 a 2010, por estudantes e arquivistas, egressos do curso de Arquivologia da UEPB.<\/p>\n<p>A obra \u00e9 o resultado de um trabalho iniciado pela professora Eliete Correia a partir da experi\u00eancia nas aulas dos componentes curriculares \u201cOficina de Textos I e II\u201d, do curso de Arquivologia.\u00a0 \u201cAo introduzirmos o estudo dos g\u00eaneros acad\u00eamicos, as discuss\u00f5es dos alunos em sala de aula revelaram as dificuldades tem\u00e1ticas, composicionais e lingu\u00edsticas. A maioria deles apresentou inseguran\u00e7a e medo ao falar em p\u00fablico e ao escrever textos\u201d, esclareceu a docente.<\/p>\n<p><a href=\"http:\/\/centros.ascom.uepb.edu.br\/ccbsa\/files\/2013\/11\/IMG_3253.jpg\"><img loading=\"lazy\" decoding=\"async\" class=\"alignleft size-thumbnail wp-image-1131 img-responsive\" alt=\"IMG_3253\" src=\"http:\/\/centros.ascom.uepb.edu.br\/ccbsa\/files\/2013\/11\/IMG_3253-150x150.jpg\" width=\"150\" height=\"150\" \/><\/a>Ela ainda acrescentou que \u201cdiante dessa realidade, em parceria com as professoras Francinete Fernandes, ministrante dos componentes curriculares \u2018An\u00e1lise document\u00e1ria I e II\u2019 e \u2018Fundamentos Arquiv\u00edsticos\u2019 e Elis\u00e2ngela Mendon\u00e7a, respons\u00e1vel pela disciplina de \u2018Metodologia Cient\u00edfica\u2019 pensamos na realiza\u00e7\u00e3o de um trabalho, de car\u00e1ter interdisciplinar, no qual os alunos pudessem produzir artigos cient\u00edficos que seriam orientados pelas docentes segundo a perspectiva de cada um desses componentes curriculares e seriam expostos e avaliados como trabalho final de todas as disciplinas\u201d.<\/p>\n<p>Essa experi\u00eancia resultou no Semin\u00e1rio de Saberes Arquiv\u00edsticos (SESA), com apresenta\u00e7\u00f5es na modalidade de comunica\u00e7\u00e3o oral, que foram publicados, internamente, em um CD de anais de cada semestre. As v\u00e1rias edi\u00e7\u00f5es do SESA, realizadas de 2007 a 2010, resultaram em mais de 200 artigos cient\u00edficos, divulgados em peri\u00f3dicos da \u00e1rea, apresentados em eventos da pr\u00f3pria UEPB e de outras institui\u00e7\u00f5es, e, em alguns casos, os estudantes escolheram a tem\u00e1tica abordada em seus artigos para transform\u00e1-los nos Trabalhos de Conclus\u00e3o de Curso.<\/p>\n<p>Parte destas produ\u00e7\u00f5es foi selecionada pelas professoras Eliete Correia de Francinete Fernandes, que submeteram os trabalhos a pesquisadores de renome nacional e internacional, a exemplo da professora Helo\u00edsa Belloto, da USP, Fernanda Ribeiro, da Universidade do Porto, Ang\u00e9lica Martins, da UnB, al\u00e9m de outros docentes de relev\u00e2ncia na \u00e1rea de Arquivologia e Linguagem.<\/p>\n<p>O resultado desta sele\u00e7\u00e3o \u00e9 o livro \u201cSemin\u00e1rios de saberes arquiv\u00edsticos: Pr\u00e1ticas de Leitura e Escrita na Universidade\u201d. De acordo com a equipe <a href=\"http:\/\/centros.ascom.uepb.edu.br\/ccbsa\/files\/2013\/08\/971345_247058042100215_1808775544_n.jpg\"><img loading=\"lazy\" decoding=\"async\" class=\"alignright size-thumbnail wp-image-819 img-responsive\" alt=\"971345_247058042100215_1808775544_n\" src=\"http:\/\/centros.ascom.uepb.edu.br\/ccbsa\/files\/2013\/08\/971345_247058042100215_1808775544_n-150x150.jpg\" width=\"150\" height=\"150\" \/><\/a>respons\u00e1vel pela publica\u00e7\u00e3o, \u201cconsiderando as necessidades acad\u00eamicas dos graduandos de Arquivologia o livro demonstrou um ensino de escrita que foi muito al\u00e9m da memoriza\u00e7\u00e3o de regras e normas, mas, apontou um caminho que come\u00e7a com o estabelecimento da finalidade, escrever um artigo, e passar por etapas como estudar o tema, identificar ideias principais, sumarizar, resenhar, coletar dados, analisar, escrever os resultados, apresenta-los em eventos internos da faculdade e publicar\u201d.<\/p>\n<p>S\u00e3o abordados diferentes temas da Arquivologia, como o diagn\u00f3stico de arquivo e sua rela\u00e7\u00e3o com as tecnologias da informa\u00e7\u00e3o, gerenciamento, preserva\u00e7\u00e3o de documentos e patrim\u00f4nio cultural. O livro \u00e9 o primeiro t\u00edtulo de uma cole\u00e7\u00e3o que dever\u00e1 vir em sequ\u00eancia, com trabalhos de docentes e pesquisadores de todo o mundo, da \u00e1rea de Arquivologia e Ci\u00eancia da Informa\u00e7\u00e3o, com par\u00e2metros elaborados pela coordena\u00e7\u00e3o de Aperfei\u00e7oamento de Pessoal de N\u00edvel Superior (Capes).<\/p>\n","protected":false},"excerpt":{"rendered":"<p>As docentes do bacharelado em Arquivologia da Universidade Estadual da Para\u00edba, Eliete Correia Santos e Francinete Fernandes, estiveram recentemente nas cidades do Porto e Coimbra, em Portugal, apresentando palestras, discutindo futuras parcerias\u00a0e realizando o lan\u00e7amento do livro \u201cSemin\u00e1rios de saberes arquiv\u00edsticos: Pr\u00e1ticas de Leitura e Escrita na Universidade\u201d, com textos de discentes do curso de <a class=\"leiamais\" href=\"https:\/\/centros.uepb.edu.br\/ccbsa\/docentes-do-curso-de-arquivologia-ministram-palestra-e-realizam-lancamento-de-livro-em-portugal\/\">Leia Mais&#8230;<\/a><\/p>\n","protected":false},"author":8,"featured_media":0,"comment_status":"open","ping_status":"open","sticky":false,"template":"","format":"standard","meta":{"footnotes":""},"categories":[3,5],"tags":[],"class_list":["post-1127","post","type-post","status-publish","format-standard","hentry","category-noticias","category-visiveis"],"jetpack_featured_media_url":"","_links":{"self":[{"href":"https:\/\/centros.uepb.edu.br\/ccbsa\/wp-json\/wp\/v2\/posts\/1127","targetHints":{"allow":["GET"]}}],"collection":[{"href":"https:\/\/centros.uepb.edu.br\/ccbsa\/wp-json\/wp\/v2\/posts"}],"about":[{"href":"https:\/\/centros.uepb.edu.br\/ccbsa\/wp-json\/wp\/v2\/types\/post"}],"author":[{"embeddable":true,"href":"https:\/\/centros.uepb.edu.br\/ccbsa\/wp-json\/wp\/v2\/users\/8"}],"replies":[{"embeddable":true,"href":"https:\/\/centros.uepb.edu.br\/ccbsa\/wp-json\/wp\/v2\/comments?post=1127"}],"version-history":[{"count":0,"href":"https:\/\/centros.uepb.edu.br\/ccbsa\/wp-json\/wp\/v2\/posts\/1127\/revisions"}],"wp:attachment":[{"href":"https:\/\/centros.uepb.edu.br\/ccbsa\/wp-json\/wp\/v2\/media?parent=1127"}],"wp:term":[{"taxonomy":"category","embeddable":true,"href":"https:\/\/centros.uepb.edu.br\/ccbsa\/wp-json\/wp\/v2\/categories?post=1127"},{"taxonomy":"post_tag","embeddable":true,"href":"https:\/\/centros.uepb.edu.br\/ccbsa\/wp-json\/wp\/v2\/tags?post=1127"}],"curies":[{"name":"wp","href":"https:\/\/api.w.org\/{rel}","templated":true}]}}