{"id":11252,"date":"2024-09-27T16:36:45","date_gmt":"2024-09-27T16:36:45","guid":{"rendered":"https:\/\/centros.uepb.edu.br\/ccbsa\/?p=11252"},"modified":"2024-09-27T16:36:45","modified_gmt":"2024-09-27T16:36:45","slug":"campus-da-uepb-em-joao-pessoa-realiza-encontro-de-culturas-indigenas-com-atividades-academicas-e-culturais","status":"publish","type":"post","link":"https:\/\/centros.uepb.edu.br\/ccbsa\/campus-da-uepb-em-joao-pessoa-realiza-encontro-de-culturas-indigenas-com-atividades-academicas-e-culturais\/","title":{"rendered":"C\u00e2mpus da UEPB em Jo\u00e3o Pessoa realiza Encontro de Culturas Ind\u00edgenas com atividades acad\u00eamicas e culturais"},"content":{"rendered":"\n\t\t<style type=\"text\/css\">\n\t\t\t#gallery-1 {\n\t\t\t\tmargin: auto;\n\t\t\t}\n\t\t\t#gallery-1 .gallery-item {\n\t\t\t\tfloat: left;\n\t\t\t\tmargin-top: 10px;\n\t\t\t\ttext-align: center;\n\t\t\t\twidth: 33%;\n\t\t\t}\n\t\t\t#gallery-1 img {\n\t\t\t\tborder: 2px solid #cfcfcf;\n\t\t\t}\n\t\t\t#gallery-1 .gallery-caption {\n\t\t\t\tmargin-left: 0;\n\t\t\t}\n\t\t\t\/* see gallery_shortcode() in wp-includes\/media.php *\/\n\t\t<\/style>\n\t\t<div id='gallery-1' class='gallery galleryid-11252 gallery-columns-3 gallery-size-full'><dl class='gallery-item'>\n\t\t\t<dt class='gallery-icon landscape'>\n\t\t\t\t<a href='https:\/\/centros.uepb.edu.br\/ccbsa\/files\/2024\/09\/JULIANA-MARQUES-MESA-DE-DEBATE.png'><img loading=\"lazy\" decoding=\"async\" width=\"1200\" height=\"680\" src=\"https:\/\/centros.uepb.edu.br\/ccbsa\/files\/2024\/09\/JULIANA-MARQUES-MESA-DE-DEBATE.png\" class=\"attachment-full size-full\" alt=\"\" srcset=\"https:\/\/centros.uepb.edu.br\/ccbsa\/files\/2024\/09\/JULIANA-MARQUES-MESA-DE-DEBATE.png 1200w, https:\/\/centros.uepb.edu.br\/ccbsa\/files\/2024\/09\/JULIANA-MARQUES-MESA-DE-DEBATE-300x170.png 300w, https:\/\/centros.uepb.edu.br\/ccbsa\/files\/2024\/09\/JULIANA-MARQUES-MESA-DE-DEBATE-1120x635.png 1120w\" sizes=\"auto, (max-width: 1200px) 100vw, 1200px\" \/><\/a>\n\t\t\t<\/dt><\/dl><dl class='gallery-item'>\n\t\t\t<dt class='gallery-icon landscape'>\n\t\t\t\t<a href='https:\/\/centros.uepb.edu.br\/ccbsa\/files\/2024\/09\/JOAO-IRINEU-4.png'><img loading=\"lazy\" decoding=\"async\" width=\"1200\" height=\"680\" src=\"https:\/\/centros.uepb.edu.br\/ccbsa\/files\/2024\/09\/JOAO-IRINEU-4.png\" class=\"attachment-full size-full\" alt=\"\" srcset=\"https:\/\/centros.uepb.edu.br\/ccbsa\/files\/2024\/09\/JOAO-IRINEU-4.png 1200w, https:\/\/centros.uepb.edu.br\/ccbsa\/files\/2024\/09\/JOAO-IRINEU-4-300x170.png 300w, https:\/\/centros.uepb.edu.br\/ccbsa\/files\/2024\/09\/JOAO-IRINEU-4-1120x635.png 1120w\" sizes=\"auto, (max-width: 1200px) 100vw, 1200px\" \/><\/a>\n\t\t\t<\/dt><\/dl><dl class='gallery-item'>\n\t\t\t<dt class='gallery-icon landscape'>\n\t\t\t\t<a href='https:\/\/centros.uepb.edu.br\/ccbsa\/files\/2024\/09\/JOAO-IRINEU-3.jpeg'><img loading=\"lazy\" decoding=\"async\" width=\"1200\" height=\"799\" src=\"https:\/\/centros.uepb.edu.br\/ccbsa\/files\/2024\/09\/JOAO-IRINEU-3.jpeg\" class=\"attachment-full size-full\" alt=\"\" srcset=\"https:\/\/centros.uepb.edu.br\/ccbsa\/files\/2024\/09\/JOAO-IRINEU-3.jpeg 1200w, https:\/\/centros.uepb.edu.br\/ccbsa\/files\/2024\/09\/JOAO-IRINEU-3-300x200.jpeg 300w, https:\/\/centros.uepb.edu.br\/ccbsa\/files\/2024\/09\/JOAO-IRINEU-3-1120x746.jpeg 1120w\" sizes=\"auto, (max-width: 1200px) 100vw, 1200px\" \/><\/a>\n\t\t\t<\/dt><\/dl><br style=\"clear: both\" \/><dl class='gallery-item'>\n\t\t\t<dt class='gallery-icon landscape'>\n\t\t\t\t<a href='https:\/\/centros.uepb.edu.br\/ccbsa\/files\/2024\/09\/JOAO-IRINEU-2.jpeg'><img loading=\"lazy\" decoding=\"async\" width=\"1200\" height=\"680\" src=\"https:\/\/centros.uepb.edu.br\/ccbsa\/files\/2024\/09\/JOAO-IRINEU-2.jpeg\" class=\"attachment-full size-full\" alt=\"\" srcset=\"https:\/\/centros.uepb.edu.br\/ccbsa\/files\/2024\/09\/JOAO-IRINEU-2.jpeg 1200w, https:\/\/centros.uepb.edu.br\/ccbsa\/files\/2024\/09\/JOAO-IRINEU-2-300x170.jpeg 300w, https:\/\/centros.uepb.edu.br\/ccbsa\/files\/2024\/09\/JOAO-IRINEU-2-1120x635.jpeg 1120w\" sizes=\"auto, (max-width: 1200px) 100vw, 1200px\" \/><\/a>\n\t\t\t<\/dt><\/dl>\n\t\t\t<br style='clear: both' \/>\n\t\t<\/div>\n\n<p>Com o objetivo de socializar os diversos saberes dos povos origin\u00e1rios, o N\u00facleo de L\u00ednguas do C\u00e2mpus V da Universidade Estadual da Para\u00edba e o Grupo de Pesquisa em Linguagens e Culturas Populares (GLICPOP\/UEPB), com o apoio da Pr\u00f3-reitoria de Cultura (Procult) e da Associa\u00e7\u00e3o Cultural de Ind\u00edgenas em Contextos Urbanos da Para\u00edba (ACICUP), promoveram nesta quinta-feira (26), no C\u00e2mpus de Jo\u00e3o Pessoa, o Encontro de Culturas Ind\u00edgenas da UEPB.<\/p>\n<p>De acordo com o organizador do evento, o l\u00edder do GLICPOP\/UEPB e professor do N\u00facleo de L\u00ednguas do C\u00e2mpus V Jo\u00e3o Irineu, que \u00e9 ind\u00edgena Potiguara, esse evento foi idealizado a partir do componente curricular \u201cLinguagens e cultura dos povos ind\u00edgenas\u201d, ministrado no N\u00facleo de L\u00ednguas. O docente destaca que o Evento nasceu da for\u00e7a da ancestralidade ind\u00edgena que o mesmo carrega somada \u00e0s experi\u00eancias de pesquisas com culturas populares.<\/p>\n<p>\u201cFaz-se muito relevante trazer esse contato com as culturas ind\u00edgenas para nossos estudantes da UEPB para n\u00f3s mostrarmos que n\u00e3o h\u00e1 uma separa\u00e7\u00e3o entre cultura e natureza, como a ci\u00eancia moderna construiu, produziu e nos transmitiu, mas, nas culturas ind\u00edgenas, h\u00e1 uma vincula\u00e7\u00e3o indissoci\u00e1vel entre cultura e natureza. E os povos ind\u00edgenas, atrav\u00e9s de suas culturas, mostram que \u00e9 necess\u00e1rio construir outro paradigma de cuidado com o planeta, de cuidado com a biodiversidade, para nossa preserva\u00e7\u00e3o como totalidade da esp\u00e9cie humana na intera\u00e7\u00e3o da teia de vida, todos somos um nesta teia da vida\u201d, explica Jo\u00e3o Irineu.<\/p>\n<p>Para o pr\u00f3-reitor de Cultura da UEPB, professor Jos\u00e9 Cristov\u00e3o Andrade, esse Encontro se soma a outras iniciativas da UEPB para evidenciar a import\u00e2ncia das tradi\u00e7\u00f5es dos povos ind\u00edgenas e reconhecer uma cultura que durante anos foi destru\u00edda e invisibilizada. \u201cTemos realizado alguns eventos na UEPB que buscam proporcionar visibilidade e reconhecimento aos nossos povos origin\u00e1rios, temos institu\u00edda uma pol\u00edtica de cotas, e o C\u00e2mpus V est\u00e1 de parab\u00e9ns por essa iniciativa que mobiliza as comunidades ind\u00edgenas e valoriza a cultura e o conhecimento proporcionado por esses povos\u201d, avalia Andrade.<\/p>\n<p>A coordenadora do N\u00facleo de L\u00ednguas e professora de ingl\u00eas Jana\u00edne Rolim, avalia o Encontro como uma oportunidade de aprendizado e troca de saberes, que permite vivenciar a riqueza das culturas ind\u00edgenas em aspectos como l\u00edngua, hist\u00f3ria, tradi\u00e7\u00f5es ancestrais, dan\u00e7as e alimenta\u00e7\u00e3o. A docente lembra que o Evento n\u00e3o foi apenas uma exibi\u00e7\u00e3o cultural, mas uma verdadeira troca de afetos e valores, que inspirou os presentes a refletir sobre como esses saberes podem contribuir para uma sociedade mais justa, sustent\u00e1vel e em harmonia com a natureza, e para consigo mesmo.<\/p>\n<p>\u201cO ponto mais marcante do evento para mim, como educadora e ativista social (tamb\u00e9m atuante no Green Peace Jo\u00e3o Pessoa), foi a presen\u00e7a de fam\u00edlias ind\u00edgenas, protagonistas desse momento educativo e cultural, que proporcionaram aos participantes uma imers\u00e3o em saberes ancestrais no pr\u00f3prio C\u00e2mpus da UEPB. Elas nos apresentaram o conceito de Bem Viver, central em suas culturas, oferecendo uma perspectiva aut\u00eantica e valiosa, com pausa para reflex\u00e3o, ao sentirmos a nossa Universidade mediante as atividades pr\u00e1ticas propostas\u201d, considera Jana\u00edne.<\/p>\n<p>A abertura do evento contou com a atividade \u201cN\u00facleo de l\u00ednguas com poeticidades ind\u00edgenas\u201d, seguida de pinturas dos grafismos ind\u00edgenas e roda de conversa \u201cNarrativas ancestrais e hist\u00f3rias de vida ind\u00edgenas\u201d. No turno da tarde foram realizadas a roda de viv\u00eancia \u201cCanto e poesias ind\u00edgenas\u201d e \u201cEspiritualidade e medicinas tradicionais ind\u00edgenas\u201d, al\u00e9m de Tor\u00e9 com o povo Potiguara (aldeia S\u00e3o Francisco). A programa\u00e7\u00e3o foi encerrada com a mesa \u201cPol\u00edticas p\u00fablicas e direitos humanos da popula\u00e7\u00e3o ind\u00edgena em contextos urbanos\u201d.<\/p>\n<p><strong>Texto:<\/strong> <em>Juliana Marques.<\/em><\/p>\n","protected":false},"excerpt":{"rendered":"<p>Com o objetivo de socializar os diversos saberes dos povos origin\u00e1rios, o N\u00facleo de L\u00ednguas do C\u00e2mpus V da Universidade Estadual da Para\u00edba e o Grupo de Pesquisa em Linguagens e Culturas Populares (GLICPOP\/UEPB), com o apoio da Pr\u00f3-reitoria de Cultura (Procult) e da Associa\u00e7\u00e3o Cultural de Ind\u00edgenas em Contextos Urbanos da Para\u00edba (ACICUP), promoveram <a class=\"leiamais\" href=\"https:\/\/centros.uepb.edu.br\/ccbsa\/campus-da-uepb-em-joao-pessoa-realiza-encontro-de-culturas-indigenas-com-atividades-academicas-e-culturais\/\">Leia Mais&#8230;<\/a><\/p>\n","protected":false},"author":8,"featured_media":11253,"comment_status":"closed","ping_status":"closed","sticky":false,"template":"","format":"standard","meta":{"footnotes":""},"categories":[3,11],"tags":[],"class_list":["post-11252","post","type-post","status-publish","format-standard","has-post-thumbnail","hentry","category-noticias","category-noticias-destaque-img"],"jetpack_featured_media_url":"https:\/\/centros.uepb.edu.br\/ccbsa\/files\/2024\/09\/JULIANA-MARQUES-MESA-DE-DEBATE.png","_links":{"self":[{"href":"https:\/\/centros.uepb.edu.br\/ccbsa\/wp-json\/wp\/v2\/posts\/11252","targetHints":{"allow":["GET"]}}],"collection":[{"href":"https:\/\/centros.uepb.edu.br\/ccbsa\/wp-json\/wp\/v2\/posts"}],"about":[{"href":"https:\/\/centros.uepb.edu.br\/ccbsa\/wp-json\/wp\/v2\/types\/post"}],"author":[{"embeddable":true,"href":"https:\/\/centros.uepb.edu.br\/ccbsa\/wp-json\/wp\/v2\/users\/8"}],"replies":[{"embeddable":true,"href":"https:\/\/centros.uepb.edu.br\/ccbsa\/wp-json\/wp\/v2\/comments?post=11252"}],"version-history":[{"count":0,"href":"https:\/\/centros.uepb.edu.br\/ccbsa\/wp-json\/wp\/v2\/posts\/11252\/revisions"}],"wp:featuredmedia":[{"embeddable":true,"href":"https:\/\/centros.uepb.edu.br\/ccbsa\/wp-json\/wp\/v2\/media\/11253"}],"wp:attachment":[{"href":"https:\/\/centros.uepb.edu.br\/ccbsa\/wp-json\/wp\/v2\/media?parent=11252"}],"wp:term":[{"taxonomy":"category","embeddable":true,"href":"https:\/\/centros.uepb.edu.br\/ccbsa\/wp-json\/wp\/v2\/categories?post=11252"},{"taxonomy":"post_tag","embeddable":true,"href":"https:\/\/centros.uepb.edu.br\/ccbsa\/wp-json\/wp\/v2\/tags?post=11252"}],"curies":[{"name":"wp","href":"https:\/\/api.w.org\/{rel}","templated":true}]}}