{"id":11222,"date":"2024-09-09T21:56:31","date_gmt":"2024-09-09T21:56:31","guid":{"rendered":"https:\/\/centros.uepb.edu.br\/ccbsa\/?p=11222"},"modified":"2024-09-09T22:14:25","modified_gmt":"2024-09-09T22:14:25","slug":"cooperativa-de-catadores-acompanhada-por-projeto-da-uepb-recebe-visita-tecnica-de-equipe-do-governo-federal","status":"publish","type":"post","link":"https:\/\/centros.uepb.edu.br\/ccbsa\/cooperativa-de-catadores-acompanhada-por-projeto-da-uepb-recebe-visita-tecnica-de-equipe-do-governo-federal\/","title":{"rendered":"Cooperativa de catadores acompanhada por Projeto da UEPB recebe visita t\u00e9cnica de equipe do Governo Federal"},"content":{"rendered":"\n\t\t<style type=\"text\/css\">\n\t\t\t#gallery-1 {\n\t\t\t\tmargin: auto;\n\t\t\t}\n\t\t\t#gallery-1 .gallery-item {\n\t\t\t\tfloat: left;\n\t\t\t\tmargin-top: 10px;\n\t\t\t\ttext-align: center;\n\t\t\t\twidth: 33%;\n\t\t\t}\n\t\t\t#gallery-1 img {\n\t\t\t\tborder: 2px solid #cfcfcf;\n\t\t\t}\n\t\t\t#gallery-1 .gallery-caption {\n\t\t\t\tmargin-left: 0;\n\t\t\t}\n\t\t\t\/* see gallery_shortcode() in wp-includes\/media.php *\/\n\t\t<\/style>\n\t\t<div id='gallery-1' class='gallery galleryid-11222 gallery-columns-3 gallery-size-full'><dl class='gallery-item'>\n\t\t\t<dt class='gallery-icon landscape'>\n\t\t\t\t<a href='https:\/\/centros.uepb.edu.br\/ccbsa\/files\/2024\/09\/WhatsApp-Image-2024-09-09-at-18.33.02-1.jpeg'><img loading=\"lazy\" decoding=\"async\" width=\"1200\" height=\"680\" src=\"https:\/\/centros.uepb.edu.br\/ccbsa\/files\/2024\/09\/WhatsApp-Image-2024-09-09-at-18.33.02-1.jpeg\" class=\"attachment-full size-full\" alt=\"\" srcset=\"https:\/\/centros.uepb.edu.br\/ccbsa\/files\/2024\/09\/WhatsApp-Image-2024-09-09-at-18.33.02-1.jpeg 1200w, https:\/\/centros.uepb.edu.br\/ccbsa\/files\/2024\/09\/WhatsApp-Image-2024-09-09-at-18.33.02-1-300x170.jpeg 300w, https:\/\/centros.uepb.edu.br\/ccbsa\/files\/2024\/09\/WhatsApp-Image-2024-09-09-at-18.33.02-1-1120x635.jpeg 1120w\" sizes=\"auto, (max-width: 1200px) 100vw, 1200px\" \/><\/a>\n\t\t\t<\/dt><\/dl><dl class='gallery-item'>\n\t\t\t<dt class='gallery-icon landscape'>\n\t\t\t\t<a href='https:\/\/centros.uepb.edu.br\/ccbsa\/files\/2024\/09\/WhatsApp-Image-2024-09-09-at-13.07.42-scaled.jpeg'><img loading=\"lazy\" decoding=\"async\" width=\"2560\" height=\"1440\" src=\"https:\/\/centros.uepb.edu.br\/ccbsa\/files\/2024\/09\/WhatsApp-Image-2024-09-09-at-13.07.42-scaled.jpeg\" class=\"attachment-full size-full\" alt=\"\" srcset=\"https:\/\/centros.uepb.edu.br\/ccbsa\/files\/2024\/09\/WhatsApp-Image-2024-09-09-at-13.07.42-scaled.jpeg 2560w, https:\/\/centros.uepb.edu.br\/ccbsa\/files\/2024\/09\/WhatsApp-Image-2024-09-09-at-13.07.42-300x169.jpeg 300w, https:\/\/centros.uepb.edu.br\/ccbsa\/files\/2024\/09\/WhatsApp-Image-2024-09-09-at-13.07.42-1536x864.jpeg 1536w, https:\/\/centros.uepb.edu.br\/ccbsa\/files\/2024\/09\/WhatsApp-Image-2024-09-09-at-13.07.42-2048x1152.jpeg 2048w, https:\/\/centros.uepb.edu.br\/ccbsa\/files\/2024\/09\/WhatsApp-Image-2024-09-09-at-13.07.42-1120x630.jpeg 1120w\" sizes=\"auto, (max-width: 2560px) 100vw, 2560px\" \/><\/a>\n\t\t\t<\/dt><\/dl><dl class='gallery-item'>\n\t\t\t<dt class='gallery-icon portrait'>\n\t\t\t\t<a href='https:\/\/centros.uepb.edu.br\/ccbsa\/files\/2024\/09\/WhatsApp-Image-2024-09-09-at-13.07.40.jpeg'><img loading=\"lazy\" decoding=\"async\" width=\"2262\" height=\"2512\" src=\"https:\/\/centros.uepb.edu.br\/ccbsa\/files\/2024\/09\/WhatsApp-Image-2024-09-09-at-13.07.40.jpeg\" class=\"attachment-full size-full\" alt=\"\" srcset=\"https:\/\/centros.uepb.edu.br\/ccbsa\/files\/2024\/09\/WhatsApp-Image-2024-09-09-at-13.07.40.jpeg 2262w, https:\/\/centros.uepb.edu.br\/ccbsa\/files\/2024\/09\/WhatsApp-Image-2024-09-09-at-13.07.40-270x300.jpeg 270w, https:\/\/centros.uepb.edu.br\/ccbsa\/files\/2024\/09\/WhatsApp-Image-2024-09-09-at-13.07.40-1383x1536.jpeg 1383w, https:\/\/centros.uepb.edu.br\/ccbsa\/files\/2024\/09\/WhatsApp-Image-2024-09-09-at-13.07.40-1844x2048.jpeg 1844w, https:\/\/centros.uepb.edu.br\/ccbsa\/files\/2024\/09\/WhatsApp-Image-2024-09-09-at-13.07.40-717x796.jpeg 717w\" sizes=\"auto, (max-width: 2262px) 100vw, 2262px\" \/><\/a>\n\t\t\t<\/dt><\/dl><br style=\"clear: both\" \/><dl class='gallery-item'>\n\t\t\t<dt class='gallery-icon landscape'>\n\t\t\t\t<a href='https:\/\/centros.uepb.edu.br\/ccbsa\/files\/2024\/09\/WhatsApp-Image-2024-09-09-at-13.07.41.jpeg'><img loading=\"lazy\" decoding=\"async\" width=\"1200\" height=\"680\" src=\"https:\/\/centros.uepb.edu.br\/ccbsa\/files\/2024\/09\/WhatsApp-Image-2024-09-09-at-13.07.41.jpeg\" class=\"attachment-full size-full\" alt=\"\" srcset=\"https:\/\/centros.uepb.edu.br\/ccbsa\/files\/2024\/09\/WhatsApp-Image-2024-09-09-at-13.07.41.jpeg 1200w, https:\/\/centros.uepb.edu.br\/ccbsa\/files\/2024\/09\/WhatsApp-Image-2024-09-09-at-13.07.41-300x170.jpeg 300w, https:\/\/centros.uepb.edu.br\/ccbsa\/files\/2024\/09\/WhatsApp-Image-2024-09-09-at-13.07.41-1120x635.jpeg 1120w\" sizes=\"auto, (max-width: 1200px) 100vw, 1200px\" \/><\/a>\n\t\t\t<\/dt><\/dl>\n\t\t\t<br style='clear: both' \/>\n\t\t<\/div>\n\n<p>Como parte da programa\u00e7\u00e3o do \u201cSemin\u00e1rio Incuba\u00e7\u00e3o, Tecnologia Social e Economia Popular Solid\u00e1ria\u201d, que \u00e9 realizado at\u00e9 a quarta-feira, 11 de setembro, na Universidade Federal da Para\u00edba (UFPB), a cooperativa de catadores de recicl\u00e1veis Acordo Verde, que \u00e9 acompanhada pelo Projeto de extens\u00e3o \u201cMobiliza\u00e7\u00e3o, inclus\u00e3o e forma\u00e7\u00e3o de catadores\/as de materiais recicl\u00e1veis da cidade de Jo\u00e3o Pessoa: uma experi\u00eancia necess\u00e1ria\u201d, vinculado ao C\u00e2mpus V da Universidade Estadual da Para\u00edba (UEPB), recebeu, na manh\u00e3 desta segunda-feira (9), uma visita de representantes da Secretaria Nacional de Economia Popular e Solid\u00e1ria (SENAES) vinculada ao Minist\u00e9rio do Trabalho e Emprego.<\/p>\n<p>Al\u00e9m da idealizadora do Projeto de Catadores e docente aposentada da UEPB, professora F\u00e1tima Ara\u00fajo, do atual coordenador do Projeto, professor Vancarder Brito, da assessora jur\u00eddica e docente da UEPB, Martha Simone e da equipe de discentes vinculada a essa iniciativa, o evento reuniu a representante do Acordo Verde, Maria Dionnys Oliveira; a assessora especial de economia solid\u00e1ria da SENAES, Tatiana Souza; a diretora de Projetos da SENAES, Renata Studart; os representantes da pro-reitoria de extens\u00e3o da UEPB, Aldo Branquinho e Thamara Souza; o promotor do Minist\u00e9rio P\u00fablico Federal, Jos\u00e9 Godoy; a secret\u00e1ria de Desenvolvimento Social de Jo\u00e3o Pessoa, Norma Gouveia; o Secret\u00e1rio Executivo de Seguran\u00e7a Alimentar e Economia Solidaria, Roberto Beltr\u00e3o; a coordenadora do setor jur\u00eddico da Empresa Municipal de Limpeza Urbana (EMLUR), Lu\u00edza Fernandes, al\u00e9m de representantes de Institui\u00e7\u00f5es de Ensino Superior do Estado, participantes do Semin\u00e1rio e catadores de recicl\u00e1veis.<\/p>\n<p>Na ocasi\u00e3o, a professora F\u00e1tima Ara\u00fajo relembrou a trajet\u00f3ria desenvolvida com os catadores nos mais de 10 anos de atua\u00e7\u00e3o do Projeto da UEPB que viabilizou a mobiliza\u00e7\u00e3o dos catadores, formaliza\u00e7\u00e3o da cooperativa, alfabetiza\u00e7\u00e3o de catadores, orienta\u00e7\u00e3o cont\u00e1bil e administrativa, aquisi\u00e7\u00e3o de recursos materiais como balan\u00e7as, prensas, carrinhos e um caminh\u00e3o para auxiliar na coleta. Segundo Aldo Branquinho, esse trabalho \u00e9 que faz com que esse modelo implementado pela Cooperativa Acordo Verde seja escolhido para receber a visita a equipe da SENAES, por ser uma refer\u00eancia n\u00e3o apenas do ponto de vista da gera\u00e7\u00e3o de renda, mas, sob o aspecto da preserva\u00e7\u00e3o ambiental e no que est\u00e1 relacionado \u00e0 agenda 2030 dos Objetivos de Desenvolvimento Sustent\u00e1vel.<\/p>\n<p>Para a presidente da Cooperativa Acordo Verde, Maria Dionnys Oliveira, a visita \u00e9 uma oportunidade de proporcionar maior visibilidade e atrair melhores condi\u00e7\u00f5es de trabalho para os catadores. Com 42 cooperados e cinco a sete toneladas coletadas por m\u00eas, o grupo conta com o apoio da UEPB, que auxiliou na regulamenta\u00e7\u00e3o da Cooperativa, e realiza articula\u00e7\u00f5es junto a outras Institui\u00e7\u00f5es como o Minist\u00e9rio P\u00fablico, para proporcionar melhores condi\u00e7\u00f5es de trabalho e de vida para os catadores de Jo\u00e3o Pessoa.<\/p>\n<p>Essa atua\u00e7\u00e3o em rede, de acordo com Tatiana Souza, \u00e9 o que proporcionou o fortalecimento dessa iniciativa, e a aproxima\u00e7\u00e3o com a Universidade permite a esse p\u00fablico de catadores vislumbrar novas potencialidades e perspectivas de vida, com base, por exemplo, na continuidade do estudo. \u00c9 o que tamb\u00e9m avalia Renata Studart ao evidenciar que essas institui\u00e7\u00f5es sobreviveram a seis anos sem apoio do Governo Federal sobretudo com base na organiza\u00e7\u00e3o coletiva. A diretora de Projetos da SENAES explica que o deslocamento da equipe governamental para conhecer as atividades desenvolvidas na Para\u00edba visa conhecer a realidade destas Institui\u00e7\u00f5es que s\u00e3o o retrato do protagonismo e do poder transformador de vidas inerente \u00e0s experi\u00eancias de economia solid\u00e1ria.<\/p>\n<p>O Projeto \u201cMobiliza\u00e7\u00e3o, inclus\u00e3o e forma\u00e7\u00e3o de catadores\/as de materiais recicl\u00e1veis da cidade de Jo\u00e3o Pes-soa: uma experi\u00eancia necess\u00e1ria\u201d, desenvolve atividades que s\u00e3o acompanhadas por docentes da UEPB e dis-centes do curso de Ci\u00eancias Biol\u00f3gicas, do C\u00e2mpus V da Institui\u00e7\u00e3o, vinculados ao componente curricular \u201cEdu-ca\u00e7\u00e3o Ambiental\u201d. O projeto ainda tem o objetivo ainda de orientar os catadores sobre a import\u00e2ncia de se trabalhar em associa\u00e7\u00f5es e cooperativas visando \u00e0 supera\u00e7\u00e3o da explora\u00e7\u00e3o do seu trabalho. Al\u00e9m de inseri-los nos diversos programas sociais como projetos de alfabetiza\u00e7\u00e3o, programas de economia solid\u00e1ria, programas de alimenta\u00e7\u00e3o, a exemplo do Mesa Brasil, e a inclus\u00e3o no Cad\u00fanico.<\/p>\n<p><strong>Texto e fotos:<\/strong> <em>Juliana Marques<\/em><\/p>\n","protected":false},"excerpt":{"rendered":"<p>Como parte da programa\u00e7\u00e3o do \u201cSemin\u00e1rio Incuba\u00e7\u00e3o, Tecnologia Social e Economia Popular Solid\u00e1ria\u201d, que \u00e9 realizado at\u00e9 a quarta-feira, 11 de setembro, na Universidade Federal da Para\u00edba (UFPB), a cooperativa de catadores de recicl\u00e1veis Acordo Verde, que \u00e9 acompanhada pelo Projeto de extens\u00e3o \u201cMobiliza\u00e7\u00e3o, inclus\u00e3o e forma\u00e7\u00e3o de catadores\/as de materiais recicl\u00e1veis da cidade de <a class=\"leiamais\" href=\"https:\/\/centros.uepb.edu.br\/ccbsa\/cooperativa-de-catadores-acompanhada-por-projeto-da-uepb-recebe-visita-tecnica-de-equipe-do-governo-federal\/\">Leia Mais&#8230;<\/a><\/p>\n","protected":false},"author":8,"featured_media":11223,"comment_status":"closed","ping_status":"closed","sticky":false,"template":"","format":"standard","meta":{"footnotes":""},"categories":[3,11],"tags":[],"class_list":["post-11222","post","type-post","status-publish","format-standard","has-post-thumbnail","hentry","category-noticias","category-noticias-destaque-img"],"jetpack_featured_media_url":"https:\/\/centros.uepb.edu.br\/ccbsa\/files\/2024\/09\/WhatsApp-Image-2024-09-09-at-18.33.02.jpeg","_links":{"self":[{"href":"https:\/\/centros.uepb.edu.br\/ccbsa\/wp-json\/wp\/v2\/posts\/11222","targetHints":{"allow":["GET"]}}],"collection":[{"href":"https:\/\/centros.uepb.edu.br\/ccbsa\/wp-json\/wp\/v2\/posts"}],"about":[{"href":"https:\/\/centros.uepb.edu.br\/ccbsa\/wp-json\/wp\/v2\/types\/post"}],"author":[{"embeddable":true,"href":"https:\/\/centros.uepb.edu.br\/ccbsa\/wp-json\/wp\/v2\/users\/8"}],"replies":[{"embeddable":true,"href":"https:\/\/centros.uepb.edu.br\/ccbsa\/wp-json\/wp\/v2\/comments?post=11222"}],"version-history":[{"count":0,"href":"https:\/\/centros.uepb.edu.br\/ccbsa\/wp-json\/wp\/v2\/posts\/11222\/revisions"}],"wp:featuredmedia":[{"embeddable":true,"href":"https:\/\/centros.uepb.edu.br\/ccbsa\/wp-json\/wp\/v2\/media\/11223"}],"wp:attachment":[{"href":"https:\/\/centros.uepb.edu.br\/ccbsa\/wp-json\/wp\/v2\/media?parent=11222"}],"wp:term":[{"taxonomy":"category","embeddable":true,"href":"https:\/\/centros.uepb.edu.br\/ccbsa\/wp-json\/wp\/v2\/categories?post=11222"},{"taxonomy":"post_tag","embeddable":true,"href":"https:\/\/centros.uepb.edu.br\/ccbsa\/wp-json\/wp\/v2\/tags?post=11222"}],"curies":[{"name":"wp","href":"https:\/\/api.w.org\/{rel}","templated":true}]}}