{"id":11212,"date":"2024-09-06T17:27:31","date_gmt":"2024-09-06T17:27:31","guid":{"rendered":"https:\/\/centros.uepb.edu.br\/ccbsa\/?p=11212"},"modified":"2024-09-06T18:39:05","modified_gmt":"2024-09-06T18:39:05","slug":"programa-de-pos-graduacao-em-relacoes-internacionais-promove-palestra-sobre","status":"publish","type":"post","link":"https:\/\/centros.uepb.edu.br\/ccbsa\/programa-de-pos-graduacao-em-relacoes-internacionais-promove-palestra-sobre\/","title":{"rendered":"Mestrado em Rela\u00e7\u00f5es Internacionais promove palestra sobre os desafios e oportunidades da Intelig\u00eancia Artificial"},"content":{"rendered":"<div dir=\"ltr\"><a href=\"https:\/\/centros.uepb.edu.br\/ccbsa\/files\/2024\/09\/Design-sem-nome-1.jpg\"><img loading=\"lazy\" decoding=\"async\" class=\"aligncenter size-full wp-image-11214 img-responsive\" src=\"https:\/\/centros.uepb.edu.br\/ccbsa\/files\/2024\/09\/Design-sem-nome-1.jpg\" alt=\"\" width=\"1200\" height=\"680\" srcset=\"https:\/\/centros.uepb.edu.br\/ccbsa\/files\/2024\/09\/Design-sem-nome-1.jpg 1200w, https:\/\/centros.uepb.edu.br\/ccbsa\/files\/2024\/09\/Design-sem-nome-1-300x170.jpg 300w, https:\/\/centros.uepb.edu.br\/ccbsa\/files\/2024\/09\/Design-sem-nome-1-1120x635.jpg 1120w\" sizes=\"auto, (max-width: 1200px) 100vw, 1200px\" \/><\/a><\/div>\n<div dir=\"ltr\">\n<p>O Programa de P\u00f3s-Gradua\u00e7\u00e3o em Rela\u00e7\u00f5es Internacionais (PPGRI) da Universidade Estadual da Para\u00edba (UEPB) promove, na ter\u00e7a-feira, 10 de setembro, \u00e0s 14h, no audit\u00f3rio Pioneiros, a palestra \u201cDesafios e Oportunidades da Intelig\u00eancia Artificial Moderna\u201d, ministrada pelo professor da Universidade Federal de Campina Grande, Cl\u00e1udio Baptista.<\/p>\n<p>Nesta palestra ser\u00e1 apresentada a evolu\u00e7\u00e3o da Intelig\u00eancia Artificial, o seu uso em diversas aplica\u00e7\u00f5es, incluindo o Direito, os aspectos \u00c9ticos e de Seguran\u00e7a.\u2028\u2028O ministrante da palestra \u00e9 PhD em Computer Science pela University of Kent na Inglaterra, mestre em Ci\u00eancia da Computa\u00e7\u00e3o pela UFPB e professor do Departamento de Sistemas e Computa\u00e7\u00e3o UFCG. Al\u00e9m disso, atua no Programa de P\u00f3s-Gradua\u00e7\u00e3o em Ci\u00eancia da Computa\u00e7\u00e3o da UFCG e como coordenador do Laborat\u00f3rio de Sistemas de Informa\u00e7\u00e3o (LSI) da UFCG.<\/p>\n<p>O evento \u00e9 aberto ao p\u00fablico interessado na tem\u00e1tica e requer inscri\u00e7\u00f5es pr\u00e9vias realizadas via <a href=\"https:\/\/docs.google.com\/forms\/d\/e\/1FAIpQLSfY648Bv5gZAJW82csgeQin91y47YiZprFk08D5aKgF_EA3UA\/viewform\">formul\u00e1rio eletr\u00f4nico<\/a>.<\/p>\n<\/div>\n","protected":false},"excerpt":{"rendered":"<p>O Programa de P\u00f3s-Gradua\u00e7\u00e3o em Rela\u00e7\u00f5es Internacionais (PPGRI) da Universidade Estadual da Para\u00edba (UEPB) promove, na ter\u00e7a-feira, 10 de setembro, \u00e0s 14h, no audit\u00f3rio Pioneiros, a palestra \u201cDesafios e Oportunidades da Intelig\u00eancia Artificial Moderna\u201d, ministrada pelo professor da Universidade Federal de Campina Grande, Cl\u00e1udio Baptista. Nesta palestra ser\u00e1 apresentada a evolu\u00e7\u00e3o da Intelig\u00eancia Artificial, o <a class=\"leiamais\" href=\"https:\/\/centros.uepb.edu.br\/ccbsa\/programa-de-pos-graduacao-em-relacoes-internacionais-promove-palestra-sobre\/\">Leia Mais&#8230;<\/a><\/p>\n","protected":false},"author":8,"featured_media":11214,"comment_status":"closed","ping_status":"closed","sticky":false,"template":"","format":"standard","meta":{"footnotes":""},"categories":[3,11],"tags":[],"class_list":["post-11212","post","type-post","status-publish","format-standard","has-post-thumbnail","hentry","category-noticias","category-noticias-destaque-img"],"jetpack_featured_media_url":"https:\/\/centros.uepb.edu.br\/ccbsa\/files\/2024\/09\/Design-sem-nome-1.jpg","_links":{"self":[{"href":"https:\/\/centros.uepb.edu.br\/ccbsa\/wp-json\/wp\/v2\/posts\/11212","targetHints":{"allow":["GET"]}}],"collection":[{"href":"https:\/\/centros.uepb.edu.br\/ccbsa\/wp-json\/wp\/v2\/posts"}],"about":[{"href":"https:\/\/centros.uepb.edu.br\/ccbsa\/wp-json\/wp\/v2\/types\/post"}],"author":[{"embeddable":true,"href":"https:\/\/centros.uepb.edu.br\/ccbsa\/wp-json\/wp\/v2\/users\/8"}],"replies":[{"embeddable":true,"href":"https:\/\/centros.uepb.edu.br\/ccbsa\/wp-json\/wp\/v2\/comments?post=11212"}],"version-history":[{"count":0,"href":"https:\/\/centros.uepb.edu.br\/ccbsa\/wp-json\/wp\/v2\/posts\/11212\/revisions"}],"wp:featuredmedia":[{"embeddable":true,"href":"https:\/\/centros.uepb.edu.br\/ccbsa\/wp-json\/wp\/v2\/media\/11214"}],"wp:attachment":[{"href":"https:\/\/centros.uepb.edu.br\/ccbsa\/wp-json\/wp\/v2\/media?parent=11212"}],"wp:term":[{"taxonomy":"category","embeddable":true,"href":"https:\/\/centros.uepb.edu.br\/ccbsa\/wp-json\/wp\/v2\/categories?post=11212"},{"taxonomy":"post_tag","embeddable":true,"href":"https:\/\/centros.uepb.edu.br\/ccbsa\/wp-json\/wp\/v2\/tags?post=11212"}],"curies":[{"name":"wp","href":"https:\/\/api.w.org\/{rel}","templated":true}]}}