{"id":11206,"date":"2024-09-06T12:15:23","date_gmt":"2024-09-06T12:15:23","guid":{"rendered":"https:\/\/centros.uepb.edu.br\/ccbsa\/?p=11206"},"modified":"2024-09-06T12:15:31","modified_gmt":"2024-09-06T12:15:31","slug":"equipe-da-uepb-recebe-visita-de-fabricantes-de-tecnologias-assistivas-que-podem-ser-implementadas-na-instituicao","status":"publish","type":"post","link":"https:\/\/centros.uepb.edu.br\/ccbsa\/equipe-da-uepb-recebe-visita-de-fabricantes-de-tecnologias-assistivas-que-podem-ser-implementadas-na-instituicao\/","title":{"rendered":"Equipe da UEPB recebe visita de fabricantes de tecnologias assistivas que podem ser implementadas na Institui\u00e7\u00e3o"},"content":{"rendered":"\n\t\t<style type=\"text\/css\">\n\t\t\t#gallery-1 {\n\t\t\t\tmargin: auto;\n\t\t\t}\n\t\t\t#gallery-1 .gallery-item {\n\t\t\t\tfloat: left;\n\t\t\t\tmargin-top: 10px;\n\t\t\t\ttext-align: center;\n\t\t\t\twidth: 33%;\n\t\t\t}\n\t\t\t#gallery-1 img {\n\t\t\t\tborder: 2px solid #cfcfcf;\n\t\t\t}\n\t\t\t#gallery-1 .gallery-caption {\n\t\t\t\tmargin-left: 0;\n\t\t\t}\n\t\t\t\/* see gallery_shortcode() in wp-includes\/media.php *\/\n\t\t<\/style>\n\t\t<div id='gallery-1' class='gallery galleryid-11206 gallery-columns-3 gallery-size-full'><dl class='gallery-item'>\n\t\t\t<dt class='gallery-icon landscape'>\n\t\t\t\t<a href='https:\/\/centros.uepb.edu.br\/ccbsa\/files\/2024\/09\/WhatsApp-Image-2024-09-05-at-11.05.32.jpeg'><img loading=\"lazy\" decoding=\"async\" width=\"1192\" height=\"941\" src=\"https:\/\/centros.uepb.edu.br\/ccbsa\/files\/2024\/09\/WhatsApp-Image-2024-09-05-at-11.05.32.jpeg\" class=\"attachment-full size-full\" alt=\"\" srcset=\"https:\/\/centros.uepb.edu.br\/ccbsa\/files\/2024\/09\/WhatsApp-Image-2024-09-05-at-11.05.32.jpeg 1192w, https:\/\/centros.uepb.edu.br\/ccbsa\/files\/2024\/09\/WhatsApp-Image-2024-09-05-at-11.05.32-300x237.jpeg 300w, https:\/\/centros.uepb.edu.br\/ccbsa\/files\/2024\/09\/WhatsApp-Image-2024-09-05-at-11.05.32-1008x796.jpeg 1008w\" sizes=\"auto, (max-width: 1192px) 100vw, 1192px\" \/><\/a>\n\t\t\t<\/dt><\/dl><dl class='gallery-item'>\n\t\t\t<dt class='gallery-icon landscape'>\n\t\t\t\t<a href='https:\/\/centros.uepb.edu.br\/ccbsa\/files\/2024\/09\/WhatsApp-Image-2024-09-04-at-16.07.15-1.jpeg'><img loading=\"lazy\" decoding=\"async\" width=\"1200\" height=\"680\" src=\"https:\/\/centros.uepb.edu.br\/ccbsa\/files\/2024\/09\/WhatsApp-Image-2024-09-04-at-16.07.15-1.jpeg\" class=\"attachment-full size-full\" alt=\"\" srcset=\"https:\/\/centros.uepb.edu.br\/ccbsa\/files\/2024\/09\/WhatsApp-Image-2024-09-04-at-16.07.15-1.jpeg 1200w, https:\/\/centros.uepb.edu.br\/ccbsa\/files\/2024\/09\/WhatsApp-Image-2024-09-04-at-16.07.15-1-300x170.jpeg 300w, https:\/\/centros.uepb.edu.br\/ccbsa\/files\/2024\/09\/WhatsApp-Image-2024-09-04-at-16.07.15-1-1120x635.jpeg 1120w\" sizes=\"auto, (max-width: 1200px) 100vw, 1200px\" \/><\/a>\n\t\t\t<\/dt><\/dl>\n\t\t\t<br style='clear: both' \/>\n\t\t<\/div>\n\n<p align=\"justify\">Uma equipe de docentes e t\u00e9cnicos-administrativos da Universidade Estadual da Para\u00edba que acompanha as a\u00e7\u00f5es implementadas na Institui\u00e7\u00e3o com foco na inclus\u00e3o e acessibilidade recebeu nesta quarta-feira (4), no C\u00e2mpus V da UEPB, uma visita de um representante da empresa Tecassistiva, uma das maiores das distribuidoras internacionais de Tecnologia Assistiva.<\/p>\n<p align=\"justify\">Participaram da reuni\u00e3o a coordenadora geral do Sistema Integrado de Bibliotecas (SIB) da UEPB, Fernanda Mirelle Silva; a assessora da reitoria da UEPB e docente do C\u00e2mpus V, Martha Simone; o representante do N\u00facleo de Acessibilidade e Inclus\u00e3o (NAI\/UEPB), Alindenbergue Oliveira; as integrantes da Comiss\u00e3o de Inclus\u00e3o e Acessibilidade em Ambientes das Bibliotecas (CIAAB) da UEPB, Ana L\u00facia Santos e Milena Borges; a professora do curso de Arquivologia, Ismaelly Trajano e o representante da Tecassistiva, Joelson Souza.<\/p>\n<p align=\"justify\">Na oportunidade, foram apresentadas algumas tecnologias assistivas para o desenvolvimento dos projetos de educa\u00e7\u00e3o inclusiva voltada a pessoas com defici\u00eancia, transtorno do espectro autista e altas habilidades ou superdota\u00e7\u00e3o. De acordo com a bibliotec\u00e1ria Fernanda Mirelle, essa iniciativa integra uma s\u00e9rie de a\u00e7\u00f5es implementadas pela gest\u00e3o Institucional para possibilitar uma educa\u00e7\u00e3o inclusiva a todas as pessoas que integram a comunidade acad\u00eamica da UEPB.<\/p>\n<p align=\"justify\">\u201cTivemos um di\u00e1logo articulado e esperan\u00e7oso sobre novas atua\u00e7\u00f5es e espa\u00e7os de inclus\u00e3o e acessibilidade que sejam refer\u00eancia ao C\u00e2mpus V e toda a UEPB, na perspectiva de contribui\u00e7\u00e3o e impacto social na Para\u00edba. Conhecemos equipamentos com tecnologias assistivas que beneficiam pessoas com defici\u00eancia, e que podem capacitar toda a sociedade para ampla intera\u00e7\u00e3o e possibilidades de maior inclus\u00e3o\u201d, avalia Fernanda.<\/p>\n<p align=\"justify\">Para Alindenbergue Oliveira, que \u00e9 deficiente visual, a reuni\u00e3o \u201cfoi uma experi\u00eancia muito importante para verificar os equipamentos, tateandos-os e ouvindo as explana\u00e7\u00f5es pelo t\u00e9cnico Joelson, o qual apresentou cada produto e enfatizou sua import\u00e2ncia de t\u00ea-los em institui\u00e7\u00f5es educacionais, como em n\u00facleos e bibliotecas, proporcionando maior inclus\u00e3o e acessibilidade para tais atores sociais\u201d, avaliou.<\/p>\n<p align=\"justify\">A bibliotec\u00e1ria Ana L\u00facia, que tamb\u00e9m possui defici\u00eancia visual, acrescentou que a reuni\u00e3o foi um momento rico de conhecimentos de servi\u00e7os e produtos. \u201cNeste nosso processo cont\u00ednuo de acessibilizar para incluir, \u00e9 gratificante o contato direto com produtos e servi\u00e7os como facilitador para desenvolvimento dos projetos para pessoas com defici\u00eancia, transtorno do espectro autista e altas habilidades ou superdota\u00e7\u00e3o, com vista a fortalecer e ampliar o processo de inclus\u00e3o na UEPB\u201d, explica.<\/p>\n<p align=\"justify\">Com a inclus\u00e3o como um dos princ\u00edpios norteadores de suas atividades, a UEPB conta com diversas iniciativas com foco na inclus\u00e3o e acessibilidade. Vinculado ao Departamento de Educa\u00e7\u00e3o do C\u00e2mpus I, o NAI \u00e9 uma destas iniciativas. Criado para realizar o atendimento s\u00f3cio -pedag\u00f3gico voltado \u00e0 garantia do desenvolvimento cognitivo, afetivo e social de discentes com defici\u00eancia, Transtorno Global do Desenvolvimento e Altas Habilidades matriculados na UEPB e em suas institui\u00e7\u00f5es parceiras, o NAI atua mediante projetos de extens\u00e3o e de pesquisa, na busca da supera\u00e7\u00e3o de barreiras, amplia\u00e7\u00e3o e consolida\u00e7\u00e3o da cidadania.<\/p>\n<p align=\"justify\">A CIAAB que atua no C\u00e2mpus V tamb\u00e9m \u00e9 respons\u00e1vel por iniciativas extensionistas e projetos que buscam proporcionar a inclus\u00e3o de pessoas com defici\u00eancia. Uma dessas a\u00e7\u00f5es \u00e9 o Braillevery, uma proposta liderada pela equipe da UEPB, em parceria com a biblioteca da Funda\u00e7\u00e3o espa\u00e7o Cultural da Para\u00edba (Funesc), Servi\u00e7o de Inclus\u00e3o de Usu\u00e1rios com Defici\u00eancia da Biblioteca Central da UFPB e Instituto dos Cegos da Para\u00edba. O projeto consiste num servi\u00e7o de empr\u00e9stimo de livros em braille para pessoas com defici\u00eancia, com acesso a diversos t\u00edtulos em diferentes bibliotecas.<\/p>\n<p align=\"justify\"><strong>Texto:<\/strong> <em>Juliana Marques.<\/em><\/p>\n","protected":false},"excerpt":{"rendered":"<p>Uma equipe de docentes e t\u00e9cnicos-administrativos da Universidade Estadual da Para\u00edba que acompanha as a\u00e7\u00f5es implementadas na Institui\u00e7\u00e3o com foco na inclus\u00e3o e acessibilidade recebeu nesta quarta-feira (4), no C\u00e2mpus V da UEPB, uma visita de um representante da empresa Tecassistiva, uma das maiores das distribuidoras internacionais de Tecnologia Assistiva. Participaram da reuni\u00e3o a coordenadora <a class=\"leiamais\" href=\"https:\/\/centros.uepb.edu.br\/ccbsa\/equipe-da-uepb-recebe-visita-de-fabricantes-de-tecnologias-assistivas-que-podem-ser-implementadas-na-instituicao\/\">Leia Mais&#8230;<\/a><\/p>\n","protected":false},"author":8,"featured_media":11207,"comment_status":"closed","ping_status":"closed","sticky":false,"template":"","format":"standard","meta":{"footnotes":""},"categories":[3,11],"tags":[],"class_list":["post-11206","post","type-post","status-publish","format-standard","has-post-thumbnail","hentry","category-noticias","category-noticias-destaque-img"],"jetpack_featured_media_url":"https:\/\/centros.uepb.edu.br\/ccbsa\/files\/2024\/09\/WhatsApp-Image-2024-09-04-at-16.07.15.jpeg","_links":{"self":[{"href":"https:\/\/centros.uepb.edu.br\/ccbsa\/wp-json\/wp\/v2\/posts\/11206","targetHints":{"allow":["GET"]}}],"collection":[{"href":"https:\/\/centros.uepb.edu.br\/ccbsa\/wp-json\/wp\/v2\/posts"}],"about":[{"href":"https:\/\/centros.uepb.edu.br\/ccbsa\/wp-json\/wp\/v2\/types\/post"}],"author":[{"embeddable":true,"href":"https:\/\/centros.uepb.edu.br\/ccbsa\/wp-json\/wp\/v2\/users\/8"}],"replies":[{"embeddable":true,"href":"https:\/\/centros.uepb.edu.br\/ccbsa\/wp-json\/wp\/v2\/comments?post=11206"}],"version-history":[{"count":0,"href":"https:\/\/centros.uepb.edu.br\/ccbsa\/wp-json\/wp\/v2\/posts\/11206\/revisions"}],"wp:featuredmedia":[{"embeddable":true,"href":"https:\/\/centros.uepb.edu.br\/ccbsa\/wp-json\/wp\/v2\/media\/11207"}],"wp:attachment":[{"href":"https:\/\/centros.uepb.edu.br\/ccbsa\/wp-json\/wp\/v2\/media?parent=11206"}],"wp:term":[{"taxonomy":"category","embeddable":true,"href":"https:\/\/centros.uepb.edu.br\/ccbsa\/wp-json\/wp\/v2\/categories?post=11206"},{"taxonomy":"post_tag","embeddable":true,"href":"https:\/\/centros.uepb.edu.br\/ccbsa\/wp-json\/wp\/v2\/tags?post=11206"}],"curies":[{"name":"wp","href":"https:\/\/api.w.org\/{rel}","templated":true}]}}