{"id":11185,"date":"2024-08-30T16:32:09","date_gmt":"2024-08-30T16:32:09","guid":{"rendered":"https:\/\/centros.uepb.edu.br\/ccbsa\/?p=11185"},"modified":"2024-08-30T16:32:09","modified_gmt":"2024-08-30T16:32:09","slug":"central-multiusuario-do-ccbsa-promove-evento-alusivo-aos-18-anos-do-campus-v-com-pesquisadores-do-estado","status":"publish","type":"post","link":"https:\/\/centros.uepb.edu.br\/ccbsa\/central-multiusuario-do-ccbsa-promove-evento-alusivo-aos-18-anos-do-campus-v-com-pesquisadores-do-estado\/","title":{"rendered":"Central multiusu\u00e1rio do CCBSA promove evento alusivo aos 18 anos do C\u00e2mpus V com pesquisadores do Estado"},"content":{"rendered":"\n\t\t<style type=\"text\/css\">\n\t\t\t#gallery-1 {\n\t\t\t\tmargin: auto;\n\t\t\t}\n\t\t\t#gallery-1 .gallery-item {\n\t\t\t\tfloat: left;\n\t\t\t\tmargin-top: 10px;\n\t\t\t\ttext-align: center;\n\t\t\t\twidth: 33%;\n\t\t\t}\n\t\t\t#gallery-1 img {\n\t\t\t\tborder: 2px solid #cfcfcf;\n\t\t\t}\n\t\t\t#gallery-1 .gallery-caption {\n\t\t\t\tmargin-left: 0;\n\t\t\t}\n\t\t\t\/* see gallery_shortcode() in wp-includes\/media.php *\/\n\t\t<\/style>\n\t\t<div id='gallery-1' class='gallery galleryid-11185 gallery-columns-3 gallery-size-full'><dl class='gallery-item'>\n\t\t\t<dt class='gallery-icon landscape'>\n\t\t\t\t<a href='https:\/\/centros.uepb.edu.br\/ccbsa\/files\/2024\/08\/WhatsApp-Image-2024-08-30-at-12.56.25.jpeg'><img loading=\"lazy\" decoding=\"async\" width=\"1200\" height=\"680\" src=\"https:\/\/centros.uepb.edu.br\/ccbsa\/files\/2024\/08\/WhatsApp-Image-2024-08-30-at-12.56.25.jpeg\" class=\"attachment-full size-full\" alt=\"\" srcset=\"https:\/\/centros.uepb.edu.br\/ccbsa\/files\/2024\/08\/WhatsApp-Image-2024-08-30-at-12.56.25.jpeg 1200w, https:\/\/centros.uepb.edu.br\/ccbsa\/files\/2024\/08\/WhatsApp-Image-2024-08-30-at-12.56.25-300x170.jpeg 300w, https:\/\/centros.uepb.edu.br\/ccbsa\/files\/2024\/08\/WhatsApp-Image-2024-08-30-at-12.56.25-1120x635.jpeg 1120w\" sizes=\"auto, (max-width: 1200px) 100vw, 1200px\" \/><\/a>\n\t\t\t<\/dt><\/dl><dl class='gallery-item'>\n\t\t\t<dt class='gallery-icon landscape'>\n\t\t\t\t<a href='https:\/\/centros.uepb.edu.br\/ccbsa\/files\/2024\/08\/WhatsApp-Image-2024-08-30-at-12.55.52.jpeg'><img loading=\"lazy\" decoding=\"async\" width=\"1200\" height=\"680\" src=\"https:\/\/centros.uepb.edu.br\/ccbsa\/files\/2024\/08\/WhatsApp-Image-2024-08-30-at-12.55.52.jpeg\" class=\"attachment-full size-full\" alt=\"\" srcset=\"https:\/\/centros.uepb.edu.br\/ccbsa\/files\/2024\/08\/WhatsApp-Image-2024-08-30-at-12.55.52.jpeg 1200w, https:\/\/centros.uepb.edu.br\/ccbsa\/files\/2024\/08\/WhatsApp-Image-2024-08-30-at-12.55.52-300x170.jpeg 300w, https:\/\/centros.uepb.edu.br\/ccbsa\/files\/2024\/08\/WhatsApp-Image-2024-08-30-at-12.55.52-1120x635.jpeg 1120w\" sizes=\"auto, (max-width: 1200px) 100vw, 1200px\" \/><\/a>\n\t\t\t<\/dt><\/dl>\n\t\t\t<br style='clear: both' \/>\n\t\t<\/div>\n\n<p>A Central Multiusu\u00e1rio de An\u00e1lise e Caracteriza\u00e7\u00e3o Qu\u00edmico-Biol\u00f3gica (CM-ACQuimBio), da Universidade Estadual da Para\u00edba (UEPB) promoveu, nesta quinta-feira (29), uma s\u00e9rie de atividades que integram a programa\u00e7\u00e3o alusiva aos 18 anos de funda\u00e7\u00e3o do CCBSA, com a participa\u00e7\u00e3o de estudantes, pesquisadores e professores de institui\u00e7\u00f5es de ensino e pesquisa do Estado da Para\u00edba.<\/p>\n<p>No per\u00edodo da manh\u00e3 o evento contou com a palestra \u201cExplorando o potencial t\u00e9cnico das micro-ondas: possibilidades e aplica\u00e7\u00f5es\u201d, ministrada pelo vendedor t\u00e9cnico da Anton Paar, Waldinei Teodoro. No per\u00edodo da tarde, Waldinei Teodoro e o coordenador da CM-ACQuimBio, professor Elquio Eleamen Oliveira, realizaram um treinamento sobre espectroscopia de RAMAN. O evento contou com a presen\u00e7a de mais de 30 pesquisadores. Incluindo docentes do C\u00e2mpus I e C\u00e2mpus V da UEPB e da UFPB.<\/p>\n<p>Em suas falas, o pr\u00f3-reitor de p\u00f3s-gradua\u00e7\u00e3o e pesquisa, professor Francisco Jaime e o coordenador da CM-ACQuimBio, destacaram a import\u00e2ncia da CM-ACQuimBio e do C\u00e2mpus V na forma\u00e7\u00e3o e capacita\u00e7\u00e3o de recursos humanos e na presta\u00e7\u00e3o de servi\u00e7o para a comunidade acad\u00eamica e setor produtivo do Estado.<\/p>\n<p>A Central Multiusu\u00e1rio de An\u00e1lise e Caracteriza\u00e7\u00e3o Qu\u00edmico-Biol\u00f3gica da UEPB (CM-ACQuimBio), \u00e9 uma estrutura multiuso instalada no C\u00e2mpus de Jo\u00e3o Pessoa com foco de contribui\u00e7\u00e3o potencial para \u00e1reas priorit\u00e1rias elencadas pelo Governo do Estado da Para\u00edba: Sa\u00fade, Desenvolvimento Regional Sustent\u00e1vel, e Arranjos Produtivos Locais. A CM-ACQuimBio tamb\u00e9m apresenta um ambiente favor\u00e1vel ao desenvolvimento cient\u00edfico e tecnol\u00f3gico e de inova\u00e7\u00e3o, fornecendo \u00e0 comunidade cient\u00edfica a possibilidade de realiza\u00e7\u00e3o de an\u00e1lises qu\u00edmicas, farmac\u00eauticas, biol\u00f3gicas, entre outras, de acordo com a tem\u00e1tica dos equipamentos dispon\u00edveis.<\/p>\n<p>Outras informa\u00e7\u00f5es sobre a CM-ACQuimBio: <a href=\"https:\/\/laboratorios.uepb.edu.br\/cm-acquimbio\/\">https:\/\/laboratorios.uepb.edu.br\/cm-acquimbio\/<\/a>.<\/p>\n","protected":false},"excerpt":{"rendered":"<p>A Central Multiusu\u00e1rio de An\u00e1lise e Caracteriza\u00e7\u00e3o Qu\u00edmico-Biol\u00f3gica (CM-ACQuimBio), da Universidade Estadual da Para\u00edba (UEPB) promoveu, nesta quinta-feira (29), uma s\u00e9rie de atividades que integram a programa\u00e7\u00e3o alusiva aos 18 anos de funda\u00e7\u00e3o do CCBSA, com a participa\u00e7\u00e3o de estudantes, pesquisadores e professores de institui\u00e7\u00f5es de ensino e pesquisa do Estado da Para\u00edba. No per\u00edodo <a class=\"leiamais\" href=\"https:\/\/centros.uepb.edu.br\/ccbsa\/central-multiusuario-do-ccbsa-promove-evento-alusivo-aos-18-anos-do-campus-v-com-pesquisadores-do-estado\/\">Leia Mais&#8230;<\/a><\/p>\n","protected":false},"author":8,"featured_media":11186,"comment_status":"closed","ping_status":"closed","sticky":false,"template":"","format":"standard","meta":{"footnotes":""},"categories":[3,11],"tags":[],"class_list":["post-11185","post","type-post","status-publish","format-standard","has-post-thumbnail","hentry","category-noticias","category-noticias-destaque-img"],"jetpack_featured_media_url":"https:\/\/centros.uepb.edu.br\/ccbsa\/files\/2024\/08\/WhatsApp-Image-2024-08-30-at-12.56.25.jpeg","_links":{"self":[{"href":"https:\/\/centros.uepb.edu.br\/ccbsa\/wp-json\/wp\/v2\/posts\/11185","targetHints":{"allow":["GET"]}}],"collection":[{"href":"https:\/\/centros.uepb.edu.br\/ccbsa\/wp-json\/wp\/v2\/posts"}],"about":[{"href":"https:\/\/centros.uepb.edu.br\/ccbsa\/wp-json\/wp\/v2\/types\/post"}],"author":[{"embeddable":true,"href":"https:\/\/centros.uepb.edu.br\/ccbsa\/wp-json\/wp\/v2\/users\/8"}],"replies":[{"embeddable":true,"href":"https:\/\/centros.uepb.edu.br\/ccbsa\/wp-json\/wp\/v2\/comments?post=11185"}],"version-history":[{"count":0,"href":"https:\/\/centros.uepb.edu.br\/ccbsa\/wp-json\/wp\/v2\/posts\/11185\/revisions"}],"wp:featuredmedia":[{"embeddable":true,"href":"https:\/\/centros.uepb.edu.br\/ccbsa\/wp-json\/wp\/v2\/media\/11186"}],"wp:attachment":[{"href":"https:\/\/centros.uepb.edu.br\/ccbsa\/wp-json\/wp\/v2\/media?parent=11185"}],"wp:term":[{"taxonomy":"category","embeddable":true,"href":"https:\/\/centros.uepb.edu.br\/ccbsa\/wp-json\/wp\/v2\/categories?post=11185"},{"taxonomy":"post_tag","embeddable":true,"href":"https:\/\/centros.uepb.edu.br\/ccbsa\/wp-json\/wp\/v2\/tags?post=11185"}],"curies":[{"name":"wp","href":"https:\/\/api.w.org\/{rel}","templated":true}]}}